{"id":79149,"date":"2025-05-19T06:45:45","date_gmt":"2025-05-19T04:45:45","guid":{"rendered":"https:\/\/www.infokuryr.cz\/n\/?p=79149"},"modified":"2025-05-19T06:45:45","modified_gmt":"2025-05-19T04:45:45","slug":"slepici-extaze-domovnice-nemcove-jak-dlouho-zije-v-bohnicich-kdo-tyhle-extremistky-bezmozkove-volil","status":"publish","type":"post","link":"https:\/\/www.infokuryr.cz\/n\/2025\/05\/19\/slepici-extaze-domovnice-nemcove-jak-dlouho-zije-v-bohnicich-kdo-tyhle-extremistky-bezmozkove-volil\/","title":{"rendered":"Slepi\u010d\u00ed ext\u00e1ze domovnice N\u011bmcov\u00e9: jak dlouho \u017eije v Bohnic\u00edch? Kdo tyhle extremistky bezmozkov\u00e9 volil?"},"content":{"rendered":"<div id=\"fb-root\"><\/div>\n<h4>Ukrajinsk\u00e1 kultura pronikla do \u010cesk\u00e9 televize. Zelensk\u00fd pos\u00edl\u00e1 eurosoudru\u017ece N\u011bmcov\u00e9 vzletn\u00fd polibek. N\u011bmcov\u00e1 v ext\u00e1zi &#8222;Delirium tremens&#8220;!<\/h4>\n<div style=\"width: 640px;\" class=\"wp-video\"><!--[if lt IE 9]><script>document.createElement('video');<\/script><![endif]-->\n<video class=\"wp-video-shortcode\" id=\"video-79149-1\" width=\"640\" height=\"465\" preload=\"metadata\" controls=\"controls\"><source type=\"video\/mp4\" src=\"http:\/\/www.infokuryr.cz\/n\/wp-content\/uploads\/2025\/05\/nemcova-kniha.mp4?_=1\" \/><a href=\"http:\/\/www.infokuryr.cz\/n\/wp-content\/uploads\/2025\/05\/nemcova-kniha.mp4\">http:\/\/www.infokuryr.cz\/n\/wp-content\/uploads\/2025\/05\/nemcova-kniha.mp4<\/a><\/video><\/div>\n<p>&nbsp;<\/p>\n<p>Pro\u010d j\u00ed z \u010cesk\u00e9 televize neodvezli rovnou na vy\u0161et\u0159en\u00ed mozkov\u00fdch z\u00e1vit\u016f? Ona je bl\u00e1zen? A druh\u00e1 \u0159ve a je\u010d\u00ed, \u017ee nem\u016f\u017ee p\u0159e\u0159vat, kdy\u017e v\u0159\u00edsk\u00e1 na cel\u00e9 kolo? To je demence!<\/p>\n<p>A dementn\u00ed N\u011bmcov\u00e1 to korunovala slov\u00ed\u010dkem: &#8222;tak&#8220; s v\u00edt\u011bzn\u00fdm pohledem v\u00edt\u011bzn\u00e9 bojovnice&#8230;<\/p>\n<p>To nen\u00ed f\u00e9r, nasadit ke Kone\u010dn\u00e9 vypatlan\u00e9 extremistky a Kone\u010dn\u00e1 m\u00e1 body zadarmo!<\/p>\n<p><img decoding=\"async\" class=\"aligncenter\" src=\"https:\/\/www.skrytapravda.cz\/images\/blogy\/805\/2025\/5kv%C4%9Bten\/dem_nem_74f02.webp\" alt=\"dem nem 74f02\" \/><\/p>\n<p><a href=\"https:\/\/www.skrytapravda.cz\/z-domova\/2572-slepici-extaze-domovnice-nemcove-jak-dlouho-zije-v-bohnicich-kdo-tyhle-extremistky-bezmozkove-volil\">Petr Pokorn\u00fd<\/a><\/p>\n","protected":false},"excerpt":{"rendered":"<p>Ukrajinsk\u00e1 kultura pronikla do \u010cesk\u00e9 televize. Zelensk\u00fd pos\u00edl\u00e1 eurosoudru\u017ece N\u011bmcov\u00e9 vzletn\u00fd polibek. N\u011bmcov\u00e1 v ext\u00e1zi&#8230;<\/p>\n","protected":false},"author":2,"featured_media":79151,"comment_status":"closed","ping_status":"closed","sticky":false,"template":"","format":"standard","meta":[],"categories":[6],"tags":[662,1503,864,889],"_links":{"self":[{"href":"https:\/\/www.infokuryr.cz\/n\/wp-json\/wp\/v2\/posts\/79149"}],"collection":[{"href":"https:\/\/www.infokuryr.cz\/n\/wp-json\/wp\/v2\/posts"}],"about":[{"href":"https:\/\/www.infokuryr.cz\/n\/wp-json\/wp\/v2\/types\/post"}],"author":[{"embeddable":true,"href":"https:\/\/www.infokuryr.cz\/n\/wp-json\/wp\/v2\/users\/2"}],"replies":[{"embeddable":true,"href":"https:\/\/www.infokuryr.cz\/n\/wp-json\/wp\/v2\/comments?post=79149"}],"version-history":[{"count":0,"href":"https:\/\/www.infokuryr.cz\/n\/wp-json\/wp\/v2\/posts\/79149\/revisions"}],"wp:featuredmedia":[{"embeddable":true,"href":"https:\/\/www.infokuryr.cz\/n\/wp-json\/wp\/v2\/media\/79151"}],"wp:attachment":[{"href":"https:\/\/www.infokuryr.cz\/n\/wp-json\/wp\/v2\/media?parent=79149"}],"wp:term":[{"taxonomy":"category","embeddable":true,"href":"https:\/\/www.infokuryr.cz\/n\/wp-json\/wp\/v2\/categories?post=79149"},{"taxonomy":"post_tag","embeddable":true,"href":"https:\/\/www.infokuryr.cz\/n\/wp-json\/wp\/v2\/tags?post=79149"}],"curies":[{"name":"wp","href":"https:\/\/api.w.org\/{rel}","templated":true}]}}