{"id":79142,"date":"2025-05-19T06:34:14","date_gmt":"2025-05-19T04:34:14","guid":{"rendered":"https:\/\/www.infokuryr.cz\/n\/?p=79142"},"modified":"2025-05-19T06:34:14","modified_gmt":"2025-05-19T04:34:14","slug":"jindrich-kulhavy-to-byla-zase-ostuda","status":"publish","type":"post","link":"https:\/\/www.infokuryr.cz\/n\/2025\/05\/19\/jindrich-kulhavy-to-byla-zase-ostuda\/","title":{"rendered":"Jind\u0159ich Kulhav\u00fd: To byla zase ostuda"},"content":{"rendered":"<div id=\"fb-root\"><\/div>\n<p><strong><span class=\"anotation\">Ot\u00e1zky V\u00e1clava Moravce je po\u0159ad, na kter\u00fd se dlouhodob\u011b ned\u00e1 d\u00edvat. Tentokr\u00e1t se stala v\u00fdjimka. U\u017e jen vylo\u017een\u011b d\u00e1msk\u00e1 sestava sed\u00edc\u00ed kolem proslul\u00e9ho liber\u00e1ln\u00edho manipul\u00e1tora slibovala rozpt\u00fdlen\u00ed. A sou\u010dasn\u011b solidn\u00ed d\u00e1vku nen\u00e1visti a nevra\u017eivosti.<\/span><\/strong><\/p>\n<div id=\"pagetext\">\n<p>\u00a0 ODS poslala Mirku N\u011bmcovou. Jej\u00ed minulost je odpov\u00eddaj\u00edc\u00ed ohebnosti jej\u00ed p\u00e1te\u0159e. Za\u010dala \u00fadajnou kr\u00e1de\u017e\u00ed rohl\u00edk\u016f v\u00a0ml\u00e1d\u00ed. To bychom vcelku s\u00a0\u00fasm\u011bvem p\u0159e\u0161li, kdyby \u010dasem neuk\u00e1zala, \u017ee ne\u0161lo pouze o v\u00fdjime\u010dn\u00e9 mor\u00e1ln\u00ed selh\u00e1n\u00ed spojen\u00e9 s\u00a0ml\u00e1d\u00edm. Pozd\u011bji se \u201eprovalil\u201c skand\u00e1l s\u00a0p\u016fj\u010dov\u00e1n\u00edm slu\u017eebn\u00edho auta synovi, to je ale ve sf\u00e9\u0159e, kde se krade ve velk\u00e9m, pouze malink\u00e1 nepravost. Kdo si Mirku pamatuje v\u00edce, jist\u011b vzpom\u00edn\u00e1 i na jej\u00ed culen\u00ed na rusk\u00e9ho prezidenta Putina p\u0159i jejich setk\u00e1n\u00ed. Tehdy se netv\u00e1\u0159ila nijak nep\u0159\u00e1telsky, te\u010f u\u017e je to mnohem hor\u0161\u00ed a svou nen\u00e1vist d\u00e1v\u00e1 najevo v\u0161ude. Jede p\u0159esn\u011b v\u00a0tom m\u00f3du, kter\u00fd nastavila vl\u00e1dn\u00ed koalice. Mo\u017en\u00e1 by jim m\u011bl n\u011bkdo \u0159\u00edct, \u017ee jejich r\u00e9torika nen\u00ed shodn\u00e1 s\u00a0tou, kterou zaznamen\u00e1v\u00e1me u v\u011bt\u0161iny n\u00e1roda.<\/p>\n<p>Kol\u00e1\u0159ov\u00e1 za STAN m\u00e1 se sv\u00fdmi n\u00e1zory k\u00a0N\u011bmcov\u00e9 bl\u00edzko. Nen\u00ed se \u010demu divit, kdy\u017e jej\u00ed stranick\u00fd kolega vyv\u011b\u0161oval na budovu Ministerstva vnitra bigboard s\u00a0Vladim\u00edrem Putinem v\u00a0pytli pro zesnul\u00e9. Ob\u011b se pot\u00e9 div\u00ed, \u017ee n\u00e1s Moskva za\u0159adila na seznam nep\u0159\u00e1telsk\u00fdch zem\u00ed. D\u016fvod\u016f k\u00a0tomu m\u00e1 mnohem v\u00edce a rukou nerozd\u00edlnou se o to staraj\u00ed jak SPOLU, STAN a prezident, tak i ANO. STAN jsou v\u0161eobecn\u011b sb\u00edrkou individu\u00ed, nad pr\u016fm\u011br mimo Dozimetra Raku\u0161ana vy\u010dn\u00edv\u00e1 p\u0159edev\u0161\u00edm Nerudov\u00e1. Jak tato pan\u00ed m\u016f\u017ee m\u00edt vysoko\u0161kolsk\u00fd titul, to je skute\u010dnou z\u00e1hadou. Nicm\u00e9n\u011b tentokr\u00e1t p\u0159i\u0161la m\u00e9n\u011b extravagandn\u00ed Kol\u00e1\u0159ov\u00e1 jist\u00e1 si t\u00edm, \u017ee Dozimetr u\u017e se STANu net\u00fdk\u00e1. Stejn\u011b tak tvrd\u00ed N\u011bmcov\u00e1, \u017ee opu\u0161t\u011bn\u00edm ODS \u0158eporyjcem Novotn\u00fdm se strana o\u010distila od jeho v\u00fdrok\u016f, kter\u00e9 dosud podporovala a dokonce se stal mezi \u201epolitiky\u201c celebritou.<\/p>\n<p>T\u0159et\u00ed do party p\u0159i\u0161la exministryn\u011b za \u010cSSD Mal\u00e1\u010dov\u00e1. Jej\u00ed strana pot\u00e1cej\u00edc\u00ed se hranici samotn\u00e9 existence uva\u017euje o spolupr\u00e1ci s\u00a0ANO, nicm\u00e9n\u011b na to mus\u00ed b\u00fdt dva. I ona pova\u017euje NATO a EU za pro n\u00e1s pot\u0159ebn\u00e9 instituce a i kdy\u017e v\u00a0n\u011bkter\u00fdch z\u00e1le\u017eitostech hovo\u0159ila rozumn\u011bji ne\u017e v\u00fd\u0161e jmenovan\u00e9 osoby. Posledn\u00ed diskutuj\u00edc\u00ed byla Kate\u0159ina Kone\u010dn\u00e1. Ta u\u017e je ot\u0159\u00edskan\u00e1 souboji s\u00a0liber\u00e1ln\u00ed sme\u010dkou a jej\u00ed nasazen\u00ed je obdivuhodn\u00e9. Kamkoliv p\u0159ijde, my\u0161len mainstream, v\u017edy bojuje proti p\u0159esile tvo\u0159en\u00e9 moder\u00e1tory a protistranou. Do podobn\u00e9ho m\u00f3du se dost\u00e1v\u00e1 i Vidl\u00e1k Sterzik, p\u0159edseda hnut\u00ed Sta\u010dilo. I jeho jm\u00e9no si vzala N\u011bmcov\u00e1 do \u00fast a srovn\u00e1vala ho s\u00a0Novotn\u00fdm. Ostudn\u00e9 chov\u00e1n\u00ed N\u011bmcov\u00e9 vyvrcholilo zahozen\u00edm knihy, kterou ji v\u00a0po\u0159adu darovala pr\u00e1v\u011b Kone\u010dn\u00e1.<\/p>\n<p>T\u00e9mata po\u0159adu se tvo\u0159ila s p\u0159ihl\u00e9dnut\u00edm k volebn\u00ed kampani. D\u00e1my si nic nedarovaly, ale to je p\u0159eci o\u010dek\u00e1vateln\u00e9. \u017deny a politika je podn\u011btem k \u0161irok\u00e9 diskuzi a asi by se do mne feministky pustily, kdybych \u0159ekl sv\u016fj n\u00e1zor. Jen nazna\u010d\u00edm. Od doby, kdy se mno\u017estv\u00ed \u017een politi\u010dek razantn\u011b zv\u00fd\u0161ilo, jde to se sv\u011btem tak n\u011bjak z kopce. Viz Evropsk\u00e1 komise p\u0159ipom\u00ednaj\u00edc\u00ed matriarch\u00e1t zp\u016fsobuj\u00edc\u00ed ov\u0161em tot\u00e1ln\u00ed devastaci kontinentu. A vezmeme-li v potaz na\u0161\u00ed republiku, m\u00e1me tu Nerudovou, Pekarovou Adamovou, \u010cernochovou, Jourovou, Gregorovou, N\u011bmcovou a plno dal\u0161\u00edch, kter\u00e9 nep\u0159edstavuj\u00ed zrovna hitpar\u00e1du inteligence. Nejde o podce\u0148ov\u00e1n\u00ed \u017een, Kone\u010dn\u00e1 ostatn\u011b zvy\u0161uje la\u0165ku ostatn\u00edm, nicm\u00e9n\u011b \u017eeny v politice vytv\u00e1\u0159\u00ed prost\u0159ed\u00ed, kter\u00e9 nen\u00ed zrovna zdrav\u00e9. A Moravec? To nem\u00e1 ani cenu hodnotit, dlouhodob\u011b jej pova\u017euji za tot\u00e1ln\u00ed a p\u0159epl\u00e1cen\u00fd novin\u00e1\u0159sk\u00fd odpad. Nicm\u00e9n\u011b tentokr\u00e1t se jeho Ot\u00e1zky uk\u00e1zaly ve sv\u011btle odr\u00e1\u017eej\u00edc\u00edm situaci u n\u00e1s. Realisticky uva\u017eovat schopn\u00fdch je prost\u011b m\u00e9n\u011b, ne\u017e by bylo t\u0159eba k tot\u00e1ln\u00ed zm\u011bn\u011b sm\u011b\u0159ov\u00e1n\u00ed na\u0161\u00ed republiky.<\/p>\n<p><a href=\"https:\/\/www.inadhled.live\/zajimavosti\/to-byla-zase-ostuda\/\">Jind\u0159ich Kulhav\u00fd<\/a><\/p>\n<p><img decoding=\"async\" loading=\"lazy\" class=\"alignnone size-full wp-image-48136\" src=\"http:\/\/www.infokuryr.cz\/n\/wp-content\/uploads\/2024\/02\/kulhavy-jindrich.jpg\" alt=\"\" width=\"219\" height=\"221\" srcset=\"https:\/\/www.infokuryr.cz\/n\/wp-content\/uploads\/2024\/02\/kulhavy-jindrich.jpg 219w, https:\/\/www.infokuryr.cz\/n\/wp-content\/uploads\/2024\/02\/kulhavy-jindrich-150x150.jpg 150w\" sizes=\"(max-width: 219px) 100vw, 219px\" \/><\/p>\n<p>&nbsp;<\/p>\n<\/div>\n","protected":false},"excerpt":{"rendered":"<p>Ot\u00e1zky V\u00e1clava Moravce je po\u0159ad, na kter\u00fd se dlouhodob\u011b ned\u00e1 d\u00edvat. Tentokr\u00e1t se stala v\u00fdjimka&#8230;.<\/p>\n","protected":false},"author":2,"featured_media":79143,"comment_status":"closed","ping_status":"closed","sticky":false,"template":"","format":"standard","meta":[],"categories":[6],"tags":[1503,864,4302,1009],"_links":{"self":[{"href":"https:\/\/www.infokuryr.cz\/n\/wp-json\/wp\/v2\/posts\/79142"}],"collection":[{"href":"https:\/\/www.infokuryr.cz\/n\/wp-json\/wp\/v2\/posts"}],"about":[{"href":"https:\/\/www.infokuryr.cz\/n\/wp-json\/wp\/v2\/types\/post"}],"author":[{"embeddable":true,"href":"https:\/\/www.infokuryr.cz\/n\/wp-json\/wp\/v2\/users\/2"}],"replies":[{"embeddable":true,"href":"https:\/\/www.infokuryr.cz\/n\/wp-json\/wp\/v2\/comments?post=79142"}],"version-history":[{"count":0,"href":"https:\/\/www.infokuryr.cz\/n\/wp-json\/wp\/v2\/posts\/79142\/revisions"}],"wp:featuredmedia":[{"embeddable":true,"href":"https:\/\/www.infokuryr.cz\/n\/wp-json\/wp\/v2\/media\/79143"}],"wp:attachment":[{"href":"https:\/\/www.infokuryr.cz\/n\/wp-json\/wp\/v2\/media?parent=79142"}],"wp:term":[{"taxonomy":"category","embeddable":true,"href":"https:\/\/www.infokuryr.cz\/n\/wp-json\/wp\/v2\/categories?post=79142"},{"taxonomy":"post_tag","embeddable":true,"href":"https:\/\/www.infokuryr.cz\/n\/wp-json\/wp\/v2\/tags?post=79142"}],"curies":[{"name":"wp","href":"https:\/\/api.w.org\/{rel}","templated":true}]}}