{"id":79087,"date":"2025-05-19T00:15:59","date_gmt":"2025-05-18T22:15:59","guid":{"rendered":"https:\/\/www.infokuryr.cz\/n\/?p=79087"},"modified":"2025-05-18T14:30:24","modified_gmt":"2025-05-18T12:30:24","slug":"nejvyssi-urednice-fda-odmitla-ockovani-proti-covidu-kvuli-tehotenstvi","status":"publish","type":"post","link":"https:\/\/www.infokuryr.cz\/n\/2025\/05\/19\/nejvyssi-urednice-fda-odmitla-ockovani-proti-covidu-kvuli-tehotenstvi\/","title":{"rendered":"Nejvy\u0161\u0161\u00ed \u00fa\u0159ednice FDA odm\u00edtla o\u010dkov\u00e1n\u00ed proti covidu kv\u016fli t\u011bhotenstv\u00ed"},"content":{"rendered":"<div id=\"fb-root\"><\/div>\n<p><strong><span>Zat\u00edmco americk\u00e9 zdravotnick\u00e9 org\u00e1ny tla\u010dily na bezpo\u010det t\u011bhotn\u00fdch \u017een, aby dostaly experiment\u00e1ln\u00ed vakc\u00ednu proti covidu, a to i p\u0159es nedostatek studi\u00ed, jedna z nejvy\u0161\u0161\u00edch \u00fa\u0159ednic FDA odm\u00edtla tuto genovou terapii mRNA pou\u017e\u00edt. Pro\u010d? Kv\u016fli v\u00e1\u017en\u00fdm obav\u00e1m o bezpe\u010dnost jej\u00edho nenarozen\u00e9ho d\u00edt\u011bte. Te\u010f to p\u0159iznala.<\/span><\/strong><\/p>\n<p><span>Ned\u00e1vn\u00e1\u00a0<\/span><a href=\"https:\/\/www.theepochtimes.com\/health\/top-fda-official-says-she-never-received-a-covid-19-vaccine-5859037\"><span>prohl\u00e1\u0161en\u00ed<\/span><\/a><span> vysoce postaven\u00e9 \u00fa\u0159ednice FDA strh\u00e1vaj\u00ed masku pochybn\u00e9 o\u010dkovac\u00ed kampan\u011b americk\u00fdch \u00fa\u0159ad\u016f: Dr. Sara Brennerov\u00e1, z\u00e1stupkyn\u011b hlavn\u00edho komisa\u0159e Agentury pro l\u00e9\u010div\u00e9 p\u0159\u00edpravky, 15. kv\u011btna 2025 p\u0159iznala, \u017ee se v\u011bdom\u011b rozhodla proti o\u010dkov\u00e1n\u00ed proti covidu-19. <\/span><strong><span>Jej\u00ed zd\u016fvodn\u011bn\u00ed: v\u00e1\u017en\u00e9 obavy z nezn\u00e1m\u00fdch rizik injekc\u00ed gen\u016f mRNA, zejm\u00e9na pro t\u011bhotn\u00e9 \u017eeny, jako je ona sama.<\/span><\/strong><span>\u00a0T\u00edm odhalila skand\u00e1ln\u00ed praxi \u00fa\u0159ad\u016f, kter\u00e9 vyv\u00edjej\u00ed n\u00e1tlak na miliony \u017een \u2013 \u010dasto nast\u00e1vaj\u00edc\u00edch matek \u2013 aby dostaly experiment\u00e1ln\u00ed produkt, kter\u00fd na t\u00e9to skupin\u011b nikdy nebyl testov\u00e1n.\u00a0<\/span><strong><span>Je to d\u016fkaz nezodpov\u011bdnosti, s jakou zdravotnick\u00e9 org\u00e1ny \u00famysln\u011b ohro\u017euj\u00ed bezpe\u010dnost lid\u00ed.<\/span><\/strong><\/p>\n<h3 id=\"h-schwangere-als-versuchskaninchen-ein-unverzeihlicher-fehler\" class=\"wp-block-heading\"><span>T\u011bhotn\u00e9 \u017eeny jako pokusn\u00ed kr\u00e1l\u00edci: Neodpustiteln\u00e1 chyba<\/span><\/h3>\n<p><strong><span>Doktorka Brennerov\u00e1, kter\u00e1 byla v t\u00e9 dob\u011b t\u011bhotn\u00e1, se na akci ve Washingtonu vyj\u00e1d\u0159ila otev\u0159en\u011b: Odm\u00edtla injekci mRNA, proto\u017ee nikdo nev\u011bd\u011bl, jak se l\u00e1tky v t\u011ble distribuuj\u00ed nebo zda se mohou dostat do mate\u0159sk\u00e9ho ml\u00e9ka.<\/span><\/strong><span>\u00a0Jejich obavy byly naprosto opr\u00e1vn\u011bn\u00e9 \u2013 studie z let 2022 a 2023 zjistily\u00a0<\/span><a href=\"https:\/\/report24.news\/neue-studie-bestaetigt-muttermilch-uebertraegt-impf-mrna-an-saeuglinge\/\" target=\"_blank\" rel=\"noreferrer noopener\"><span>mRNA v mate\u0159sk\u00e9m ml\u00e9ce<\/span><\/a><span>\u00a0, co\u017e p\u0159edstavuje riziko pro kojen\u00e9 d\u011bti. P\u0159esto Centra pro kontrolu a prevenci nemoc\u00ed (CDC) hnala t\u011bhotn\u00e9 \u017eeny do o\u010dkovac\u00edch center s agresivn\u00edmi doporu\u010den\u00edmi, ani\u017e by poskytla jedinou studii o bezpe\u010dnosti v t\u00e9to skupin\u011b. Je to \u0161okuj\u00edc\u00ed: Zat\u00edmco Brennerov\u00e1 chr\u00e1nila sv\u00e9 vlastn\u00ed nenarozen\u00e9 d\u00edt\u011b, jin\u00e9 matky byly \u00fa\u0159ady z\u00e1m\u011brn\u011b klam\u00e1ny, rizika byla zatajov\u00e1na a injekce byly prod\u00e1v\u00e1ny jako \u201ebezpe\u010dn\u00e9\u201c.<\/span><\/p>\n<p><span>Tento skand\u00e1l je jen z\u0159ejm\u011bj\u0161\u00ed d\u00edky ned\u00e1vn\u00e9mu obratu ze strany CDC: Po letech tlaku agentura n\u00e1hle ji\u017e nedoporu\u010duje rutinn\u00ed o\u010dkov\u00e1n\u00ed t\u011bhotn\u00fdch \u017een a dosp\u00edvaj\u00edc\u00edch. Ale tato zm\u011bna n\u00e1zoru p\u0159ich\u00e1z\u00ed pro mnoh\u00e9 p\u0159\u00edli\u0161 pozd\u011b \u2013 nespo\u010det \u017een si nechalo injek\u010dn\u011b aplikovat experiment\u00e1ln\u00ed a st\u00e1le velmi kontroverzn\u00ed genovou terapii s mRNA.\u00a0<\/span><strong><span>Spol\u00e9hali na uji\u0161t\u011bn\u00ed takzvan\u00fdch expert\u016f, kte\u0159\u00ed v\u0161ak sami z\u0159ejm\u011b nev\u011b\u0159ili v bezpe\u010dnost t\u011bchto genov\u00fdch injekc\u00ed.<\/span><\/strong><\/p>\n<h3 id=\"h-vertuschung-und-tauschung-der-vertrauensbruch\" class=\"wp-block-heading\"><span>Kryt\u00ed a klam\u00e1n\u00ed: Zneu\u017eit\u00ed d\u016fv\u011bry<\/span><\/h3>\n<p><span>Dr. Brenner, zku\u0161en\u00fd l\u00e9ka\u0159 a expert na nanotechnologie, dal jasn\u011b najevo, jak moc si \u00fa\u0159ady b\u011bhem pandemie koronaviru zahr\u00e1valy se zdrav\u00edm nenarozen\u00fdch d\u011bt\u00ed:\u00a0<\/span><strong><span>\u201eExistovala pouze tvrzen\u00ed, kter\u00e1 odr\u00e1\u017eela sp\u00ed\u0161e nad\u011bje ne\u017e fakta.\u201c<\/span><\/strong><span>\u00a0FDA a CDC systematicky zatajovaly, co nev\u011bd\u011bly \u2013 nap\u0159\u00edklad rizika experiment\u00e1ln\u00ed technologie mRNA \u2013 a prezentovaly genov\u00e9 injekce jako v\u0161el\u00e9k. M\u00edsto transparentnosti existovala propaganda, kter\u00e1 vedla ob\u010dany k p\u0159ijet\u00ed experiment\u00e1ln\u00edho produktu, jeho\u017e dlouhodob\u00e9 \u00fa\u010dinky z\u016fst\u00e1vaj\u00ed dodnes nejasn\u00e9.<\/span><\/p>\n<p><span>Na akci po\u0159\u00e1dan\u00e9 Institutem MAHA, kter\u00fd podporuje iniciativu reformy zdravotnictv\u00ed \u201eMake America Healthy Again\u201c (Ud\u011blejme Ameriku znovu zdravou), Brennerov\u00e1 hovo\u0159ila o \u201enov\u00e9m \u00fasvitu\u201c d\u00edky Trumpov\u011b administrativ\u011b a ministrovi zdravotnictv\u00ed a soci\u00e1ln\u00edch slu\u017eeb Robertu F. Kennedymu Jr. Vyzvala k v\u011bt\u0161\u00ed otev\u0159enosti a p\u0159\u00edstupu k dat\u016fm, aby se ob\u010dan\u00e9 mohli sami rozhodovat. R\u00e1ny pandemick\u00e9ho obdob\u00ed jsou v\u0161ak hlubok\u00e9: \u00fa\u0159ady ignorovaly varov\u00e1n\u00ed a prosazovaly tyto genov\u00e9 terapie, ani\u017e by informovaly o rizic\u00edch, o kter\u00fdch v\u011bd\u011bly.<\/span><\/p>\n<h3 id=\"h-lipid-nanopartikel-ein-unterschatztes-risiko\" class=\"wp-block-heading\"><span>Lipidov\u00e9 nano\u010d\u00e1stice: Podce\u0148ovan\u00e9 riziko<\/span><\/h3>\n<p><span>Kl\u00ed\u010dov\u00fdm probl\u00e9mem injekc\u00ed mRNA jsou lipidov\u00e9 nano\u010d\u00e1stice, kter\u00e9 transportuj\u00ed mRNA do bun\u011bk.\u00a0<\/span><strong><span>Brenner, kter\u00fd je odborn\u00edkem na toxikologii, v\u011bd\u011bl ji\u017e brzy, \u017ee tyto \u010d\u00e1stice mohou zp\u016fsobit nep\u0159edv\u00eddateln\u00e9 po\u0161kozen\u00ed \u2013 nap\u0159\u00edklad\u00a0<\/span><a href=\"https:\/\/report24.news\/impfstoff-nanopartikel-erreichen-herz-neue-studie-alarmiert-forscher\/\" target=\"_blank\" rel=\"noreferrer noopener\"><span>hromad\u011bn\u00edm v org\u00e1nech<\/span><\/a><span>\u00a0nebo imunitn\u00edmi reakcemi.<\/span><\/strong><span>\u00a0Injekce byly nicm\u00e9n\u011b aplikov\u00e1ny milionkr\u00e1t, ani\u017e by spole\u010dnosti Pfizer nebo Moderna d\u016fkladn\u011b prozkoumaly v\u0161echna rizika. V\u00fdrobci k Brennerov\u00fdm obvin\u011bn\u00edm ml\u010d\u00ed.<\/span><\/p>\n<p><span>Skute\u010dnost, \u017ee 81 procent Ameri\u010dan\u016f dostalo alespo\u0148 jednu d\u00e1vku, ukazuje, jak \u00fasp\u011b\u0161n\u011b se \u00fa\u0159ad\u016fm poda\u0159ilo prosadit svou pochybnou kampa\u0148. Brennerovo odhalen\u00ed ale nazna\u010duje, \u017ee se experiment\u00e1ln\u00edm injekc\u00edm vyh\u00fdbali i zasv\u011bcenci z FDA. Zejm\u00e9na t\u011bhotn\u00e9 \u017eeny, na kter\u00e9 byl bez jak\u00fdchkoli d\u016fkaz\u016f vyv\u00edjen tlak k o\u010dkov\u00e1n\u00ed, se staly pokusn\u00fdmi kr\u00e1l\u00edky technologie, jej\u00ed\u017e rizika \u00fa\u0159ady z\u00e1m\u011brn\u011b zleh\u010dovaly.<\/span><\/p>\n<h3 id=\"h-aufarbeitung-ein-muhsamer-weg\" class=\"wp-block-heading\"><span>P\u0159ehodnocen\u00ed: obt\u00ed\u017en\u00e1 cesta<\/span><\/h3>\n<p><span>Brenner zd\u016fraznil, \u017ee mnoho \u00fa\u0159edn\u00edk\u016f cht\u011blo jednat \u010destn\u011b, ale to nem\u011bn\u00ed nic na tom, \u017ee do\u0161lo ke katastrof\u00e1ln\u00edm chyb\u00e1m. Vyrovn\u00e1n\u00ed se s obdob\u00edm koronaviru, kter\u00e9 popsala jako \u201etemnou \u00e9ru\u201c, bude trvat roky. Zm\u011bna postoje CDC a Brennerova otev\u0159enost jsou prvn\u00edmi kroky k \u0159e\u0161en\u00ed probl\u00e9mu, ale nevyrovn\u00e1vaj\u00ed ji\u017e zp\u016fsoben\u00e9 \u0161kody.<\/span><\/p>\n<p><span>Rostouc\u00ed otev\u0159enost ve Spojen\u00fdch st\u00e1tech by v\u0161ak mohla znovu rozpoutat debaty v N\u011bmecku a Rakousku ohledn\u011b o\u010dkovac\u00edch kampan\u00ed vl\u00e1d a zdravotnick\u00fdch org\u00e1n\u016f.<\/span><\/p>\n<h3 id=\"h-blick-nach-oberosterreich\" class=\"wp-block-heading\"><span>Pohled na Horn\u00ed Rakousko<\/span><\/h3>\n<p><span>Nezodpov\u011bdn\u00ed politici v oblasti zdravotnictv\u00ed, jako je Christine Haberlander (\u00d6VP), st\u00e1le doporu\u010duj\u00ed o\u010dkov\u00e1n\u00ed t\u011bhotn\u00fdch \u017een: V Horn\u00edm Rakousku se o\u010dkov\u00e1n\u00ed t\u011bhotn\u00fdch \u017een i dnes, 18. kv\u011btna 2025, st\u00e1le nal\u00e9h\u00e1 \u2013 to by byla \u201e\u00fa\u010dinn\u00e1 ochrana\u201c.<\/span><\/p>\n<figure class=\"wp-block-image size-full\"><img decoding=\"async\" loading=\"lazy\" class=\"wp-image-145051 aligncenter\" src=\"https:\/\/report24.news\/wp-content\/uploads\/2025\/05\/image-8.png\" sizes=\"(max-width: 781px) 100vw, 781px\" srcset=\"https:\/\/report24.news\/wp-content\/uploads\/2025\/05\/image-8.png 781w, https:\/\/report24.news\/wp-content\/uploads\/2025\/05\/image-8-768x679.png 768w, https:\/\/report24.news\/wp-content\/uploads\/2025\/05\/image-8-600x530.png 600w\" alt=\"\" width=\"617\" height=\"545\" \/><figcaption class=\"wp-element-caption\"><span>Skand\u00e1ln\u00ed informace se st\u00e1le objevuj\u00ed\u00a0<\/span><a href=\"https:\/\/www.land-oberoesterreich.gv.at\/fake-news.htm\" target=\"_blank\" rel=\"noreferrer noopener\"><span>na webov\u00fdch str\u00e1nk\u00e1ch hornorakousk\u00e9 zemsk\u00e9 vl\u00e1dy<\/span><\/a><span>\u00a0k 25. kv\u011btnu 2025 .<\/span><\/figcaption><\/figure>\n<p><span>Bezd\u011btn\u00fd st\u00e1tn\u00ed ministr zdravotnictv\u00ed nad\u00e1le doporu\u010duje o\u010dkov\u00e1n\u00ed d\u011bt\u00ed.<\/span><\/p>\n<p><img decoding=\"async\" loading=\"lazy\" class=\"alignnone size-full wp-image-71983\" src=\"http:\/\/www.infokuryr.cz\/n\/wp-content\/uploads\/2025\/02\/aaa.jpg\" alt=\"\" width=\"89\" height=\"23\" \/><\/p>\n<p>&nbsp;<\/p>\n","protected":false},"excerpt":{"rendered":"<p>Zat\u00edmco americk\u00e9 zdravotnick\u00e9 org\u00e1ny tla\u010dily na bezpo\u010det t\u011bhotn\u00fdch \u017een, aby dostaly experiment\u00e1ln\u00ed vakc\u00ednu proti covidu,&#8230;<\/p>\n","protected":false},"author":2,"featured_media":35283,"comment_status":"closed","ping_status":"closed","sticky":false,"template":"","format":"standard","meta":[],"categories":[7],"tags":[6646,2317,9148,651],"_links":{"self":[{"href":"https:\/\/www.infokuryr.cz\/n\/wp-json\/wp\/v2\/posts\/79087"}],"collection":[{"href":"https:\/\/www.infokuryr.cz\/n\/wp-json\/wp\/v2\/posts"}],"about":[{"href":"https:\/\/www.infokuryr.cz\/n\/wp-json\/wp\/v2\/types\/post"}],"author":[{"embeddable":true,"href":"https:\/\/www.infokuryr.cz\/n\/wp-json\/wp\/v2\/users\/2"}],"replies":[{"embeddable":true,"href":"https:\/\/www.infokuryr.cz\/n\/wp-json\/wp\/v2\/comments?post=79087"}],"version-history":[{"count":0,"href":"https:\/\/www.infokuryr.cz\/n\/wp-json\/wp\/v2\/posts\/79087\/revisions"}],"wp:featuredmedia":[{"embeddable":true,"href":"https:\/\/www.infokuryr.cz\/n\/wp-json\/wp\/v2\/media\/35283"}],"wp:attachment":[{"href":"https:\/\/www.infokuryr.cz\/n\/wp-json\/wp\/v2\/media?parent=79087"}],"wp:term":[{"taxonomy":"category","embeddable":true,"href":"https:\/\/www.infokuryr.cz\/n\/wp-json\/wp\/v2\/categories?post=79087"},{"taxonomy":"post_tag","embeddable":true,"href":"https:\/\/www.infokuryr.cz\/n\/wp-json\/wp\/v2\/tags?post=79087"}],"curies":[{"name":"wp","href":"https:\/\/api.w.org\/{rel}","templated":true}]}}