{"id":79058,"date":"2025-05-18T00:26:16","date_gmt":"2025-05-17T22:26:16","guid":{"rendered":"https:\/\/www.infokuryr.cz\/n\/?p=79058"},"modified":"2025-05-17T16:47:55","modified_gmt":"2025-05-17T14:47:55","slug":"vladni-mafie-ma-napilno-koho-kam-a-za-kolik","status":"publish","type":"post","link":"https:\/\/www.infokuryr.cz\/n\/2025\/05\/18\/vladni-mafie-ma-napilno-koho-kam-a-za-kolik\/","title":{"rendered":"Vl\u00e1dn\u00ed mafie m\u00e1 napilno: Koho kam a za kolik?"},"content":{"rendered":"<div id=\"fb-root\"><\/div>\n<p><strong>Vl\u00e1dn\u00ed mafie m\u00e1 napilno: Koho kam a za kolik? Don Pablo a Capo di tutti ze STANu p\u0159evzali ot\u011b\u017ee. Kolik a kam odte\u010de na posledn\u00ed chv\u00edli z na\u0161ich dan\u00ed na jejich dal\u0161\u00ed existenci? Ani tam nepot\u0159ebuj\u00ed b\u00fdt. V\u00fdstavba &#8222;hlubok\u00e9ho st\u00e1tu&#8220; v p\u0159\u00edm\u00e9m p\u0159enosu.<\/strong><\/p>\n<p>Prachy a posty. To jsou hlavn\u00ed dv\u011b v\u011bci, kter\u00fdmi se p\u016fl roku p\u0159ed volbami vl\u00e1dnouc\u00ed &#8222;gang p\u011bti&#8220; zab\u00fdv\u00e1. Po\u0159\u00e1d je jich p\u011bt. Pir\u00e1ty sice form\u00e1ln\u011b z vl\u00e1dy vyt\u011bsnili, aby p\u0159ed z\u00e1v\u011brem \u0161\u00edlen\u00e9ho \u010dty\u0159let\u00e9ho vl\u00e1dnut\u00ed mohli d\u011blit zbytky rozkraden\u00e9ho kr\u00e1mu ve v\u011bt\u0161\u00edch celc\u00edch, ale vz\u00e1jemn\u011b toho na sebe v\u011bd\u00ed tolik, \u017ee v p\u0159edvolebn\u00edm \u010dase n\u011bjak\u00e1 indiskr\u00e9tnost nehroz\u00ed. Proto\u017ee ale sou\u010dasn\u011b v\u011bd\u00ed, \u017ee je jejich hr\u016fzovl\u00e1da je s nejv\u011bt\u0161\u00ed pravd\u011bpodobnost\u00ed u konce, pot\u0159ebuj\u00ed se te\u010f p\u0159edev\u0161\u00edm postarat o sv\u00e9 lidi a st\u00e1hnout z ve\u0159ejn\u00fdch zdroj\u016f do sv\u00fdch (priv\u00e1tn\u00edch a stranick\u00fdch) pen\u011b\u017eenek v\u0161echno, na co je\u0161t\u011b dos\u00e1hnou. Urychlen\u00e9 obsazov\u00e1n\u00ed zb\u00fdvaj\u00edc\u00edch jmenovan\u00fdch pozic, je p\u0159esn\u011b on\u00edm budov\u00e1n\u00edm &#8222;hlubok\u00e9ho st\u00e1tu&#8220; (Deep State), kter\u00fd ovl\u00e1d\u00e1 Brusel \u2013 a doned\u00e1vna i Spojen\u00e9 st\u00e1ty.<\/p>\n<p>D\u011blaj\u00ed to u\u017e nezakryt\u011b, brut\u00e1ln\u011b, &#8222;nezakec\u00e1vaj\u00ed se&#8220;. P\u0159\u00edmo klasick\u00fd je t\u0159eba napohled okrajov\u00fd p\u0159\u00edklad nov\u011b jmenovan\u00e9ho \u0159editele N\u00e1rodn\u00edho divadla Martina Glasera. Sou\u010dasn\u00fd \u0159editel Jan Burian (te\u010f nehodno\u0165me jeho &#8222;v\u00fdkon&#8220;, o ten toti\u017e v hr\u00e1tk\u00e1ch \u0160katulata hejbejte\u00a0se v\u016fbec nejde) bude sice na sv\u00e9 pozici je\u0161t\u011b do poloviny roku 2028, ale ji\u017e te\u010f vl\u00e1da jmenovala jeho n\u00e1stupce, kter\u00fd se teprve za dva a p\u016fl roku ujme funkce.<\/p>\n<p>Je pochopiteln\u011b z Brna, proto\u017ee tam po \u010dty\u0159ech letech vedou v\u0161echny aktu\u00e1ln\u00ed hlavn\u00ed mocensk\u00e9 linie, na kter\u00fdch gang p\u011bti stoj\u00ed jako na z\u00e1kladn\u011b (je p\u0159\u00edzna\u010dn\u00e9, \u017ee Z\u00e1kladna se arabsky \u0159ekne Al-Kajda). Tak\u017ee nov\u00fd \u0159editel bude u\u017e nyn\u011bj\u0161ka po dal\u0161\u00ed dva a p\u016fl roku\u00a0placen z na\u0161ich dan\u00ed, ani\u017e bude \u0159editelovat. Ba nejen on, ale cel\u00e1 skupina, kterou si do hlavn\u00edho m\u011bsta s sebou z Brna dle jeho vlastn\u00edch slov p\u0159ivede.<\/p>\n<h2>Instalat\u00e9r<\/h2>\n<p>T\u00edm kdo z pozad\u00ed celou operaci &#8222;Hlubok\u00fd st\u00e1t po brn\u011bnsku&#8220; \u0159\u00edd\u00ed, je ministr spravedlnosti Pavel Bla\u017eek\u00a0&#8211; krom\u011b jin\u00e9ho &#8222;stvo\u0159itel&#8220; Petra Fialy. Po ritu\u00e1ln\u00ed poprav\u011b Petra Ne\u010dase, kter\u00fd byl odstran\u011bn pu\u010dem na lince nejvy\u0161\u0161\u00ed moravsk\u00fd st\u00e1tn\u00ed z\u00e1stupce Ivo I\u0161tvan &#8211;\u00a0policejn\u00ed \u0161\u00e9f Robert \u0160lachta\u00a0&#8211; a v pozad\u00ed prokur\u00e1torka Lenka Brad\u00e1\u010dov\u00e1 (hlavn\u00ed spojka na tehdej\u0161\u00ed americkou ambas\u00e1du, odkud byl p\u0159evrat \u0159\u00edzen) bylo t\u0159eba jednat.<\/p>\n<p>D\u016fvod byl prost\u00fd (od prvn\u00ed chv\u00edle jsme o n\u011bm psali): Ne\u010das cht\u011bl pustit do tendru na dostavbu\u00a0jadern\u00fdch elektr\u00e1ren rusk\u00fd Rosatom. P\u0159i n\u00e1v\u0161t\u011bv\u011b Moskvy prohl\u00e1sil, \u017ee trv\u00e1 na tom, aby sout\u011b\u017e byla rovn\u00e1 pro v\u0161echny z\u00e1jemce. To by znamenalo v\u00edt\u011bzstv\u00ed Rosatomu, proto\u017ee m\u00e1 nejen nejv\u011bt\u0161\u00ed zku\u0161enosti z cel\u00e9ho sv\u011bta, ale nab\u00edz\u00ed tak\u00e9 nejv\u00fdhodn\u011bj\u0161\u00ed finan\u010dn\u00ed podm\u00ednky\u00a0(viz t\u0159eba nyn\u00ed stavba jaderky v Ma\u010farsku) &#8211; a pln\u011b by zapojil na\u0161e firmy, s nimi\u017e m\u00e1 letit\u00e9 zku\u0161enosti. Jen\u017ee Ameri\u010dan\u00e9 pot\u0159ebovali prosadit sv\u016fj krachuj\u00edc\u00ed Westinghouse. A tak p\u00e1r t\u00fddn\u016f po n\u00e1vratu z Moskvy u\u017e Petr Ne\u010das nebyl premi\u00e9rem, \u0160lachta s\u00a0I\u0161tvanem\u00a0p\u0159ed novin\u00e1\u0159i b\u00e1jili o dopaden\u00ed a zaji\u0161t\u011bn\u00ed des\u00edtek kilogram\u016f zlata v bankovn\u00edch sejfech a tak d\u00e1le a tak d\u00e1le. Zbylo z toho p\u00e1r nezdan\u011bn\u00fdch kabelek (d\u00e1rk\u016f pro Janu Nagyovou, tehdej\u0161\u00ed Ne\u010dasovu asistentku, dnes jeho man\u017eelku). Ale vl\u00e1da padla, a tendr na jaderky \u0161el k ledu. Tehdy Pavel Bla\u017eek &#8222;zplodil&#8220; Petra Fialu, k\u00e1mo\u0161e z Brna, kter\u00fd v Ne\u010dasov\u011b (zdaleka je\u0161t\u011b ne pouze moravsk\u00e9) vl\u00e1d\u011b \u0159\u00eddil dal\u0161\u00ed likvidaci \u010desk\u00e9ho \u0161kolstv\u00ed &#8211; a u\u010dinil ho p\u0159edsedou ODS.<\/p>\n<p>Nikoli n\u00e1hodou se Pavlu Bla\u017ekovi &#8222;\u017eertovn\u011b&#8220; p\u0159ezd\u00edv\u00e1 don Pablo (co\u017e on s\u00e1m vlastn\u011b docela r\u00e1d sly\u0161\u00ed, proto\u017ee to potvrzuje jeho moc v pozad\u00ed). A nikoli n\u00e1hodou to po cel\u00e9 roky ve vl\u00e1d\u011b tak skv\u011ble fungovalo s &#8222;capo di tutti capi&#8220; V\u00edtem Raku\u0161anem na pozici ministra\u00a0vnitra Vzhledem ke v\u0161em mafi\u00e1nsk\u00fdm kauz\u00e1m spojen\u00fdm se STANem, z nich\u017e jen \u010d\u00e1st se ji\u017e dostala k soudu, si oba kmot\u0159i nepochybn\u011b skv\u011ble rozum\u011bli &#8211; a p\u0159edvolebn\u011b o to v\u00edce.<\/p>\n<p>Ve\u0159ejnost o tom skoro nic nev\u00ed, proto\u017ee korpor\u00e1tn\u00ed m\u00e9dia to &#8222;decentn\u011b&#8220; upoza\u010fuj\u00ed. V\u017edy\u0165 tak\u00e9 jejich centr\u00e1le v podob\u011b \u010cT a \u010cRo kmot\u0159i a jejich &#8222;genossen&#8220; spole\u010dn\u011b prosadili dal\u0161\u00ed zv\u00fd\u0161en\u00ed &#8222;v\u00fdpaln\u00e9ho&#8220; k t\u011bm dosavadn\u00edm ka\u017edoro\u010dn\u00edm miliard\u00e1m, je\u017e se odtud nav\u00edc\u00a0p\u0159erozd\u011bluj\u00ed ke sp\u0159\u00edzn\u011bn\u00fdm &#8222;um\u011blc\u016fm&#8220; a priv\u00e1tn\u00edm producent\u016fm, jejich\u017e hlasy budou p\u0159ed volbami pat\u0159i\u010dn\u011b sly\u0161et. Te\u010f u\u017e budou (i tak neobhajitelnou) &#8222;televizn\u00ed da\u0148&#8220; platit nejen majitel\u00e9 televiz\u00ed, ale i ka\u017ed\u00fd, kdo m\u00e1 mobiln\u00ed telefon s p\u0159\u00edjmem internetu (tedy\u00a0prakticky v\u0161ichni). Ten v\u00fd\u0161e zm\u00edn\u011bn\u00fd n\u011bmeck\u00fd v\u00fdraz pro &#8222;soudruhy&#8220; nen\u00ed jen sv\u00e9hlavost. Petr Fiala pat\u0159\u00ed v brn\u011bnsk\u00e9 mafii od po\u010d\u00e1tku (kdy se je\u0161t\u011b tv\u00e1\u0159il jako akademik) k odhodlan\u00e9 skupin\u011b obh\u00e1jc\u016f\u00a0z\u00e1jm\u016f Sude\u0165\u00e1k\u016f (pojem je nep\u0159esn\u00fd, ale v\u00edme, co je t\u00edm my\u0161leno)\u00a0&#8211; prost\u011b k p\u00e1t\u00e9 kolon\u011b n\u011bmeck\u00fdch z\u00e1jm\u016f ve skom\u00edraj\u00edc\u00edm \u010desk\u00e9m st\u00e1tu. Odtud tak\u00e9 jeho premi\u00e9rsk\u00e9 &#8222;v\u00fdkony&#8220; i b\u011bhem takzvan\u00e9ho \u010desk\u00e9ho p\u0159edsednictv\u00ed n\u011bmeck\u00e9 EU, kdy vst\u0159\u00edcn\u011b u\u010dinil k likvidaci na\u0161eho st\u00e1tu a jeho historick\u00fdch n\u00e1rod\u016f je\u0161t\u011b v\u00edc, ne\u017e po\u017eadovala\u00a0N\u011bmka Lejnov\u00e1. O Raku\u0161anov\u011b podpisu migra\u010dn\u00edho paktu tamt\u00e9\u017e (dob\u011bhne n\u00e1s a\u017e za p\u0159\u00ed\u0161t\u00ed vl\u00e1dy, zat\u00edm si vysta\u010d\u00edme se statis\u00edci Ukrajinci) ani nemluv\u011b.<\/p>\n<p>Don Pablo je nepochybn\u011b inteligentn\u00ed mu\u017e. Spolu s Raku\u0161anem jsou jedin\u00ed, kte\u0159\u00ed maj\u00ed ve fialov\u00e9 vl\u00e1d\u011b n\u00e1rok na p\u0159\u00eddomek &#8222;schopn\u00fd&#8220; &#8211; v tomto p\u0159\u00edpad\u011b schopn\u00ed v\u0161eho Dokonale ilustrativn\u00edm p\u0159\u00edkladem je dostavba jaderek, jimi\u017e to v\u0161e za\u010dalo. Dostali je (zhruba za\u00a0trojn\u00e1sobek &#8222;rusk\u00e9&#8220; ceny) &#8222;p\u0159ekvapiv\u011b&#8220; Korejci, kte\u0159\u00ed s jejich v\u00fdstavbou nemaj\u00ed \u017e\u00e1dn\u00e9 zku\u0161enosti, aby se po p\u00e1r m\u011bs\u00edc\u00edch uk\u00e1zalo, \u017ee jsou ve skute\u010dnosti jen cudnou z\u00e1st\u011brkou&#8230; pro Westinghouse.<\/p>\n<h2>Kulisy<\/h2>\n<p>Tendr na dostavbu (vypl\u00e1zneme na n\u011b z dan\u00ed 400 miliard &#8211; m\u00edsto zhruba 150, za kter\u00e9 stav\u00ed Rosatom v Ma\u010farsku), n\u00e1kup nesmysln\u00fdch americk\u00fdch st\u00edha\u010dek (dal\u0161\u00edch t\u00e9m\u011b\u0159 400 miliard &#8211; s platbami p\u0159edem a dod\u00e1n\u00edm b\u016fhv\u00edkdy, pokud v\u016fbec) &#8211; to jsou ty hlavn\u00ed &#8222;pecky&#8220;.<\/p>\n<p>A te\u010f je\u0161t\u011b na\u0161e spolu\u00fa\u010dast na grandi\u00f3zn\u00ed &#8222;seke\u0159e&#8220; t\u00e9m\u011b\u0159 bili\u00f3nu eur (asi 25 bili\u00f3n\u016f! korun), kter\u00e9 spolu s Bruselem zatnem &#8222;do futra&#8220;, abychom pomohli vyzbrojit N\u011bmecko a Francii v p\u0159\u00edprav\u011b k napaden\u00ed Ruska &#8211; a na\u0161emu definitivn\u00edmu konci To nen\u00ed stra\u0161en\u00ed.<\/p>\n<p>V\u0161ak to tak\u00e9 Gener\u00e1ln\u00ed inspektor bundeswehru gener\u00e1l Carsten Breuer \u0159ekl jasn\u011b: Rusk\u00e1 federace by pr\u00fd &#8222;mohla za\u00fato\u010dit&#8220; na \u00fazem\u00ed NATO v roce 2029. Tento rok je podle n\u011bj c\u00edlov\u00fdm rokem pro p\u0159ezbrojen\u00ed n\u011bmeck\u00e9 arm\u00e1dy. Rozd\u00edl je jenom v tom, \u017ee Hitler se nechal Evropou vyzbrojit a\u017e pot\u00e9, co ji dobyly jeho arm\u00e1dy, zat\u00edmco te\u010f to N\u011bmci ud\u011blaj\u00ed &#8222;dobrovoln\u011b&#8220; &#8211; p\u0159es Brusel. Dokud tam je\u0161t\u011b maj\u00ed &#8222;sv\u00e9&#8220; najmenovan\u00e9 &#8222;k\u00e1dry&#8220; v bezpo\u010dtu instituc\u00ed, je\u017e si k tomu vytvo\u0159ili. Deep state jako&#8230; Brno.<\/p>\n<p>A tak tak\u00e9 u n\u00e1s jedno drancov\u00e1n\u00ed\u00a0rozpo\u010dtu st\u00edh\u00e1 druh\u00e9. N\u011bco jako kdy\u017e v men\u0161\u00edm vyr\u016fstaj\u00ed po cel\u00e9 zemi v\u011bt\u0161inou nesmysln\u00e9 &#8222;kruhov\u00e9 objezdy&#8220; v m\u00edstech, kde dosud bohat\u011b sta\u010dila b\u011b\u017en\u00e1 k\u0159i\u017eovatka (o nesmysln\u00fdch &#8222;dopravn\u00edch stavb\u00e1ch&#8220; \u010di vpravd\u011b zlo\u010dinn\u00e9m t\u0159\u00edmiliardov\u00e9m n\u00e1vratu tramvaj\u00ed na V\u00e1clav\u00e1k\u00a0v Praze ani nemluv\u011b). V\u0161e m\u00e1 jedin\u00fd d\u016fvod: provize od &#8222;sout\u011b\u017e\u00edc\u00edch&#8220; firem. Pro zd\u00e1n\u00ed &#8222;boje s korupc\u00ed&#8220; se ob\u010das vybere n\u011bjak\u00e1 bezv\u00fdznamn\u00e1 ob\u011b\u0165 &#8211; typicky &#8222;causa Motol&#8220;. V\u011bd\u011bli o tom roky, ale vyt\u00e1hli to a\u017e te\u010f, proto\u017ee je to &#8222;politicky bezpe\u010dn\u00e9&#8220;. Nemocnici p\u0159ece\u00a0\u0159\u00edd\u00ed b\u00fdval\u00fd socialista (byl i ministrem), jen\u017ee te\u010f jsou u\u017e jeho &#8222;genossen&#8220; p\u00e1r let mimo parlament i vl\u00e1du, &#8211; a tak je mo\u017en\u00e9 do toho divadeln\u011b \u0161l\u00e1pnout.<\/p>\n<h2>Moc podle dona Pabla<\/h2>\n<p>Ostatn\u011b ta strana si u\u017e i zm\u011bnila jm\u00e9no, a jej\u00edm zbytk\u016fm te\u010f pro jistotu dal odvolac\u00ed soud &#8222;d\u00e1re\u010dek&#8220; v podob\u011b p\u016fl miliardy dluhu, kter\u00fd nemus\u00ed je\u0161t\u011b p\u00e1r let splatit. V\u017edy\u0165 co kdyby se p\u0159ece jen spojila s Robertem \u0160lachtou (P\u0159\u00edsaha) a n\u011bjak spole\u010dn\u011b proklouzli\u00a0do parlamentu? A co kdyby n\u011bkomu chyb\u011blo p\u00e1r poslanc\u016f na pokra\u010dov\u00e1n\u00ed &#8222;hnusu fialov\u00e9ho&#8220; v n\u011bjak\u00e9 jin\u00e9 podob\u011b, v jin\u00fdch kulis\u00e1ch? Don Pablo \u0159\u00edd\u00ed &#8222;spravedlnost&#8220; vskutku p\u0159edv\u00eddav\u011b&#8230;<\/p>\n<h2>V p\u0159\u00edm\u00e9m p\u0159enosu<\/h2>\n<p>Ostatn\u011b pr\u00e1v\u011b proto sv\u00e9 favoritce Lence Brad\u00e1\u010dov\u00e9 pr\u00e1v\u011b &#8211; s ji\u017e zm\u00edn\u011bn\u00fdm p\u0159edstihem &#8211; ud\u011blal bene. Jejich p\u0159\u00e1telstv\u00ed je letit\u00e9 a v\u0161em dob\u0159e zn\u00e1m\u00e9. U\u017e od okam\u017eiku, kdy z\u00e1kulisn\u00edmi \u010dachry dostala zcela protipr\u00e1vn\u011b na st\u016fl &#8222;p\u0159\u00edpad Rath&#8220;, na n\u011bm\u017e se tak\u0159\u00edkaj\u00edc\u00a0ud\u011blala. Samoz\u0159ejm\u011b, p\u0159ed t\u00edm pro\u0161la n\u011bkolikalet\u00fdm \u0161kolen\u00edm na americk\u00e9 ambas\u00e1d\u011b, kde jako nezn\u00e1m\u00e1 ale rovn\u011b\u017e v\u0161ehoschopn\u00e1 prokur\u00e1torka ze severu \u010cech \u0159\u00eddila pro ostatn\u00ed &#8222;genossen&#8220; takzvan\u00e9 semin\u00e1\u0159e.<\/p>\n<p>No a pak zm\u00edn\u011bn\u00fd vl\u00e1dn\u00ed pu\u010d s Ne\u010dasem &#8211; jak pops\u00e1no v\u00fd\u0161e. A najednou z n\u00ed byla (\u0159\u00edzen\u00edm dona Pabla) Nejvy\u0161\u0161\u00ed st\u00e1tn\u00ed z\u00e1stupkyn\u011b v Praze, kde &#8211; vzhledem k um\u00edst\u011bn\u00ed v\u011bt\u0161iny hlavn\u00edch instituc\u00ed &#8211; se \u0159e\u0161\u00ed ty nejo\u017eehav\u011bj\u0161\u00ed krimin\u00e1ln\u011b-politick\u00e9 kauzy. T\u0159eba i slavn\u00e9 \u010cap\u00ed hn\u00edzdo (ji\u017e pravomocn\u011b ukon\u010den\u00fd nesmysl uveden\u00fd te\u010f p\u0159ed volbami do stavu op\u011btovn\u00e9ho projedn\u00e1v\u00e1n\u00ed nejvy\u0161\u0161\u00edm st\u00e1tn\u00edm z\u00e1stupcem Igorem St\u0159\u00ed\u017eem). Jen\u017ee jako &#8222;nejvy\u0161\u0161\u00ed pra\u017esk\u00e1&#8220; by Lenka Brad\u00e1\u010dov\u00e1 v dob\u011b p\u016fsoben\u00ed p\u0159\u00ed\u0161t\u00ed vl\u00e1dy skon\u010dila.<\/p>\n<p>A tak ji narychlo don Pablo ud\u011blal v\u016fbec tou nejvy\u0161\u0161\u00ed prokur\u00e1torkou. A St\u0159\u00ed\u017e musel poslu\u0161n\u011b uvolnit m\u00edsto a rezignovat (ur\u010dit\u011b nebude m\u00edt probl\u00e9my jako ostatn\u00ed d\u016fchodci, kter\u00fdm t\u00e1\u017e vl\u00e1da sebrala z penz\u00ed 20 miliard, aby je dala Zelensk\u00e9mu). Podle z\u00e1kona schv\u00e1len\u00e9ho fialov\u00fdmi je prakticky neodvolateln\u00e1, tak\u017ee na p\u011bkn\u00fdch p\u00e1r let m\u00e1 vystar\u00e1no. A oni rovn\u011b\u017e. Sice nem\u00e1 tolik moci jako &#8222;pra\u017esk\u00e1&#8220;, ale na sv\u00e9ho n\u00e1stupce (rovn\u011b\u017e bleskov\u011b schv\u00e1len\u00e9ho vl\u00e1dou) bude jist\u011b pe\u010dliv\u011b &#8222;dohl\u00ed\u017eet&#8220;. A uv\u00e1d\u011bt do pohybu causy jako je t\u0159eba zm\u00edn\u011bn\u00e9 \u010cap\u00ed hn\u00edzdo. A pokou\u0161et se vytvo\u0159it nov\u00fd syst\u00e9m (trojstup\u0148ov\u00fd), v n\u011bm\u017e by jej\u00ed \u00fa\u0159ad z\u00edskal pat\u0159i\u010dnou moc v horn\u00edch patrech &#8222;hlubok\u00e9ho st\u00e1tu&#8220;. Pokud jsme si dosud m\u00e1lo v\u0161\u00edmali v\u00fdstavby zdej\u0161\u00edho Deep State, te\u010f to m\u00e1me p\u0159\u00edmo p\u0159ed o\u010dima.<\/p>\n<p>V p\u0159\u00edm\u00e9m p\u0159enosu. Tak\u017ee i\u00a0kdy\u017e po volb\u00e1ch p\u016fjdou od v\u00e1lu, i kdy\u017e nezafunguj\u00ed v\u0161echny p\u0159ipravovan\u00e9 volebn\u00ed podvody &#8211; t\u011bmi koresponden\u010dn\u00edmi po\u010d\u00ednaje a ji\u017e dop\u0159edu vyslovovan\u00fdmi hrozbami &#8222;brn\u011bnsk\u00e9ho&#8220; \u00fastavn\u00edho soudu o mo\u017en\u00e9m\u00a0povolebn\u00edm &#8222;z\u00e1sahu&#8220; kon\u010de &#8211; oni tu budou v podstat\u011b d\u00e1l.<\/p>\n<p>Zkas\u00edrovan\u00e9 provize ze zak\u00e1zek se p\u0159es n\u011bkolik neviditeln\u00fdch &#8222;kolen&#8220; dostanou na m\u00edsto ur\u010den\u00ed &#8211; v\u010detn\u011b stranick\u00fdch pokladen (p\u0159es n\u00e1hle se vyno\u0159iv\u0161\u00ed &#8222;soukrom\u00e9&#8220; d\u00e1rce). A p\u0159edev\u0161\u00edm: na d\u016fle\u017eit\u00fdch m\u00edstech budou m\u00edt sv\u00e9 lidi. Velmi t\u011b\u017eko vym\u011bniteln\u00e9. Tedy za p\u0159edpokladu,\u00a0\u017ee do vl\u00e1dy nep\u0159ijde n\u011bkdo s trumpovskou razanc\u00ed a odhodl\u00e1n\u00edm ke &#8222;kontrarevoluci&#8220;. Andrej Babi\u0161 (a\u0165 u\u017e s\u00e1m \u010di pe\u010dliv\u011b p\u011bstovan\u00fdmi Motoristy nebo &#8222;\u0160lachtov\u00fdmi&#8220; socialisty) to rozhodn\u011b nen\u00ed.<\/p>\n<p>Tohle je hlavn\u00ed probl\u00e9m, p\u0159ed kter\u00fdm stoj\u00edme. Lze jej vy\u0159e\u0161it jen za p\u0159edpokladu, \u017ee nepodvolen\u00ed nerozdrob\u00ed sv\u00e9 s\u00edly a daj\u00ed ve volb\u00e1ch dostate\u010dn\u011b siln\u00fd mand\u00e1t integruj\u00edc\u00edm se uskupen\u00edm kolem Okamurova SPD a Kone\u010dn\u00e9 Sta\u010dilo!. Jenom v takov\u00e9m p\u0159\u00edpad\u011b se &#8222;hlubok\u00fd st\u00e1t&#8220; prom\u011bn\u00ed ve velmi m\u011blk\u00e9 mo\u0159e uvnit\u0159 \u010desk\u00e9 a moravsk\u00e9 kotliny, kter\u00e9 nebude nemo\u017en\u00e9 &#8222;vysu\u0161it&#8220;. A &#8222;mafi\u00e1nsk\u00e9 politick\u00e9 Brno&#8220; spl\u00e1chne s sebou. Zat\u00edm to vypad\u00e1 jako m\u00e1lo pravd\u011bpodobn\u00fd sen. Ale jak jsme vid\u011bli na Slovensku, v Ma\u010farsku, ve Spojen\u00fdch st\u00e1tech &#8211; a koneckonc\u016f nyn\u00ed, doufejme, i ve Vatik\u00e1nu &#8211; n\u011bkter\u00e9 sny je Proz\u0159etelnost schopna &#8222;z\u00e1zrakem&#8220; spoluzp\u016fsobit. M\u00e1-li ov\u0161em tady v &#8222;slzav\u00e9m \u00fadol\u00ed&#8220; odhodlan\u00e9 spoluhr\u00e1\u010de.<\/p>\n<p><span style=\"font-size: 10pt;\"><a href=\"https:\/\/www.czechfreepress.cz\/politika\/vladni-mafie-ma-napilno-koho-kam-a-za-kolik.html\">ZDROJ<\/a><\/span><\/p>\n<p>&nbsp;<\/p>\n<p>&nbsp;<\/p>\n","protected":false},"excerpt":{"rendered":"<p>Vl\u00e1dn\u00ed mafie m\u00e1 napilno: Koho kam a za kolik? Don Pablo a Capo di tutti&#8230;<\/p>\n","protected":false},"author":2,"featured_media":79059,"comment_status":"closed","ping_status":"closed","sticky":false,"template":"","format":"standard","meta":[],"categories":[6],"tags":[1503,122,99,27],"_links":{"self":[{"href":"https:\/\/www.infokuryr.cz\/n\/wp-json\/wp\/v2\/posts\/79058"}],"collection":[{"href":"https:\/\/www.infokuryr.cz\/n\/wp-json\/wp\/v2\/posts"}],"about":[{"href":"https:\/\/www.infokuryr.cz\/n\/wp-json\/wp\/v2\/types\/post"}],"author":[{"embeddable":true,"href":"https:\/\/www.infokuryr.cz\/n\/wp-json\/wp\/v2\/users\/2"}],"replies":[{"embeddable":true,"href":"https:\/\/www.infokuryr.cz\/n\/wp-json\/wp\/v2\/comments?post=79058"}],"version-history":[{"count":1,"href":"https:\/\/www.infokuryr.cz\/n\/wp-json\/wp\/v2\/posts\/79058\/revisions"}],"predecessor-version":[{"id":79060,"href":"https:\/\/www.infokuryr.cz\/n\/wp-json\/wp\/v2\/posts\/79058\/revisions\/79060"}],"wp:featuredmedia":[{"embeddable":true,"href":"https:\/\/www.infokuryr.cz\/n\/wp-json\/wp\/v2\/media\/79059"}],"wp:attachment":[{"href":"https:\/\/www.infokuryr.cz\/n\/wp-json\/wp\/v2\/media?parent=79058"}],"wp:term":[{"taxonomy":"category","embeddable":true,"href":"https:\/\/www.infokuryr.cz\/n\/wp-json\/wp\/v2\/categories?post=79058"},{"taxonomy":"post_tag","embeddable":true,"href":"https:\/\/www.infokuryr.cz\/n\/wp-json\/wp\/v2\/tags?post=79058"}],"curies":[{"name":"wp","href":"https:\/\/api.w.org\/{rel}","templated":true}]}}