{"id":79056,"date":"2025-05-18T00:22:33","date_gmt":"2025-05-17T22:22:33","guid":{"rendered":"https:\/\/www.infokuryr.cz\/n\/?p=79056"},"modified":"2025-05-17T16:40:53","modified_gmt":"2025-05-17T14:40:53","slug":"jak-nam-nasi-mili-krajane-lhali-a-lzou-o-pomnichovskem-vyhaneni-cechu-z-jejich-domovu","status":"publish","type":"post","link":"https:\/\/www.infokuryr.cz\/n\/2025\/05\/18\/jak-nam-nasi-mili-krajane-lhali-a-lzou-o-pomnichovskem-vyhaneni-cechu-z-jejich-domovu\/","title":{"rendered":"Jak n\u00e1m &#8222;na\u0161i mil\u00ed krajan\u00e9&#8220; lhali a l\u017eou o pomnichovsk\u00e9m vyh\u00e1n\u011bn\u00ed \u010cech\u016f z jejich domov\u016f"},"content":{"rendered":"<div id=\"fb-root\"><\/div>\n<p><strong>Samoz\u0159ejm\u011b se t\u00e9\u017e ani nezmi\u0148uji o mu\u010den\u00ed \u010cech\u016f, \u017did\u016f a antifa\u0161istick\u00fdch N\u011bmc\u016f a jejich rodin, o jejich zab\u00edjen\u00ed, vra\u017ed\u011bn\u00ed<\/strong><\/p>\n<p>&#8222;Spolkov\u00fd ministr vnitra Otto Schily p\u0159ivodil na leto\u0161n\u00edm sudeton\u011bmeck\u00e9m dni v Norimberku \u00fa\u010dastn\u00edk\u016fm rychlou zm\u011bnu jejich pocit\u016f. Pot\u011b\u0161il je svou v\u00fdzvou \u010desk\u00e9 vl\u00e1d\u011b, aby zru\u00ad\u0161ila tzv. Bene\u0161ovy dekrety z let 1945-46 jako odporuj\u00edc\u00ed lidsk\u00fdm pr\u00e1v\u016fm. Za to sklidil srde\u010dn\u00fd potlesk. Rozru\u0161il je ale hned sv\u00fdm n\u00e1sleduj\u00edc\u00edm odstavcem, ve kter\u00e9m je na\u00adb\u00e1dal, aby nezapomn\u011bli, \u017ee &#8222;<strong>vyhn\u00e1ni N\u011bmc\u016f p\u0159edch\u00e1zelo po Mnichovu vyhn\u00e1n\u00ed \u010ce\u00adch\u016f&#8220;<\/strong>.<\/p>\n<p><strong>Toto tvrzen\u00ed kvitovali jeho sudeton\u011bme\u010dt\u00ed poslucha\u010di pot\u0159\u00e1s\u00e1n\u00edm hlavy a v\u00fdk\u0159iky nevole<\/strong>.\u00a0<strong>Ministr p\u0159esto je\u0161t\u011b jednou d\u016frazn\u00fdm hlasem opakoval s t\u00edm, \u017ee tomu tak skute\u010dn\u011b bylo a oni se s t\u00edm mus\u00ed sm\u00ed\u0159it.<\/strong>\u00b4\u00a0<strong><u>Autor p\u0159\u00edsp\u011bvku d\u00e1le rozv\u00e1d\u00ed, \u017ee Schily nemluvil pravdu, k \u017e\u00e1dn\u00e9mu vyhn\u00e1ni \u010cech\u016f po Mnichovu 1938 nedo\u0161lo<\/u><\/strong>.\u201c<\/p>\n<p><em>(Dr. Alfred Schickel, N\u00e1sledky lehkomyslnosti, Sudetendeutsche Zeitung \u010d.34 z\u00a021.8.2002, p\u0159elo\u017eil PhDr. V. Nov\u00e1k, CSc.)<\/em><\/p>\n<p>Srovn\u00e1vejte v\u00fd\u0161e uveden\u00e1 tvrzen\u00ed &#8222;mil\u00e9ho krajana&#8220; Dr. Alfr\u00e9da Schickela s \u00fadaji z knihy &#8222;\u00dat\u011bky a vyh\u00e1n\u011bn\u00ed &#8230;.&#8220;, od autora Jana Bendy, kter\u00e9 vyv\u011b\u0161ujeme a sami m\u016f\u017eete p\u0159ij\u00edt k z\u00e1v\u011br\u016fm, co je le\u017e a pravda. D\u011bkujeme moc v\u0161em, kte\u0159\u00ed pozorn\u011b \u010dtou o utrpen\u00ed, nelidsk\u00e9m mu\u010den\u00ed\u00a0 utekl\u00fdch \u010di vyh\u00e1n\u011bn\u00fdch \u010cech\u016f v dob\u011b pomnichovsk\u00e9.<\/p>\n<p><em>P\u0159ipravil <a href=\"https:\/\/ceske-narodni-listy.estranky.cz\/clanky\/prispevky\/jak-nam--nasi-mili-krajane--lhali-a-lzou-o-pomnichovskem-vyhaneni-cechu-z-jejich-domovu..html\">dr. O. Tule\u0161kov<\/a><\/em><\/p>\n<p>&nbsp;<\/p>\n<p>&nbsp;<\/p>\n","protected":false},"excerpt":{"rendered":"<p>Samoz\u0159ejm\u011b se t\u00e9\u017e ani nezmi\u0148uji o mu\u010den\u00ed \u010cech\u016f, \u017did\u016f a antifa\u0161istick\u00fdch N\u011bmc\u016f a jejich rodin,&#8230;<\/p>\n","protected":false},"author":2,"featured_media":79057,"comment_status":"closed","ping_status":"closed","sticky":false,"template":"","format":"standard","meta":[],"categories":[6],"tags":[670,239,429,40,4580],"_links":{"self":[{"href":"https:\/\/www.infokuryr.cz\/n\/wp-json\/wp\/v2\/posts\/79056"}],"collection":[{"href":"https:\/\/www.infokuryr.cz\/n\/wp-json\/wp\/v2\/posts"}],"about":[{"href":"https:\/\/www.infokuryr.cz\/n\/wp-json\/wp\/v2\/types\/post"}],"author":[{"embeddable":true,"href":"https:\/\/www.infokuryr.cz\/n\/wp-json\/wp\/v2\/users\/2"}],"replies":[{"embeddable":true,"href":"https:\/\/www.infokuryr.cz\/n\/wp-json\/wp\/v2\/comments?post=79056"}],"version-history":[{"count":0,"href":"https:\/\/www.infokuryr.cz\/n\/wp-json\/wp\/v2\/posts\/79056\/revisions"}],"wp:featuredmedia":[{"embeddable":true,"href":"https:\/\/www.infokuryr.cz\/n\/wp-json\/wp\/v2\/media\/79057"}],"wp:attachment":[{"href":"https:\/\/www.infokuryr.cz\/n\/wp-json\/wp\/v2\/media?parent=79056"}],"wp:term":[{"taxonomy":"category","embeddable":true,"href":"https:\/\/www.infokuryr.cz\/n\/wp-json\/wp\/v2\/categories?post=79056"},{"taxonomy":"post_tag","embeddable":true,"href":"https:\/\/www.infokuryr.cz\/n\/wp-json\/wp\/v2\/tags?post=79056"}],"curies":[{"name":"wp","href":"https:\/\/api.w.org\/{rel}","templated":true}]}}