{"id":79054,"date":"2025-05-18T00:19:55","date_gmt":"2025-05-17T22:19:55","guid":{"rendered":"https:\/\/www.infokuryr.cz\/n\/?p=79054"},"modified":"2025-05-17T16:33:04","modified_gmt":"2025-05-17T14:33:04","slug":"jindrich-kulhavy-vztyceny-prostrednicek","status":"publish","type":"post","link":"https:\/\/www.infokuryr.cz\/n\/2025\/05\/18\/jindrich-kulhavy-vztyceny-prostrednicek\/","title":{"rendered":"Jind\u0159ich Kulhav\u00fd: Vzty\u010den\u00fd prost\u0159edn\u00ed\u010dek"},"content":{"rendered":"<div id=\"fb-root\"><\/div>\n<p><strong><span class=\"anotation\">Co toto gesto znamen\u00e1, to jist\u011b v\u0161ichni v\u00edte. V\u011bt\u0161inou jde o v\u00fdmluvn\u00e9 znamen\u00ed, co si o doty\u010dn\u00e9m \u010di doty\u010dn\u00fdch mysl\u00edte, co pro V\u00e1s jejich existence znamen\u00e1 a nakolik se m\u00edn\u00edte zab\u00fdvat jeho\/jejich n\u00e1zory, p\u0159\u00e1n\u00edmi, po\u017eadavky. A pr\u00e1v\u011b jsme n\u011bco podobn\u00e9ho zaznamenali i ve sv\u011btov\u00e9m m\u011b\u0159\u00edtku.<\/span><\/strong><\/p>\n<div id=\"pagetext\">\n<p>\u00a0 V\u0161e od za\u010d\u00e1tku. Nechceme se naplno vracet k\u00a0uplynul\u00fdm t\u0159em desetilet\u00edm, kdy Rusov\u00e9 upozor\u0148uj\u00ed, \u017e\u00e1daj\u00ed a vysv\u011btluj\u00ed. Z\u00e1pad po celou dobu ji\u017e od roku 1989 pou\u017e\u00edv\u00e1 v\u016f\u010di Moskv\u011b pr\u00e1v\u011b ten vzty\u010den\u00fd prost\u0159edn\u00ed\u010dek a posouv\u00e1 hranice sv\u00e9ho ekonomick\u00e9ho a vojensk\u00e9ho imp\u00e9ria bl\u00ed\u017ee k\u00a0Moskv\u011b. Pohltil V\u00fdchodn\u00ed N\u011bmecko, ve sv\u00e9 p\u0159etavil \u010cSSR, PLR, BLR, Rumunsko, Slovinsko, Chorvatsko, Moldavsko, pobaltsk\u00e9 svazov\u00e9 republiky, Ma\u010farsko. N\u011bkter\u00e9 b\u00fdval\u00e9 sov\u011btsk\u00e9 st\u00e1ty neust\u00e1le zkou\u0161\u00ed z\u00edskat pod svou kontrolu pomoc\u00ed \u201eMajdan\u016f\u201c. Kreml sice ob\u010das \u201ezavr\u010del\u201c, ale mezit\u00edm p\u0159edev\u0161\u00edm pracoval na vnit\u0159n\u00edm p\u0159erodu Rusk\u00e9 federace v\u00a0modern\u00ed st\u00e1t s\u00a0funguj\u00edc\u00ed ekonomikou.<\/p>\n<p>Nechceme nyn\u00ed posuzovat, nakolik se mu to poda\u0159ilo, ale ani 16 z\u00e1padn\u00edch sank\u010dn\u00edch bal\u00ed\u010dk\u016f mu z\u00e1sadn\u011b neubl\u00ed\u017eilo. Vladim\u00edr Putin p\u0159ipravil Rusko na v\u0161e, utu\u017eil vztahy s\u00a0nez\u00e1padn\u00edmi zem\u011bmi, spoluzalo\u017eil BRICS a vrac\u00ed rublu vlastnost, kterou dolar a euro postr\u00e1daj\u00ed. Tedy kryt\u00ed zlatem, p\u0159\u00edpadn\u011b jin\u00fdmi aktivy, kter\u00fdmi Rusko jednozna\u010dn\u011b disponuje. Pot\u00e9 \u0159ekl dost a spustil SVO na Ukrajin\u011b. T\u00edm nejen dos\u00e1hnul ochrany ruskojazy\u010dn\u00e9ho obyvatelstva terorizovan\u00e9ho Kyjevem, ale z\u00e1rove\u0148 vytv\u00e1\u0159\u00ed n\u00e1razn\u00edkov\u00e9 p\u00e1smo p\u0159ed vojsky NATO a pr\u016fnikem ekonomick\u00fdch gigant\u016f typu Black Rock a Vanguard zaj\u00edmaj\u00edc\u00edch se o rusk\u00e9 svrchovan\u00e9 \u00fazem\u00ed a maj\u00edc\u00ed dojem, \u017ee u\u017e vlastn\u00ed to ukrajinsk\u00e9. Z\u00e1pad cht\u011bl pou\u017e\u00edt Ukrajinu jako beranidlo vyr\u00e1\u017eej\u00edc\u00ed dve\u0159e na Sibi\u0159 a do bohat\u00fdch oblast\u00ed Rusk\u00e9 federace, Putin z\u00a0n\u00ed d\u011bl\u00e1 sv\u016fj \u0161t\u00edt.<\/p>\n<p>M\u00edr si p\u0159eje ka\u017ed\u00fd norm\u00e1ln\u011b uva\u017euj\u00edc\u00ed \u010dlov\u011bk. V\u00e1lku nespustilo Rusko, naopak ji dlouho oddalovalo. Nejv\u011bt\u0161\u00edmi \u0161tv\u00e1\u010di byli Ameri\u010dan\u00e9 a Britov\u00e9. Majdanem dos\u00e1hnuli sv\u00e9ho a mysleli si, \u017ee Rusko pomoc\u00ed ob\u0159\u00edch dod\u00e1vek zbran\u00ed re\u017eimu, kter\u00e9mu dali vzniknout, vyprovokuj\u00ed. Trvalo to 8 let, nepo\u010d\u00edt\u00e1me li zp\u011btvzet\u00ed Krymu Ruskou federac\u00ed pomoc\u00ed referenda na n\u011bm po\u0159\u00e1dan\u00e9ho a arm\u00e1dou pot\u00e9 podpo\u0159en\u00e9ho. Dal\u0161\u00ed historii vn\u00edmav\u00ed lid\u00e9 znaj\u00ed a vstup Rus\u016f na Ukrajinu v\u00a0roce 2022 ji\u017e pochopili jako jistou nutnost. Putin dal povel, stanovil c\u00edle a jde za jejich napln\u011bn\u00edm stejn\u011b, jako p\u0159ed t\u00edm za n\u00e1vratem Ruska mezi v\u00fdznamn\u00e9 sv\u011btov\u00e9 hr\u00e1\u010de. Po Jelcinovi do\u0161lo k\u00a0z\u00e1sadn\u00edm zm\u011bn\u00e1m a Rusko u\u017e d\u00e1vno nen\u00ed Sov\u011btsk\u00fd svaz.<\/p>\n<p>Situace na Ukrajin\u011b je nyn\u00ed jasn\u00e1. V\u00fdchod dr\u017e\u00ed Rusov\u00e9, postupuj\u00ed pomalu d\u00e1le a z\u00e1rove\u0148 u\u017e vznesli n\u00e1roky, kter\u00e9 maj\u00ed, pokud by m\u011bli ukon\u010dit vojensk\u00e9 akce. Za bojovou lini\u00ed obnovuj\u00ed \u017eivot v\u00a0posti\u017een\u00fdch oblastech, uk\u00e1zkou p\u0159\u00edstupu je Mariopol. K\u00a0uzav\u0159en\u00ed m\u00edru sta\u010d\u00ed relativn\u011b m\u00e1lo. Uzn\u00e1n\u00ed p\u0159\u00edslu\u0161nosti Z\u00e1poro\u017esk\u00e9, Chersonsk\u00e9, Don\u011bck\u00e9 a Luhansk\u00e9 oblast\u00ed spole\u010dn\u011b s\u00a0Krymem k\u00a0Rusk\u00e9 federaci, vzd\u00e1n\u00ed se Ukrajiny nacismu a vstupu do NATO, sn\u00ed\u017een\u00ed po\u010dtu ukrajinsk\u00fdch voj\u00e1k\u016f tak, aby neohro\u017eovali Rusko a absenci jak\u00fdchkoliv z\u00e1padn\u00edch arm\u00e1d na \u00fazem\u00ed Ukrajiny. Vcelku logick\u00e9 po\u017eadavky v\u00edt\u011bze, za kter\u00e9ho se Rusov\u00e9 pova\u017euj\u00ed a inteligentn\u00ed lid\u00e9 je tak vn\u00edmaj\u00ed.<\/p>\n<p>Jestli\u017ee Z\u00e1pad ukazoval vzty\u010den\u00fd prost\u0159edn\u00ed\u010dek Moskv\u011b v\u00edce jak cel\u00e9 \u010dtvrtstolet\u00ed, nyn\u00ed se karta obr\u00e1tila. Macron, Starmer a Merz si museli asi \u0161\u0148upnout, kdy\u017e vyd\u00e1vali ultim\u00e1ta, pokud Rusov\u00e9 okam\u017eit\u011b nepodep\u00ed\u0161ou p\u0159\u00edm\u011b\u0159\u00ed. Leyenov\u00e1 chce p\u0159ipravit 17.bal\u00ed\u010dek sankc\u00ed proti Rusku, p\u0159itom u\u017e sama rozhla\u0161uje, \u017ee Z\u00e1pad skon\u010dil a EU dovedla na kraj propasti. Trump d\u011bl\u00e1 po\u0159\u00e1dek p\u0159edev\u0161\u00edm v\u00a0USA, \u010c\u00edna je t\u0159et\u00edm sv\u011btov\u00fdm gigantem a stoj\u00ed za Ruskem. A Putin? Ignoruje v\u0161ude \u017eebraj\u00edc\u00edho Zelensk\u00e9ho, nechal ho \u010dekat v\u00a0Istanbulu a k\u00a0jedn\u00e1n\u00ed poslal 2.garnituru. Nem\u00e1 d\u016fvod sp\u011bchat. Je v\u00edt\u011bzem a Z\u00e1pad bez USA pora\u017een\u00fdm. Prost\u0159edn\u00ed\u010dek nyn\u00ed vzty\u010duje pr\u00e1v\u011b on a pr\u00e1vem s\u00a0ruskou gr\u00e1ci\u00ed a hrdost\u00ed. Eurounijn\u00ed mopsl\u00edci jen \u0161t\u011bkaj\u00ed, ale kousnout se boj\u00ed. Bohu\u017eel t\u00edm trp\u00ed Evropan\u00e9. S\u00a0Ruskem je lep\u0161\u00ed spolupracovat ne\u017e ho dr\u00e1\u017edit. To je prost\u011b realita.<\/p>\n<p><a href=\"https:\/\/www.inadhled.live\/uvaha-dne\/vztyceny-prostrednicek\/\">Jind\u0159ich Kulhav\u00fd<\/a><\/p>\n<p><img decoding=\"async\" loading=\"lazy\" class=\"alignnone size-full wp-image-48136\" src=\"http:\/\/www.infokuryr.cz\/n\/wp-content\/uploads\/2024\/02\/kulhavy-jindrich.jpg\" alt=\"\" width=\"219\" height=\"221\" srcset=\"https:\/\/www.infokuryr.cz\/n\/wp-content\/uploads\/2024\/02\/kulhavy-jindrich.jpg 219w, https:\/\/www.infokuryr.cz\/n\/wp-content\/uploads\/2024\/02\/kulhavy-jindrich-150x150.jpg 150w\" sizes=\"(max-width: 219px) 100vw, 219px\" \/><\/p>\n<p>&nbsp;<\/p>\n<p>&nbsp;<\/p>\n<\/div>\n","protected":false},"excerpt":{"rendered":"<p>Co toto gesto znamen\u00e1, to jist\u011b v\u0161ichni v\u00edte. V\u011bt\u0161inou jde o v\u00fdmluvn\u00e9 znamen\u00ed, co si&#8230;<\/p>\n","protected":false},"author":2,"featured_media":79055,"comment_status":"closed","ping_status":"closed","sticky":false,"template":"","format":"standard","meta":[],"categories":[6],"tags":[1503,102,1000],"_links":{"self":[{"href":"https:\/\/www.infokuryr.cz\/n\/wp-json\/wp\/v2\/posts\/79054"}],"collection":[{"href":"https:\/\/www.infokuryr.cz\/n\/wp-json\/wp\/v2\/posts"}],"about":[{"href":"https:\/\/www.infokuryr.cz\/n\/wp-json\/wp\/v2\/types\/post"}],"author":[{"embeddable":true,"href":"https:\/\/www.infokuryr.cz\/n\/wp-json\/wp\/v2\/users\/2"}],"replies":[{"embeddable":true,"href":"https:\/\/www.infokuryr.cz\/n\/wp-json\/wp\/v2\/comments?post=79054"}],"version-history":[{"count":0,"href":"https:\/\/www.infokuryr.cz\/n\/wp-json\/wp\/v2\/posts\/79054\/revisions"}],"wp:featuredmedia":[{"embeddable":true,"href":"https:\/\/www.infokuryr.cz\/n\/wp-json\/wp\/v2\/media\/79055"}],"wp:attachment":[{"href":"https:\/\/www.infokuryr.cz\/n\/wp-json\/wp\/v2\/media?parent=79054"}],"wp:term":[{"taxonomy":"category","embeddable":true,"href":"https:\/\/www.infokuryr.cz\/n\/wp-json\/wp\/v2\/categories?post=79054"},{"taxonomy":"post_tag","embeddable":true,"href":"https:\/\/www.infokuryr.cz\/n\/wp-json\/wp\/v2\/tags?post=79054"}],"curies":[{"name":"wp","href":"https:\/\/api.w.org\/{rel}","templated":true}]}}