{"id":79053,"date":"2025-05-18T00:16:38","date_gmt":"2025-05-17T22:16:38","guid":{"rendered":"https:\/\/www.infokuryr.cz\/n\/?p=79053"},"modified":"2025-05-17T16:29:13","modified_gmt":"2025-05-17T14:29:13","slug":"jiri-vyvadil-spd-posiluje-a-to-je-dobre","status":"publish","type":"post","link":"https:\/\/www.infokuryr.cz\/n\/2025\/05\/18\/jiri-vyvadil-spd-posiluje-a-to-je-dobre\/","title":{"rendered":"Ji\u0159\u00ed Vyvadil: SPD posiluje a to je dob\u0159e\u2026"},"content":{"rendered":"<div id=\"fb-root\"><\/div>\n<p><strong>Na politick\u00e9m nebi vid\u00edme, \u017ee se v\u011bci h\u00fdbaj\u00ed a to, co p\u0159ed n\u011bkolika m\u011bs\u00edci vypadalo a\u017e nudn\u011b, \u017ee ANO triumf\u00e1ln\u011b zv\u00edt\u011bz\u00ed a sou\u010dasn\u00e1 koalice popad\u00e1 u\u017e tak nevypad\u00e1.<\/strong><\/p>\n<p style=\"font-weight: 400;\">Sympatick\u00e9 jsou posuny na stran\u011b vl\u00e1dn\u00ed koalice, zejm\u00e9na oslabov\u00e1n\u00ed STAN, kter\u00e9 se \u010dasto v\u00a0m\u00e9di\u00edch nech\u00e1v\u00e1 zastupovat neprosto nep\u0159\u00ed\u010detnou europoslankyn\u00ed Danu\u0161\u00ed Nerudovou, kter\u00e1 zaslou\u017een\u011b bud\u00ed i u realistick\u00fdch, by\u0165 i provl\u00e1dn\u00edch stoupenc\u016f odpor a racion\u00e1ln\u00ed p\u0159\u00ed\u010dinou m\u016f\u017ee b\u00fdt i jist\u00e9 zpev\u0148ov\u00e1n\u00ed SPOLU, co\u017e automaticky p\u0159esouv\u00e1 \u010d\u00e1st voli\u010d\u016f jinak zjevn\u011b pevn\u00e9ho bal\u00edku proukrajinsk\u00fdch a liber\u00e1ln\u00edch\u00a0 proz\u00e1padn\u00edch voli\u010d\u016f v\u00a0jeho prosp\u011bch.<\/p>\n<p style=\"font-weight: 400;\">Jist\u00e9 zm\u011bny zaznamen\u00e1v\u00e1me i na stran\u011b opozice.<\/p>\n<p style=\"font-weight: 400;\">ANO st\u00e1le dominuje a je t\u00e9m\u011b\u0159 jist\u00e9, \u017ee Andrej Babi\u0161 bude rozhoduj\u00edc\u00edm pretendentem na funkci premi\u00e9ra, ale zcela ur\u010dit\u011b se bude muset rozlou\u010dit s\u00a0p\u0159edstavou, \u017ee bude vl\u00e1dnout samostatn\u011b.<\/p>\n<p style=\"font-weight: 400;\">A SPD bohud\u00edk roste a vcelku automaticky klesaj\u00ed preference Motorist\u016f a Sta\u010dilo. P\u0159ipus\u0165me, \u017ee SPD prosp\u011blo propojen\u00ed s\u00a0dal\u0161\u00edmi subjekty, Trikol\u00f3rou, Svobodn\u00fdmi a PRO, tedy se stranami, kter\u00e9 by jinak propadly, ale dohromady n\u00e1hle vytv\u00e1\u0159\u00ed dojem s\u00edly a za\u010dle\u0148uje k\u00a0SPD protestn\u00ed strany, kter\u00e9 jej\u00ed kumulovan\u00fd opozi\u010dn\u00ed charakter posiluje. SPD se tak st\u00e1v\u00e1 nejpravd\u011bpodobn\u011bj\u0161\u00ed adept na spolupr\u00e1ci.<\/p>\n<p style=\"font-weight: 400;\">Je dobr\u00e9, \u017ee by SPD p\u0159ineslo ANO trochu v\u00edce protestn\u00edho ko\u0159eni, nap\u0159\u00edklad v\u00a0ot\u00e1zce v\u011bt\u0161\u00ed kritiky NATO \u010di EU, \u010d\u00edm\u017e \u017eij\u00ed prakticky v\u0161echny ostatn\u00ed zem\u011b euroatlantick\u00e9ho regionu,\u00a0\u00a0proto\u017ee u ANO si leckdy\u00a0\u00a0m\u016f\u017eeme myslet, \u017ee je prakticky pouhou p\u0159evr\u00e1cenou kopi\u00ed SPOLU.<\/p>\n<p style=\"font-weight: 400;\">A zd\u00e1 se, \u017ee spole\u010dn\u00fd po\u010det mand\u00e1t\u016f by mohl posta\u010dovat k\u00a0vl\u00e1dnut\u00ed.<\/p>\n<p style=\"font-weight: 400;\">\u017de by Andrej Babi\u0161 a nejen on opakovan\u011b d\u00e1val najevo, \u017ee by\u00a0\u00a0jist\u011b r\u00e1d vzal do party Motoristy a Filipa Turka jako ministra zahrani\u010dn\u00edch\u00a0\u00a0v\u011bc\u00ed, jak se zrovna v\u00a0t\u00fddnu k\u00a0t\u00e9to ot\u00e1zce vyslovil, je z\u0159ejm\u00e9. V\u00a0ka\u017ed\u00e9m p\u0159\u00edpad\u011b proto\u017ee je zjevn\u00fdm a kategorick\u00fdm a nejviditeln\u011bj\u0161\u00edm odp\u016frcem Lipavsk\u00e9ho, nav\u00e1zal pevn\u00e9 vztahy nejen v eurorealistick\u00e9 Evrop\u011b, ale zejm\u00e9na u americk\u00fdch republik\u00e1n\u016f , kte\u0159\u00ed je\u0161t\u011b po del\u0161\u00ed dobu budou ovl\u00e1dat do p\u0159\u00ed\u0161t\u00edch voleb B\u00edl\u00fd d\u016fm.<\/p>\n<p style=\"font-weight: 400;\">Suma sum\u00e1rum, nemuselo by to vypadat \u0161patn\u011b. N\u011bjak\u00e1 forma koalice ANO a SPD a Turek jako ministr zahrani\u010dn\u00edch v\u011bc\u00ed.<\/p>\n<p style=\"font-weight: 400;\">Vypadalo by to nad\u011bjn\u011b pro tuto\u00a0\u00a0zemi.<\/p>\n<p><a href=\"https:\/\/vasevec.info\/domaci-politika\/spd-posiluje-je-dobre\">Ji\u0159\u00ed Vyvadil<\/a><\/p>\n<p><img decoding=\"async\" loading=\"lazy\" class=\"alignnone size-medium wp-image-16474\" src=\"http:\/\/www.infokuryr.cz\/n\/wp-content\/uploads\/2022\/10\/jiri-vyvadil-300x200.jpg\" alt=\"\" width=\"300\" height=\"200\" srcset=\"https:\/\/www.infokuryr.cz\/n\/wp-content\/uploads\/2022\/10\/jiri-vyvadil-300x200.jpg 300w, https:\/\/www.infokuryr.cz\/n\/wp-content\/uploads\/2022\/10\/jiri-vyvadil-768x512.jpg 768w, https:\/\/www.infokuryr.cz\/n\/wp-content\/uploads\/2022\/10\/jiri-vyvadil.jpg 800w\" sizes=\"(max-width: 300px) 100vw, 300px\" \/><\/p>\n<p>&nbsp;<\/p>\n","protected":false},"excerpt":{"rendered":"<p>Na politick\u00e9m nebi vid\u00edme, \u017ee se v\u011bci h\u00fdbaj\u00ed a to, co p\u0159ed n\u011bkolika m\u011bs\u00edci vypadalo&#8230;<\/p>\n","protected":false},"author":2,"featured_media":74694,"comment_status":"closed","ping_status":"closed","sticky":false,"template":"","format":"standard","meta":[],"categories":[6],"tags":[1503,176,27],"_links":{"self":[{"href":"https:\/\/www.infokuryr.cz\/n\/wp-json\/wp\/v2\/posts\/79053"}],"collection":[{"href":"https:\/\/www.infokuryr.cz\/n\/wp-json\/wp\/v2\/posts"}],"about":[{"href":"https:\/\/www.infokuryr.cz\/n\/wp-json\/wp\/v2\/types\/post"}],"author":[{"embeddable":true,"href":"https:\/\/www.infokuryr.cz\/n\/wp-json\/wp\/v2\/users\/2"}],"replies":[{"embeddable":true,"href":"https:\/\/www.infokuryr.cz\/n\/wp-json\/wp\/v2\/comments?post=79053"}],"version-history":[{"count":0,"href":"https:\/\/www.infokuryr.cz\/n\/wp-json\/wp\/v2\/posts\/79053\/revisions"}],"wp:featuredmedia":[{"embeddable":true,"href":"https:\/\/www.infokuryr.cz\/n\/wp-json\/wp\/v2\/media\/74694"}],"wp:attachment":[{"href":"https:\/\/www.infokuryr.cz\/n\/wp-json\/wp\/v2\/media?parent=79053"}],"wp:term":[{"taxonomy":"category","embeddable":true,"href":"https:\/\/www.infokuryr.cz\/n\/wp-json\/wp\/v2\/categories?post=79053"},{"taxonomy":"post_tag","embeddable":true,"href":"https:\/\/www.infokuryr.cz\/n\/wp-json\/wp\/v2\/tags?post=79053"}],"curies":[{"name":"wp","href":"https:\/\/api.w.org\/{rel}","templated":true}]}}