{"id":79050,"date":"2025-05-18T00:13:59","date_gmt":"2025-05-17T22:13:59","guid":{"rendered":"https:\/\/www.infokuryr.cz\/n\/?p=79050"},"modified":"2025-05-17T16:24:42","modified_gmt":"2025-05-17T14:24:42","slug":"otravena-studna-silenstvim-nepijte-z-ni-pridejte-se-k-nam","status":"publish","type":"post","link":"https:\/\/www.infokuryr.cz\/n\/2025\/05\/18\/otravena-studna-silenstvim-nepijte-z-ni-pridejte-se-k-nam\/","title":{"rendered":"Otr\u00e1ven\u00e1 studna \u0161\u00edlenstv\u00edm: nepijte z n\u00ed, p\u0159idejte se k n\u00e1m!"},"content":{"rendered":"<div id=\"fb-root\"><\/div>\n<div class=\"introtext\">\n<h4>Jeden temn\u00fd \u010darod\u011bj cht\u011bl zni\u010dit jak\u00e9si kr\u00e1lovstv\u00ed, a tak do studny, z n\u00ed\u017e si brali vodu v\u0161ichni obyvatel\u00e9 t\u00e9 zem\u011b, nalil kouzeln\u00fd lektvar. Kdo se t\u00e9 vody napil, ten se zbl\u00e1znil.<\/h4>\n<\/div>\n<div class=\"fulltext\">\n<div class=\"x11i5rnm xat24cr x1mh8g0r x1vvkbs xtlvy1s x126k92a\">\n<p dir=\"auto\">Na druh\u00fd den r\u00e1no se j\u00ed napili v\u0161ichni lid\u00e9 z kr\u00e1lovstv\u00ed a zbl\u00e1znili se,\u00a0a\u017e na kr\u00e1le &#8211; kter\u00fd m\u011bl pro sebe a svou rodinu vlastn\u00ed studnu, k n\u00ed\u017e se \u010darod\u011bj nedostal. Znepokojen\u00fd kr\u00e1l se sna\u017eil sv\u00e9 poddan\u00e9 n\u011bjak zvl\u00e1dnout a na\u0159\u00eddil \u0159adu bezpe\u010dnostn\u00edch a zdravotn\u00edch opat\u0159en\u00ed: ov\u0161em str\u00e1\u017en\u00edci a \u00fa\u0159edn\u00edci se t\u00e9 otr\u00e1ven\u00e9 vody napili tak\u00e9, kr\u00e1lovy p\u0159\u00edkazy pova\u017eovali za nesmysl a nehodlali je plnit.<\/p>\n<p dir=\"auto\">Kdy\u017e se pak obyvatel\u00e9 kr\u00e1lovstv\u00ed o t\u011bch dekretech dozv\u011bd\u011bli, do\u0161li k n\u00e1zoru, \u017ee jejich panovn\u00edk se zbl\u00e1znil a \u017ee te\u010f p\u0159ikazuje sam\u00e9 hlouposti. S k\u0159ikem se shrom\u00e1\u017edili p\u0159ed hradem a \u017e\u00e1dali, aby kr\u00e1l odstoupil.<\/p>\n<p dir=\"auto\">Zoufal\u00fd vl\u00e1dce se tedy chystal vzd\u00e1t tr\u016fnu, ale kr\u00e1lovna mu v tom zabr\u00e1nila a \u0159ekla: &#8222;Te\u010f p\u016fjdeme k t\u00e9 studni a taky se napijeme. Budeme pak stejn\u00ed jako oni.&#8220;<\/p>\n<p dir=\"auto\">Tak se tak\u00e9 stalo: kr\u00e1l s kr\u00e1lovnou se napili vody \u0161\u00edlenstv\u00ed a okam\u017eit\u011b za\u010dali \u0159\u00edkat nesmysly. Jejich poddan\u00ed pak od sv\u00e9ho po\u017eadavku ustoupili: kdy\u017e kr\u00e1l te\u010f prokazuje takovou moudrost, pro\u010d by nemohl vl\u00e1dnout v zemi d\u00e1l?<\/p>\n<p dir=\"auto\">V kr\u00e1lovstv\u00ed potom nastal klid, p\u0159esto\u017ee se jeho obyvatel\u00e9 chovali docela jinak ne\u017e jejich soused\u00e9. A kr\u00e1l mohl vl\u00e1dnout a\u017e do konce sv\u00fdch dn\u00ed.<\/p>\n<h3><strong>My, ob\u010dan\u00e9 \u010cesk\u00e9 republiky, voli\u010di SPD, strany PRO, Svobodn\u00fdch a Trikolory odm\u00edt\u00e1me p\u00edt z t\u00e9to otr\u00e1ven\u00e9 studny.<\/strong><\/h3>\n<p>Trestaj\u00ed n\u00e1s, zav\u00edraj\u00ed, ur\u00e1\u017e\u00ed, chovaj\u00ed se jako \u0161\u00edlenci. Z masm\u00e9di\u00ed tvrd\u00ed, \u017ee kdy\u017e jsme norm\u00e1ln\u00ed, jsme vlastn\u011b \u0161\u00edlen\u00ed. Policie a voj\u00e1ci se sna\u017e\u00ed, abychom se kone\u010dn\u011b napili z otr\u00e1ven\u00e9 studny, my zat\u00edm odol\u00e1v\u00e1me a abychom m\u011bli s\u00edlu se z t\u00e9 otr\u00e1ven\u00e9 studny \u0161\u00edlenstv\u00edm nenap\u00edt, spojili jsme se v on\u00e9\u00a0<strong>p\u0159irozen\u00e9 a svobodn\u00e9 spole\u010dnosti slu\u0161n\u00fdch lid\u00ed, kterou povedou Tomio Okamura, Jind\u0159ich Rajchl, Libor Vondr\u00e1\u010dek a Zuzana Majerov\u00e1.<\/strong><\/p>\n<h3><strong>Kdo se odm\u00edt\u00e1 nap\u00edt z otr\u00e1ven\u00e9 studny \u0161\u00edlenstv\u00edm, p\u0159idejte se k n\u00e1m.<\/strong><\/h3>\n<p><img decoding=\"async\" loading=\"lazy\" class=\"aligncenter\" src=\"https:\/\/www.skrytapravda.cz\/images\/2025\/VOLBY\/spoj_2025.webp\" alt=\"spoj 2025\" width=\"564\" height=\"99\" \/><\/p>\n<p><a href=\"https:\/\/www.skrytapravda.cz\/z-domova\/2568-otravena-studna-silenstvim-nepijte-z-ni-pridejte-se-k-nam\">Petr Pokorn\u00fd<\/a><\/p>\n<p>&nbsp;<\/p>\n<\/div>\n<\/div>\n","protected":false},"excerpt":{"rendered":"<p>Jeden temn\u00fd \u010darod\u011bj cht\u011bl zni\u010dit jak\u00e9si kr\u00e1lovstv\u00ed, a tak do studny, z n\u00ed\u017e si brali&#8230;<\/p>\n","protected":false},"author":2,"featured_media":79051,"comment_status":"closed","ping_status":"closed","sticky":false,"template":"","format":"standard","meta":[],"categories":[6],"tags":[1503,35,122,27],"_links":{"self":[{"href":"https:\/\/www.infokuryr.cz\/n\/wp-json\/wp\/v2\/posts\/79050"}],"collection":[{"href":"https:\/\/www.infokuryr.cz\/n\/wp-json\/wp\/v2\/posts"}],"about":[{"href":"https:\/\/www.infokuryr.cz\/n\/wp-json\/wp\/v2\/types\/post"}],"author":[{"embeddable":true,"href":"https:\/\/www.infokuryr.cz\/n\/wp-json\/wp\/v2\/users\/2"}],"replies":[{"embeddable":true,"href":"https:\/\/www.infokuryr.cz\/n\/wp-json\/wp\/v2\/comments?post=79050"}],"version-history":[{"count":1,"href":"https:\/\/www.infokuryr.cz\/n\/wp-json\/wp\/v2\/posts\/79050\/revisions"}],"predecessor-version":[{"id":79052,"href":"https:\/\/www.infokuryr.cz\/n\/wp-json\/wp\/v2\/posts\/79050\/revisions\/79052"}],"wp:featuredmedia":[{"embeddable":true,"href":"https:\/\/www.infokuryr.cz\/n\/wp-json\/wp\/v2\/media\/79051"}],"wp:attachment":[{"href":"https:\/\/www.infokuryr.cz\/n\/wp-json\/wp\/v2\/media?parent=79050"}],"wp:term":[{"taxonomy":"category","embeddable":true,"href":"https:\/\/www.infokuryr.cz\/n\/wp-json\/wp\/v2\/categories?post=79050"},{"taxonomy":"post_tag","embeddable":true,"href":"https:\/\/www.infokuryr.cz\/n\/wp-json\/wp\/v2\/tags?post=79050"}],"curies":[{"name":"wp","href":"https:\/\/api.w.org\/{rel}","templated":true}]}}