{"id":79034,"date":"2025-05-18T00:18:29","date_gmt":"2025-05-17T22:18:29","guid":{"rendered":"https:\/\/www.infokuryr.cz\/n\/?p=79034"},"modified":"2025-05-17T15:56:36","modified_gmt":"2025-05-17T13:56:36","slug":"38lety-marocan-znasilnil-67letou-zenu-hrozi-mu-absurdni-trest","status":"publish","type":"post","link":"https:\/\/www.infokuryr.cz\/n\/2025\/05\/18\/38lety-marocan-znasilnil-67letou-zenu-hrozi-mu-absurdni-trest\/","title":{"rendered":"38let\u00fd Maro\u010dan zn\u00e1silnil 67letou \u017eenu \u2013 hroz\u00ed mu absurdn\u00ed trest"},"content":{"rendered":"<div id=\"fb-root\"><\/div>\n<p><strong><span>Trag\u00e9die, kter\u00e1 nav\u017edy zm\u011bnila \u017eivot star\u0161\u00ed \u017eeny, \u0161okovala belgick\u00e9 m\u011bsto Morstel. Sedma\u0161edes\u00e1tilet\u00e1 \u017eena se stala ob\u011bt\u00ed brut\u00e1ln\u00edho sexu\u00e1ln\u00edho napaden\u00ed mu\u017eem, kter\u00fd v zemi neleg\u00e1ln\u011b pob\u00fdval, p\u0159ed marockou kav\u00e1rnou. P\u0159\u00edpad ukazuje nejen lidsk\u00e9 utrpen\u00ed, ale tak\u00e9 to, jak st\u00e1tn\u00ed instituce selh\u00e1vaj\u00ed v ochran\u011b sv\u00fdch nejzraniteln\u011bj\u0161\u00edch ob\u010dan\u016f.<\/span><\/strong><\/p>\n<p><span>Pr\u00e1vni\u010dka ob\u011bti Manon Copov\u00e1 t\u0159esouc\u00edm se hlasem popsala soudu no\u010dn\u00ed m\u016fru: Pachatel \u201evtiskl \u017een\u011b jazyk do \u00fast, v\u0161ude ji osah\u00e1val a dr\u017eel ji\u201c. Pouze odv\u00e1\u017en\u00fd z\u00e1sah pozorn\u00e9ho souseda, kter\u00fd sly\u0161el zoufal\u00e9 vol\u00e1n\u00ed o pomoc a zalarmoval policii, \u017eenu zachr\u00e1nil p\u0159ed je\u0161t\u011b hor\u0161\u00edm \u2013 \u0161\u0165astn\u00e1 n\u00e1hoda v \u0159et\u011bzci \u00fa\u0159edn\u00edch selh\u00e1n\u00ed.<\/span><\/p>\n<p><span>\u201eJe to p\u0159esn\u011b ten typ pachatele, p\u0159ed kter\u00fdm rodi\u010de varuj\u00ed sv\u00e9 d\u011bti,\u201c vysv\u011btlil Cop s t\u00e9m\u011b\u0159 neskr\u00fdvan\u00fdm hn\u011bvem. Zat\u00edmco se star\u0161\u00ed \u017eena nyn\u00ed sna\u017e\u00ed uzdravit svou zlomenou du\u0161i psychiatrickou l\u00e9\u010dbou, pachatel projevuje d\u011bsivou lhostejnost. Jeho tv\u00e1\u0159 neprozrazuje \u017e\u00e1dnou l\u00edtost, jeho slova se pouze sna\u017e\u00ed vyh\u00fdbat \u2013 znepokojiv\u00fd obraz lidsk\u00e9ho chladu, kter\u00fd vyvol\u00e1v\u00e1 ot\u00e1zku, jak mohou takov\u00ed lid\u00e9 neru\u0161en\u011b fungovat ve spole\u010dnosti, kter\u00e1 tvrd\u00ed, \u017ee chr\u00e1n\u00ed sv\u00e9 nejzraniteln\u011bj\u0161\u00ed.<\/span><\/p>\n<h3 id=\"h-ubergriffe-im-cafe\" class=\"wp-block-heading\"><span>\u00datoky v kav\u00e1rn\u011b<\/span><\/h3>\n<p><span>K incidentu do\u0161lo 18. \u0159\u00edjna lo\u0148sk\u00e9ho roku. Ob\u011b\u0165 ve\u010de\u0159ela s p\u0159\u00e1teli v kav\u00e1rn\u011b a konzumovala alkohol. Kdy\u017e jej\u00ed spole\u010dn\u00edci ode\u0161li, rozhodla se z\u016fstat je\u0161t\u011b o n\u011bco d\u00e9le \u2013 osudov\u00e9 rozhodnut\u00ed.<\/span><\/p>\n<p><span>Advok\u00e1t Cop popsal, jak pachatel \u201espat\u0159il svou p\u0159\u00edle\u017eitost. Tak\u00e9 sed\u011bl na terase a v\u0161iml si star\u0161\u00ed, opil\u00e9 \u017eeny. P\u0159istoupil k n\u00ed, posadil se k jej\u00edmu stolu a za\u010dal ji obt\u011b\u017eovat.\u201c To, co n\u00e1sledovalo, pr\u00e1vn\u00edk popsal jako \u201enejdel\u0161\u00ed p\u016flhodinu \u017eivota t\u00e9to \u017eeny\u201c. Mu\u017e ji osah\u00e1val, chytil ji za hlavu, proti jej\u00ed v\u016fli ji l\u00edbal a pronikl j\u00ed jazykem do \u00fast. Dot\u00fdkal se jej\u00edch prsou a intimn\u00edch parti\u00ed, \u010d\u00edm\u017e j\u00ed zp\u016fsoboval bolest a n\u00e1sil\u00edm ji dr\u017eel.<\/span><\/p>\n<p><span>Star\u0161\u00ed \u017eena se zoufale br\u00e1nila, \u0161kr\u00e1bala ho do obli\u010deje a dokonce mu kousala do jazyka, zat\u00edmco hlasit\u011b volala o pomoc. Ale mu\u017e ji nepustil. \u201eJe neuv\u011b\u0159iteln\u00e9, \u017ee n\u011bkdo m\u016f\u017ee tak dlouho pro\u017e\u00edvat sv\u00e9 zvr\u00e1cen\u00e9 fantazie na ve\u0159ejn\u00e9m m\u00edst\u011b. M\u016fj klient m\u011bl smrteln\u00fd strach,\u201c \u0159ekl policista. B\u011bhem \u00fatoku \u017eena zoufale k\u0159i\u010dela: \u201ePomoc, jsem zn\u00e1sil\u0148ov\u00e1na! Pro\u010d nikdo nic ned\u011bl\u00e1?\u201c Kdy\u017e dorazila policie, mu\u017ee chytila \u200b\u200bp\u0159i \u010dinu. M\u011bl rozepnut\u00fd p\u00e1sek a \u00fapln\u011b rozepnut\u00e9 kalhoty \u2013 jasn\u00fd d\u016fkaz jeho \u00famysl\u016f.<\/span><\/p>\n<h3 id=\"h-gespielte-reue\" class=\"wp-block-heading\"><span>P\u0159edst\u00edran\u00e1 l\u00edtost<\/span><\/h3>\n<p><a href=\"https:\/\/www.hln.be\/mortsel\/het-langste-halfuur-van-haar-leven-vrouw-67-wordt-op-cafe-in-mortsel-verkracht-door-man-38~a85689d6\/\"><span>Belgick\u00e9 noviny HLN<\/span><\/a><span> z\u00edskaly p\u0159\u00edstup k osobn\u00edmu dopisu ob\u011bti, zn\u00e1m\u00e9 pouze pod inici\u00e1lou M. Dopis byl p\u0159e\u010dten v soudn\u00ed s\u00edni: \u201e\u010c\u00e1ste\u010dn\u011b jste mi zni\u010dil \u017eivot. To m\u011b bude pron\u00e1sledovat je\u0161t\u011b dlouho. Douf\u00e1m, \u017ee budete litovat sv\u00fdch \u010din\u016f, ale j\u00e1 v\u00e1m nemohu odpustit, co jste mi ud\u011blal.\u201c<\/span><\/p>\n<p><span>Pr\u00e1vn\u00edk Cop v\u0161ak pochybuje, \u017ee pachatel sv\u00e9ho jedn\u00e1n\u00ed v\u016fbec lituje. \u201eJeho omluva byla velmi v\u011brohodn\u00e1,\u201c poznamenala sarkasticky. Zesm\u011b\u0161nila jeho tvrzen\u00ed, \u017ee pil alkohol a u\u017e\u00edval kokain: \u201e\u201aProto si nic nepamatuji.\u2018\u201c D\u00edky tomu se lze snadno vyhnout odpov\u011bdnosti. To nejmen\u0161\u00ed, co by se dalo po takov\u00e9m \u010dinu o\u010dek\u00e1vat, by byla omluva. M\u016fj klient velmi trp\u00ed t\u00edm, \u017ee se nikdy \u201eomluvy\u201c nedo\u010dkal.\u201c<\/span><\/p>\n<h3 id=\"h-angst-und-albtraume\" class=\"wp-block-heading\"><span>Strach a no\u010dn\u00ed m\u016fry<\/span><\/h3>\n<p><span>D\u016fsledky pro ob\u011b\u0165 jsou zni\u010duj\u00edc\u00ed: \u201eTrp\u00ed no\u010dn\u00edmi m\u016frami, je \u010dasto \u00fazkostliv\u00e1 a c\u00edt\u00ed se neust\u00e1le nejist\u011b. Znovu se propadla nadm\u011brn\u00e9 konzumaci alkoholu a u\u017e byla obzvl\u00e1\u0161t\u011b zranitelnou \u017eenou. Jej\u00ed jedin\u00fd syn zem\u0159el v roce 2009. Op\u011bt je v psychiatrick\u00e9 p\u00e9\u010di a nyn\u00ed je tak\u00e9 izolov\u00e1na, proto\u017ee si u\u017e neodva\u017euje vyj\u00edt ven.\u201c<\/span><\/p>\n<p><span>Policistka popsala fyzick\u00e1 zran\u011bn\u00ed sv\u00e9 klientky na stehn\u011b, rtu a nose. P\u0159esto\u017ee byla b\u011bhem incidentu siln\u011b opil\u00e1, s \u00fato\u010dn\u00edkem zu\u0159iv\u011b bojovala a k\u0159i\u010dela, \u017ee je zn\u00e1sil\u0148ov\u00e1na. Ob\u017ealovan\u00fd nem\u00e1 v Belgii \u017e\u00e1dn\u00fd trestn\u00ed rejst\u0159\u00edk, ale na soudn\u00ed proces dorazil s hodinov\u00fdm zpo\u017ed\u011bn\u00edm, k n\u011bmu\u017e pot\u0159eboval berbersk\u00e9ho tlumo\u010dn\u00edka, co\u017e \u0159\u00edzen\u00ed d\u00e1le zdr\u017eelo. Berbersk\u00fd jazyk se pou\u017e\u00edv\u00e1 hlavn\u011b v Maroku.<\/span><\/p>\n<p><span>Ob\u017ealovan\u00fd JH uvedl: \u201eVzpom\u00edn\u00e1m si, jak jsem se napil a \u0161el do t\u00e9hle kav\u00e1rny. Obvykle chod\u00edm do nedalek\u00e9 marock\u00e9 kav\u00e1rny, ale byla zav\u0159en\u00e1. Sed\u011bla tam ta \u017eena se sv\u00fdmi p\u0159\u00e1teli. V jednu chv\u00edli kav\u00e1rna zav\u0159ela a ona z\u016fstala sama. Za\u010dala se mnou mluvit a vzala m\u011b za ruku, tak jsem s n\u00ed z\u016fstal. Mluvil jsem s n\u00ed, ale nerozum\u011bli jsme si. Za\u010dal jsem se j\u00ed dot\u00fdkat h\u00fd\u017ed\u00ed a l\u00edbat ji. V jednu chv\u00edli se rozplakala a kr\u00e1tce nato dorazila policie.\u201c Na ot\u00e1zku, pro\u010d m\u011bl rozepnut\u00fd p\u00e1sek, odpov\u011bd\u011bl: \u201eJe mo\u017en\u00e9, \u017ee jsem si ho zapomn\u011bl pot\u00e9, co jsem \u0161el na z\u00e1chod.\u201c St\u00e1tn\u00ed z\u00e1stupce po\u017eadoval \u010dty\u0159let\u00fd trest odn\u011bt\u00ed svobody. Proces pokra\u010duje.<\/span><\/p>\n<h3 id=\"h-ein-weiteres-zerstortes-leben\" class=\"wp-block-heading\"><span>Dal\u0161\u00ed zni\u010den\u00fd \u017eivot<\/span><\/h3>\n<p><span>Za chladn\u00fdmi zdmi soudn\u00ed s\u00edn\u011b se skr\u00fdv\u00e1 p\u0159\u00edb\u011bh \u017eeny z masa a krve, jej\u00ed\u017e v\u00edra v lidstvo byla ot\u0159esena. Zat\u00edmco politici v klimatizovan\u00fdch kancel\u00e1\u0159\u00edch debatuj\u00ed o \u010d\u00edslech migrace, sedma\u0161edes\u00e1tilet\u00e1 Belgi\u010danka sed\u00ed ve sv\u00e9m byt\u011b a t\u0159ese se t\u0159esouc\u00edmi se o\u010dima a sotva se odva\u017euje otev\u0159\u00edt okno. Jej\u00ed slzy jsou skute\u010dn\u00e9, jej\u00ed no\u010dn\u00ed m\u016fry bolestn\u011b konkr\u00e9tn\u00ed. Jizvy na jej\u00ed du\u0161i se nezahoj\u00ed sladk\u00fdmi \u0159e\u010dmi a mu\u017e, kter\u00fd j\u00ed zni\u010dil \u017eivot, m\u016f\u017ee vyv\u00e1znout bez sm\u011b\u0161n\u00e9ho trestu.<\/span><\/p>\n<p><span>Hlas ob\u011bti zn\u00ed: \u201e\u010c\u00e1ste\u010dn\u011b jsi mi zni\u010dil \u017eivot.\u201c Ale kdo vlastn\u011b poslouch\u00e1? \u00da\u0159ady, kter\u00e9 nedok\u00e1zaly \u00fa\u010dinn\u011b kontrolovat neleg\u00e1ln\u00ed migraci? Spole\u010dnost, kter\u00e1 se odvrac\u00ed, kdy\u017e na sv\u011btlo vyjdou nep\u0159\u00edjemn\u00e9 pravdy? Nebo politick\u00e1 elita, kter\u00e1 setrv\u00e1v\u00e1 v ideologick\u00fdch z\u00e1kopech, zat\u00edmco oby\u010dejn\u00ed lid\u00e9 nesou n\u00e1sledky? \u017dena, kter\u00e1 v roce 2009 ztratila sv\u00e9ho jedin\u00e9ho syna, nyn\u00ed \u010del\u00ed sv\u00e9mu traumatu sama \u2013 vedlej\u0161\u00edm \u0161kod\u00e1m zp\u016fsoben\u00fdm syst\u00e9mem, kter\u00fd zanedb\u00e1v\u00e1 sv\u00e9 nejz\u00e1kladn\u011bj\u0161\u00ed povinnosti.<\/span><\/p>\n<p><span>Tento p\u0159\u00edpad vol\u00e1 po spravedlnosti \u2013 nejen pro jednoho seniora v Morstelu, ale pro v\u0161echny ob\u010dany, kte\u0159\u00ed pr\u00e1vem o\u010dek\u00e1vaj\u00ed, \u017ee je jejich st\u00e1t ochr\u00e1n\u00ed. Po\u017eadovan\u00fd \u010dty\u0159let\u00fd trest odn\u011bt\u00ed svobody se zd\u00e1 b\u00fdt cynick\u00fdm vtipem tv\u00e1\u0159\u00ed v tv\u00e1\u0159 zni\u010den\u00e9mu \u017eivotu. Zat\u00edmco spole\u010dnost filozofuje o toleranci a otev\u0159enosti, skute\u010dn\u00ed lid\u00e9 se skute\u010dn\u00fdmi zran\u011bn\u00edmi sed\u00ed v temn\u00fdch m\u00edstnostech a p\u0159em\u00fd\u0161lej\u00ed, kdy se jejich bezpe\u010dnost op\u011bt stane prioritou. Odpov\u011b\u010f na tuto ot\u00e1zku rozhodne nejen o osudu 67let\u00e9 \u017eeny, ale i o mor\u00e1ln\u00ed integrit\u011b cel\u00e9ho n\u00e1roda.<\/span><\/p>\n<p><img decoding=\"async\" loading=\"lazy\" class=\"alignnone size-full wp-image-71983\" src=\"http:\/\/www.infokuryr.cz\/n\/wp-content\/uploads\/2025\/02\/aaa.jpg\" alt=\"\" width=\"89\" height=\"23\" \/><\/p>\n<p>&nbsp;<\/p>\n","protected":false},"excerpt":{"rendered":"<p>Trag\u00e9die, kter\u00e1 nav\u017edy zm\u011bnila \u017eivot star\u0161\u00ed \u017eeny, \u0161okovala belgick\u00e9 m\u011bsto Morstel. Sedma\u0161edes\u00e1tilet\u00e1 \u017eena se stala&#8230;<\/p>\n","protected":false},"author":2,"featured_media":79035,"comment_status":"closed","ping_status":"closed","sticky":false,"template":"","format":"standard","meta":[],"categories":[7],"tags":[5358,324,1214,366],"_links":{"self":[{"href":"https:\/\/www.infokuryr.cz\/n\/wp-json\/wp\/v2\/posts\/79034"}],"collection":[{"href":"https:\/\/www.infokuryr.cz\/n\/wp-json\/wp\/v2\/posts"}],"about":[{"href":"https:\/\/www.infokuryr.cz\/n\/wp-json\/wp\/v2\/types\/post"}],"author":[{"embeddable":true,"href":"https:\/\/www.infokuryr.cz\/n\/wp-json\/wp\/v2\/users\/2"}],"replies":[{"embeddable":true,"href":"https:\/\/www.infokuryr.cz\/n\/wp-json\/wp\/v2\/comments?post=79034"}],"version-history":[{"count":0,"href":"https:\/\/www.infokuryr.cz\/n\/wp-json\/wp\/v2\/posts\/79034\/revisions"}],"wp:featuredmedia":[{"embeddable":true,"href":"https:\/\/www.infokuryr.cz\/n\/wp-json\/wp\/v2\/media\/79035"}],"wp:attachment":[{"href":"https:\/\/www.infokuryr.cz\/n\/wp-json\/wp\/v2\/media?parent=79034"}],"wp:term":[{"taxonomy":"category","embeddable":true,"href":"https:\/\/www.infokuryr.cz\/n\/wp-json\/wp\/v2\/categories?post=79034"},{"taxonomy":"post_tag","embeddable":true,"href":"https:\/\/www.infokuryr.cz\/n\/wp-json\/wp\/v2\/tags?post=79034"}],"curies":[{"name":"wp","href":"https:\/\/api.w.org\/{rel}","templated":true}]}}