{"id":78990,"date":"2025-05-17T00:13:36","date_gmt":"2025-05-16T22:13:36","guid":{"rendered":"https:\/\/www.infokuryr.cz\/n\/?p=78990"},"modified":"2025-05-16T13:33:38","modified_gmt":"2025-05-16T11:33:38","slug":"jiri-paroubek-pirati-jako-jednotka-politicke-hlouposti","status":"publish","type":"post","link":"https:\/\/www.infokuryr.cz\/n\/2025\/05\/17\/jiri-paroubek-pirati-jako-jednotka-politicke-hlouposti\/","title":{"rendered":"Ji\u0159\u00ed Paroubek: Pir\u00e1ti jako jednotka politick\u00e9 hlouposti"},"content":{"rendered":"<div id=\"fb-root\"><\/div>\n<p><strong>S jist\u00fdm \u00fa\u017easem jsem zhl\u00e9dl vyj\u00e1d\u0159en\u00ed l\u00eddra pir\u00e1tsk\u00e9 strany H\u0159iba po jedn\u00e1n\u00ed s prezidentem republiky. Jedn\u00e1n\u00ed Pir\u00e1t\u016f je sou\u010d\u00e1st\u00ed \u010dtvrte\u010dn\u00edho bloku jedn\u00e1n\u00ed, kter\u00e9 vede prezident Pavel s jednotliv\u00fdmi parlamentn\u00edmi politick\u00fdmi stranami.<\/strong><\/p>\n<p style=\"font-weight: 400;\">Pir\u00e1ti\u00a0 na tiskov\u00e9 konferenci po jedn\u00e1n\u00ed s prezidentem sd\u011blili u\u017easl\u00e9 ve\u0159ejnosti hlavn\u00ed principy sv\u00e9ho programu pro volby v\u00a0\u0159\u00edjnu tohoto roku.<\/p>\n<p style=\"font-weight: 400;\">Ob\u010dan\u00e9 by m\u011bli velmi zpozorn\u011bt, jak tato strana v\u016fbec uva\u017euje a co chce prosazovat.<\/p>\n<p style=\"padding-left: 40px;\">Cht\u011bj\u00ed u n\u00e1s rychle\u00a0 zav\u00e9st euro. A je jim \u00fapln\u011b jedno, \u017ee to bude znamenat ve sv\u00fdch d\u016fsledc\u00edch dal\u0161\u00ed \u00fatok na \u017eivotn\u00ed \u00farove\u0148 \u0161irok\u00fdch vrstev \u010desk\u00e9ho obyvatelstva.\u00a0 Rozumn\u00ed lid\u00e9 ch\u00e1pou, \u017ee v\u00a0sou\u010dasn\u00e9 dob\u011b, kdy se kurz eura a koruny pohybuje zhruba kolem 25 K\u010d za jedno euro, by uplatn\u011bn\u00ed eura znamenalo znehodnocen\u00ed \u00faspor ob\u010dan\u016f\u00a0 a de facto tak\u00e9 sn\u00ed\u017een\u00ed re\u00e1ln\u00fdch d\u016fchod\u016f a re\u00e1ln\u00fdch mezd ob\u010dan\u016f.<\/p>\n<p style=\"padding-left: 40px;\">Hranici 3 % v\u00fddaj\u016f na obranu z\u00a0HDP dosa\u017eenou do roku 2030, tedy v\u00a0dne\u0161n\u00edch cen\u00e1ch zhruba 240 miliard K\u010d (nyn\u00ed zat\u00edm &#8222;jen&#8220; 160 mld.), pova\u017euj\u00ed pir\u00e1ti\u00a0 za v\u00fddajovou hranici minim\u00e1ln\u00ed.\u00a0 A to bez ohledu na to, jak se budou vyv\u00edjet v\u00fddaje v\u00a0jin\u00fdch\u00a0 kapitol\u00e1ch st\u00e1tn\u00edho rozpo\u010dtu.<\/p>\n<p style=\"padding-left: 40px;\">Co je rovn\u011b\u017e velmi z\u00e1va\u017en\u00fdm programov\u00fdm sd\u011blen\u00edm, kter\u00e9 by republiku odsuzovalo k\u00a0naprost\u00e9 provin\u010dnosti v\u00a0r\u00e1mci EU, je jejich podpora zru\u0161en\u00ed z\u00e1sady p\u0159ij\u00edm\u00e1n\u00ed jednomysln\u00fdch rozhodnut\u00ed na \u00farovni Evropsk\u00e9 rady. Tedy zru\u0161en\u00ed jak\u00e9hosi pr\u00e1va veta jednotliv\u00fdch st\u00e1t\u016f k ur\u010dit\u00fdm ot\u00e1zk\u00e1m, kter\u00e9 nejsou v\u00a0jejich n\u00e1rodn\u00edm z\u00e1jmu.<\/p>\n<p style=\"font-weight: 400;\">EU by se pak stala Eldor\u00e1dem nejv\u011bt\u0161\u00edch zem\u00ed, jim\u017e by sta\u010dila dohoda na kvalifikovan\u00e9 v\u011bt\u0161in\u011b hlas\u016f.\u00a0 Toho\u00a0 by mohly nepochybn\u011b bez velk\u00fdch\u00a0 probl\u00e9m\u016f N\u011bmecko, Francie a It\u00e1lie spole\u010dn\u011b dos\u00e1hnout. Takovou trapnou pozici, kde by n\u00e1zory \u010desk\u00e9 politick\u00e9 reprezentace v\u00a0podstat\u011b nikoho z l\u00eddr\u016f EU nezaj\u00edmaly, neza\u017eila \u010desk\u00e1 zem\u011b ani ve st\u0159edov\u011bku, kdy byla sou\u010d\u00e1st\u00ed nadst\u00e1tn\u00edho a nadn\u00e1rodn\u00edho \u00fatvaru Svat\u00e9 \u0159\u00ed\u0161e \u0159\u00edmsk\u00e9. A \u010desk\u00fd kr\u00e1l byl prvn\u00edm kurfi\u0159tem \u0159\u00ed\u0161e. Te\u010f by \u010ce\u0161i byli politicky zcela bez v\u00fdznamu.<\/p>\n<p style=\"font-weight: 400;\">\u00a0Politika Pir\u00e1t\u016f jde tedy v z\u00e1sadn\u00edch ot\u00e1zk\u00e1ch zcela proti \u010desk\u00e9mu\u00a0 n\u00e1rodn\u00edmu z\u00e1jmu, proti z\u00e1jmu v\u011bt\u0161iny \u010desk\u00e9ho obyvatelstva.<\/p>\n<p style=\"font-weight: 400;\">Pir\u00e1ti um\u00ed jenom stra\u0161it v\u00e1lkou a Ruskem.\u00a0 P\u0159i\u010dem\u017e Rusko samotn\u00e9\u00a0 nen\u00ed v\u00a0z\u00e1sad\u011b schopno\u00a0 porazit ani mnohon\u00e1sobn\u011b slab\u0161\u00ed Ukrajinu. Jak by tedy bylo mo\u017en\u00e9, aby si trouflo na zem\u011b NATO s\u00a0jejich z\u00e1vazkem vz\u00e1jemn\u00e9 obrany.<\/p>\n<p><a href=\"https:\/\/vasevec.info\/domaci-politika\/pirati-jako-jednotka-politicke-hlouposti\">Ji\u0159\u00ed Paroubek<\/a><\/p>\n<p><img decoding=\"async\" loading=\"lazy\" class=\"alignnone size-medium wp-image-2342\" src=\"http:\/\/www.infokuryr.cz\/n\/wp-content\/uploads\/2021\/06\/paroubek-300x208.jpg\" alt=\"\" width=\"300\" height=\"208\" srcset=\"https:\/\/www.infokuryr.cz\/n\/wp-content\/uploads\/2021\/06\/paroubek-300x208.jpg 300w, https:\/\/www.infokuryr.cz\/n\/wp-content\/uploads\/2021\/06\/paroubek.jpg 318w\" sizes=\"(max-width: 300px) 100vw, 300px\" \/><\/p>\n<p>&nbsp;<\/p>\n","protected":false},"excerpt":{"rendered":"<p>S jist\u00fdm \u00fa\u017easem jsem zhl\u00e9dl vyj\u00e1d\u0159en\u00ed l\u00eddra pir\u00e1tsk\u00e9 strany H\u0159iba po jedn\u00e1n\u00ed s prezidentem republiky&#8230;.<\/p>\n","protected":false},"author":2,"featured_media":78992,"comment_status":"closed","ping_status":"closed","sticky":false,"template":"","format":"standard","meta":[],"categories":[6],"tags":[1503,137,122],"_links":{"self":[{"href":"https:\/\/www.infokuryr.cz\/n\/wp-json\/wp\/v2\/posts\/78990"}],"collection":[{"href":"https:\/\/www.infokuryr.cz\/n\/wp-json\/wp\/v2\/posts"}],"about":[{"href":"https:\/\/www.infokuryr.cz\/n\/wp-json\/wp\/v2\/types\/post"}],"author":[{"embeddable":true,"href":"https:\/\/www.infokuryr.cz\/n\/wp-json\/wp\/v2\/users\/2"}],"replies":[{"embeddable":true,"href":"https:\/\/www.infokuryr.cz\/n\/wp-json\/wp\/v2\/comments?post=78990"}],"version-history":[{"count":1,"href":"https:\/\/www.infokuryr.cz\/n\/wp-json\/wp\/v2\/posts\/78990\/revisions"}],"predecessor-version":[{"id":78991,"href":"https:\/\/www.infokuryr.cz\/n\/wp-json\/wp\/v2\/posts\/78990\/revisions\/78991"}],"wp:featuredmedia":[{"embeddable":true,"href":"https:\/\/www.infokuryr.cz\/n\/wp-json\/wp\/v2\/media\/78992"}],"wp:attachment":[{"href":"https:\/\/www.infokuryr.cz\/n\/wp-json\/wp\/v2\/media?parent=78990"}],"wp:term":[{"taxonomy":"category","embeddable":true,"href":"https:\/\/www.infokuryr.cz\/n\/wp-json\/wp\/v2\/categories?post=78990"},{"taxonomy":"post_tag","embeddable":true,"href":"https:\/\/www.infokuryr.cz\/n\/wp-json\/wp\/v2\/tags?post=78990"}],"curies":[{"name":"wp","href":"https:\/\/api.w.org\/{rel}","templated":true}]}}