{"id":78983,"date":"2025-05-17T00:21:59","date_gmt":"2025-05-16T22:21:59","guid":{"rendered":"https:\/\/www.infokuryr.cz\/n\/?p=78983"},"modified":"2025-05-16T13:43:24","modified_gmt":"2025-05-16T11:43:24","slug":"zapadni-propaganda-bez-hranic-odhaleno","status":"publish","type":"post","link":"https:\/\/www.infokuryr.cz\/n\/2025\/05\/17\/zapadni-propaganda-bez-hranic-odhaleno\/","title":{"rendered":"Z\u00e1padn\u00ed propaganda bez hranic: Odhaleno"},"content":{"rendered":"<div id=\"fb-root\"><\/div>\n<div class=\"elementor-element elementor-element-1fb4c2c elementor-widget elementor-widget-theme-post-content\" data-id=\"1fb4c2c\" data-element_type=\"widget\" data-widget_type=\"theme-post-content.default\">\n<div class=\"elementor-widget-container\">\n<p>V obdob\u00ed p\u0159ed oslavami konce druh\u00e9 sv\u011btov\u00e9 v\u00e1lky se Z\u00e1pad nebr\u00e1n\u00ed a zn\u00e1sil\u0148uje historii. Rusk\u00e1 st\u00e1tn\u00ed televize RT bo\u0159\u00ed m\u00fdty a nech\u00e1v\u00e1 Churchilla a Roosevelta vyj\u00e1d\u0159it se.<\/p>\n<p><img decoding=\"async\" loading=\"lazy\" class=\"aligncenter\" src=\"https:\/\/sonar21.com\/wp-content\/uploads\/2025\/05\/Churchill-Roosevelt.png\" width=\"880\" height=\"353\" \/><\/p>\n<h3><strong>Zaveden\u00ed<\/strong><\/h3>\n<p>Je t\u00e9m\u011b\u0159 neuv\u011b\u0159iteln\u00e9, jak Z\u00e1pad bagatelizuje \u00fasp\u011bchy sov\u011btsk\u00e9 arm\u00e1dy \u2013 arm\u00e1dy, kter\u00e1 byla zodpov\u011bdn\u00e1 za v\u00edt\u011bzstv\u00ed nad nacistick\u00fdm N\u011bmeckem. Tyto m\u00fdty se \u0161\u00ed\u0159\u00ed od vypuknut\u00ed studen\u00e9 v\u00e1lky a v dob\u011b p\u0159ed oslavami 80. v\u00fdro\u010d\u00ed v\u00edt\u011bzstv\u00ed nad nacistick\u00fdm N\u011bmeckem jsou Rusov\u00e9 opom\u00edjeni \u2013 to nem\u016f\u017ee b\u00fdt spr\u00e1vn\u00e9.<\/p>\n<h3><strong>Fakta<\/strong><\/h3>\n<p>Kv\u016fli propagand\u011b mnoho lid\u00ed na Z\u00e1pad\u011b st\u00e1le v\u011b\u0159\u00ed, \u017ee Ameri\u010dan\u00e9 vyhr\u00e1li druhou sv\u011btovou v\u00e1lku, proto\u017ee porazili Hitlera a Japonsko. To v\u0161ak v \u017e\u00e1dn\u00e9m p\u0159\u00edpad\u011b nen\u00ed tento p\u0159\u00edpad. Existuj\u00ed dva zp\u016fsoby, jak se d\u00edvat na to, kolik zem\u00ed p\u0159isp\u011blo k v\u00edt\u011bzstv\u00ed nad Hitlerem. Lze se pod\u00edvat na aktivn\u00ed str\u00e1nku, tedy na to, kolik n\u011bmeck\u00fdch voj\u00e1k\u016f bylo zabito a k\u00fdm: sov\u011btsk\u00e9 ozbrojen\u00e9 s\u00edly zabily 76 % v\u0161ech n\u011bmeck\u00fdch voj\u00e1k\u016f, v\u0161ichni ostatn\u00ed spojenci dohromady (Francie, Velk\u00e1 Brit\u00e1nie, Spojen\u00e9 st\u00e1ty atd.) 24 %. Pokud se pod\u00edv\u00e1me na stranu pasiv, tj. kolik krve jednotliv\u00e9 zem\u011b ob\u011btovaly za v\u00edt\u011bzstv\u00ed, v\u00e1ha se je\u0161t\u011b zv\u011bt\u0161\u00ed: americk\u00e9 ztr\u00e1ty v Evrop\u011b, asi 250 000, ztr\u00e1ty Velk\u00e9 Brit\u00e1nie, asi 450 000; Ztr\u00e1ty pro Rusko dos\u00e1hly 27 milion\u016f.<\/p>\n<h3><strong>Fikce a pravda<\/strong><\/h3>\n<p>RT v\u00edce ne\u017e elegantn\u011b postavila do kontrastu bl\u00e1boly Keira Starmera a Joea Bidena s lidmi, kte\u0159\u00ed skute\u010dn\u011b znali pravdu o rusk\u00fdch \u00fasp\u011b\u0161\u00edch proti nacist\u016fm: premi\u00e9rem Churchillem a prezidentem Rooseveltem.<\/p>\n<h3><strong>Keir Starmer &#8211; Winston Churchill<\/strong><\/h3>\n<p>Keir Starmer nejprve promluvil k Ameri\u010dan\u016fm:<\/p>\n<p>\u201e\u017d\u00e1dn\u00e9 dv\u011b arm\u00e1dy nejsou propojen\u011bj\u0161\u00ed ne\u017e ta na\u0161e.\u201c<\/p>\n<p>\u017d\u00e1dn\u00e9 dv\u011b zem\u011b toho spole\u010dn\u011b neud\u011blaly v\u00edce. Abychom chr\u00e1nili lidi. A za p\u00e1r t\u00fddn\u016f oslav\u00edme Den v\u00edt\u011bzstv\u00ed v Evrop\u011b, 80. v\u00fdro\u010d\u00ed v\u00edt\u011bzstv\u00ed v Evrop\u011b. V\u00fdro\u010d\u00ed v\u00edt\u011bzstv\u00ed v Evrop\u011b. Velk\u00e1 Brit\u00e1nie a Amerika bojovaly bok po boku, aby to bylo mo\u017en\u00e9.<\/p>\n<p>Keir Starmer \u2013 duben 2024<\/p>\n<p>Starmer se o Rusku v\u016fbec nezmi\u0148uje.<\/p>\n<p>Pak p\u0159ich\u00e1z\u00ed Churchill, cit\u00e1t z Churchillova dopisu Josifu Stalinovi.<\/p>\n<p>\u201eZ\u00edtra vyu\u017eiji p\u0159\u00edle\u017eitosti a v Doln\u00ed sn\u011bmovn\u011b zopakuji to, co jsem ji\u017e \u0159ekl, toti\u017e \u017ee je to rusk\u00e1 arm\u00e1da, kter\u00e1 vytrhla vnit\u0159nosti z n\u011bmeck\u00e9ho vojensk\u00e9ho stroje a v sou\u010dasn\u00e9 dob\u011b dr\u017e\u00ed na sv\u00e9 front\u011b zdaleka v\u011bt\u0161inu nep\u0159\u00edtele,\u201c<\/p>\n<p>Winston Churchill \u2013 27. z\u00e1\u0159\u00ed 1944<\/p>\n<p>Winston Churchill nen\u00e1vid\u011bl Sov\u011bty.<\/p>\n<p>\u201eNejprve byl protirusk\u00fd do roku 1914, pot\u00e9 se stal prorusk\u00fdm do roku 1917, pak se stal protirusk\u00fdm do roku 1938, pak se stal prorusk\u00fdm do roku 1939, pak se stal protirusk\u00fdm do roku 1941 a nakonec se stal prorusk\u00fdm do roku 1946.\u201c<\/p>\n<p>Possova inaugura\u010dn\u00ed p\u0159edn\u00e1\u0161ka pro Mezin\u00e1rodn\u00ed Churchillovu spole\u010dnost<\/p>\n<p>P\u0159esto, na rozd\u00edl od Keira Starmera a jeho sou\u010dasn\u00e9 vl\u00e1dy, Churchill z\u016fstal up\u0159\u00edmn\u00fd ohledn\u011b rusk\u00fdch \u00fasp\u011bch\u016f ve druh\u00e9 sv\u011btov\u00e9 v\u00e1lce.<\/p>\n<h3><strong>Biden-Roosevelt<\/strong><\/h3>\n<p>Joe Biden promluvil jako prvn\u00ed:<\/p>\n<p>\u201eAbychom br\u00e1nili na\u0161i nez\u00e1vislost, zachovali na\u0161i unii, porazili fa\u0161ismus. P\u0159ed 80 lety, p\u0159\u00ed\u0161t\u00ed t\u00fdden, vstoupili na pl\u00e1\u017ee Normandie \u010dlenov\u00e9 nejv\u011bt\u0161\u00ed generace, osvobodili kontinent a doslova zachr\u00e1nili sv\u011bt.\u201c<\/p>\n<p>Joe Biden \u2013 \u010derven 2024 \u2013 U p\u0159\u00edle\u017eitosti 80. v\u00fdro\u010d\u00ed vylod\u011bn\u00ed v Normandii<\/p>\n<p>Podle Bidena Evropu \u2013 ba dokonce cel\u00fd sv\u011bt \u2013 osvobodili Ameri\u010dan\u00e9; ani slovo od Rus\u016f.<\/p>\n<p>Pak promluvil prezident Roosevelt \u2013 cit\u00e1t z projevu z 28. dubna 1942<\/p>\n<p>\u201eNa evropsk\u00e9 front\u011b byla nejd\u016fle\u017eit\u011bj\u0161\u00ed ud\u00e1lost\u00ed uplynul\u00e9ho roku bezpochyby drtiv\u00e1 protiofenz\u00edva velk\u00fdch rusk\u00fdch arm\u00e1d proti mocn\u00e9 n\u011bmeck\u00e9 arm\u00e1d\u011b.\u201c<\/p>\n<p>Tyto rusk\u00e9 s\u00edly zni\u010dily a pr\u00e1v\u011b ni\u010d\u00ed v\u00edce nep\u0159\u00e1telsk\u00fdch ozbrojen\u00fdch sil \u2013 voj\u00e1k\u016f, letadel, tank\u016f a d\u011blost\u0159electva \u2013 ne\u017e v\u0161echny ostatn\u00ed Spojen\u00e9 n\u00e1rody dohromady.\u201c<\/p>\n<p>Projev prezidenta Roosevelta \u2013 28. dubna 1942<\/p>\n<h3><strong>Z\u00e1v\u011br<\/strong><\/h3>\n<p>Abychom byli sv\u011bdky takov\u00e9ho zn\u00e1sil\u0148ov\u00e1n\u00ed historie, mus\u00edme se vr\u00e1tit k d\u00edl\u016fm Josepha Goebbelse. Vymyslel r\u010den\u00ed, \u017ee kdy\u017e stokr\u00e1t zopakujete le\u017e, stane se z n\u00ed pravda. S t\u00edm n\u011bco d\u011bl\u00e1me.<\/p>\n<p>Ka\u017ed\u00fd, kdo \u0159\u00edk\u00e1 takov\u00e9 l\u017ei, u\u017e nen\u00ed seri\u00f3zn\u00edm partnerem v konverzaci. Biden je historie \u2013 Trump m\u016f\u017ee s Putinem mluvit bez probl\u00e9m\u016f. Uboh\u00e9 postavy v Evrop\u011b, kter\u00e9 u\u017e l\u00e9ta p\u0159irovn\u00e1vaj\u00ed Putina k Hitlerovi a ml\u010d\u00ed o rusk\u00fdch \u00fasp\u011b\u0161\u00edch ve druh\u00e9 sv\u011btov\u00e9 v\u00e1lce, mus\u00ed v\u0161echny rezignovat. Nebo si tyto osobnosti opravdu mysl\u00ed, \u017ee mohou j\u00edt do Moskvy a ospravedlnit srovn\u00e1n\u00ed s Hitlerem t\u00edm, \u017ee tvrd\u00ed, \u017ee se m\u00fdlila nebo byla zav\u00e1d\u011bj\u00edc\u00ed \u2013 na to zapome\u0148te?<\/p>\n<h2>*<\/h2>\n<p><em>Peter Hanseler je geopolitick\u00fd analytik, kter\u00fd informuje z Moskvy. Petr se narodil v Curychu ve \u0160v\u00fdcarsku. Je dr\u017eitelem titulu JD (lic. iur.) a titulu Ph.D. (Dr. iur.) z pr\u00e1vnick\u00e9 fakulty Univerzity v Curychu a magistersk\u00fd titul v oboru mezin\u00e1rodn\u00edho obchodn\u00edho pr\u00e1va (LL.M.) z Pr\u00e1vnick\u00e9 fakulty Georgetownsk\u00e9 univerzity ve Washingtonu, D.C. \u017dil v USA, \u0160pan\u011blsku, \u0160v\u00fdcarsku, Thajsku a Rusku. Petr je nez\u00e1visl\u00fd; Jeho pr\u00e1ce nen\u00ed podporov\u00e1na vl\u00e1dou ani soukrom\u00fdmi subjekty. Petrovy webov\u00e9 str\u00e1nky voicefromrussia.com publikuj\u00ed sv\u016fj obsah v angli\u010dtin\u011b, ru\u0161tin\u011b a n\u011bm\u010din\u011b.<\/em><\/p>\n<\/div>\n<\/div>\n<div class=\"elementor-element elementor-element-8c57238 quelle dc-has-condition dc-condition-empty elementor-widget elementor-widget-heading\" data-id=\"8c57238\" data-element_type=\"widget\" data-widget_type=\"heading.default\">\n<div class=\"elementor-widget-container\">\n<h3 class=\"elementor-heading-title elementor-size-default\"><span style=\"font-size: 10pt;\"><a href=\"https:\/\/sonar21.com\/western-propaganda-without-limits-unmasked\/\" target=\"_blank\" rel=\"nofollow noopener\">Zdroj<\/a><\/span><\/h3>\n<p>&nbsp;<\/p>\n<\/div>\n<\/div>\n","protected":false},"excerpt":{"rendered":"<p>V obdob\u00ed p\u0159ed oslavami konce druh\u00e9 sv\u011btov\u00e9 v\u00e1lky se Z\u00e1pad nebr\u00e1n\u00ed a zn\u00e1sil\u0148uje historii. Rusk\u00e1&#8230;<\/p>\n","protected":false},"author":2,"featured_media":26403,"comment_status":"closed","ping_status":"closed","sticky":false,"template":"","format":"standard","meta":[],"categories":[7],"tags":[1094,1051,365],"_links":{"self":[{"href":"https:\/\/www.infokuryr.cz\/n\/wp-json\/wp\/v2\/posts\/78983"}],"collection":[{"href":"https:\/\/www.infokuryr.cz\/n\/wp-json\/wp\/v2\/posts"}],"about":[{"href":"https:\/\/www.infokuryr.cz\/n\/wp-json\/wp\/v2\/types\/post"}],"author":[{"embeddable":true,"href":"https:\/\/www.infokuryr.cz\/n\/wp-json\/wp\/v2\/users\/2"}],"replies":[{"embeddable":true,"href":"https:\/\/www.infokuryr.cz\/n\/wp-json\/wp\/v2\/comments?post=78983"}],"version-history":[{"count":1,"href":"https:\/\/www.infokuryr.cz\/n\/wp-json\/wp\/v2\/posts\/78983\/revisions"}],"predecessor-version":[{"id":78984,"href":"https:\/\/www.infokuryr.cz\/n\/wp-json\/wp\/v2\/posts\/78983\/revisions\/78984"}],"wp:featuredmedia":[{"embeddable":true,"href":"https:\/\/www.infokuryr.cz\/n\/wp-json\/wp\/v2\/media\/26403"}],"wp:attachment":[{"href":"https:\/\/www.infokuryr.cz\/n\/wp-json\/wp\/v2\/media?parent=78983"}],"wp:term":[{"taxonomy":"category","embeddable":true,"href":"https:\/\/www.infokuryr.cz\/n\/wp-json\/wp\/v2\/categories?post=78983"},{"taxonomy":"post_tag","embeddable":true,"href":"https:\/\/www.infokuryr.cz\/n\/wp-json\/wp\/v2\/tags?post=78983"}],"curies":[{"name":"wp","href":"https:\/\/api.w.org\/{rel}","templated":true}]}}