{"id":78959,"date":"2025-05-16T06:48:56","date_gmt":"2025-05-16T04:48:56","guid":{"rendered":"https:\/\/www.infokuryr.cz\/n\/?p=78959"},"modified":"2025-05-16T12:07:46","modified_gmt":"2025-05-16T10:07:46","slug":"ceskou-republiku-pry-osvobodili-uz-i-britove-lzi-rezimnich-politiku-a-prepisovani-dejin-dostavaji-novy-rozmer","status":"publish","type":"post","link":"https:\/\/www.infokuryr.cz\/n\/2025\/05\/16\/ceskou-republiku-pry-osvobodili-uz-i-britove-lzi-rezimnich-politiku-a-prepisovani-dejin-dostavaji-novy-rozmer\/","title":{"rendered":"\u010ceskou republiku pr\u00fd osvobodili u\u017e i Britov\u00e9. L\u017ei re\u017eimn\u00edch politik\u016f a p\u0159episov\u00e1n\u00ed d\u011bjin dost\u00e1vaj\u00ed nov\u00fd rozm\u011br"},"content":{"rendered":"<div id=\"fb-root\"><\/div>\n<p><strong>Kdy\u017e nav\u0161t\u00edv\u00edte m\u011bstys Ln\u00e1\u0159e na pomez\u00ed z\u00e1pado\u010desk\u00e9ho a jiho\u010desk\u00e9ho kraje, tak naraz\u00edte kousek od hlavn\u00ed silnice na pomn\u00edk v\u011bnovan\u00fd americk\u00e9 arm\u00e1d\u011b za osvobozen\u00ed od nacist\u016f v roce 1945.<\/strong>\u00a0Ve Ln\u00e1\u0159\u00edch toti\u017e prob\u00edhala takzvan\u00e1 demarka\u010dn\u00ed linie, kter\u00e1 ur\u010dovala postup spojeneck\u00fdch vojsk v roce 1945 p\u0159i osvobozov\u00e1n\u00ed st\u0159edn\u00ed Evropy (mimochodem: kousek od Ln\u00e1\u0159 byl Ameri\u010dany zajat gen. Vlasov, kte\u0159\u00ed ho n\u00e1sledn\u011b p\u0159edali k potrest\u00e1n\u00ed jako vlastizr\u00e1dce Sov\u011bt\u016fm.)<\/p>\n<p><img decoding=\"async\" loading=\"lazy\" class=\"aligncenter\" src=\"https:\/\/ceskavec.com\/wp-content\/uploads\/2025\/05\/image-8.png\" width=\"691\" height=\"773\" \/><\/p>\n<p>Dne 10. kv\u011btna jsem tudy cestoval z Plzn\u011b do Bud\u011bjovic a u pomn\u00edku se kr\u00e1tce zastavil.\u00a0<strong>velk\u00e9 p\u0159ekvapen\u00ed pro m\u011b byla vlaj\u00edc\u00ed britsk\u00e1 vlajka, a\u010dkoliv se britsk\u00e9 jednotky na osvobozen\u00ed \u010ceskoslovenska nijak nepod\u00edlely. Za\u0161el jsem do nedalek\u00e9ho obchodu, kde jsem se od m\u00edstn\u00edch dozv\u011bd\u011bl, \u017ee pr\u00fd to je a\u017e z\u00e1le\u017eitost posledn\u00ed doby.<\/strong><\/p>\n<p>Historie se p\u0159episuje jako na b\u011b\u017e\u00edc\u00edm p\u00e1se a brzy se nejsp\u00ed\u0161 dozv\u00edme, \u017ee \u010cSR v roce 1939 vlastn\u011b osvobodili N\u011bmci\u2026<\/p>\n<p><img decoding=\"async\" class=\"aligncenter\" src=\"https:\/\/ceskavec.com\/wp-content\/uploads\/2025\/05\/image-5.png\" \/><\/p>\n<p>&nbsp;<\/p>\n<p><img decoding=\"async\" class=\"aligncenter\" src=\"https:\/\/ceskavec.com\/wp-content\/uploads\/2025\/05\/image-6.png\" \/><\/p>\n<p><em><a href=\"https:\/\/ceskavec.com\/2025\/05\/ceskou-republiku-pry-osvobodili-uz-i-britove-lzi-rezimnich-politiku-a-prepisovani-dejin-dostavaji-novy-rozmer\">Daniel K.<\/a> \u010cesk\u00e9 Bud\u011bjovice<\/em><\/p>\n<p>&nbsp;<\/p>\n","protected":false},"excerpt":{"rendered":"<p>Kdy\u017e nav\u0161t\u00edv\u00edte m\u011bstys Ln\u00e1\u0159e na pomez\u00ed z\u00e1pado\u010desk\u00e9ho a jiho\u010desk\u00e9ho kraje, tak naraz\u00edte kousek od hlavn\u00ed&#8230;<\/p>\n","protected":false},"author":2,"featured_media":78960,"comment_status":"closed","ping_status":"closed","sticky":false,"template":"","format":"standard","meta":[],"categories":[6],"tags":[398,1503,230],"_links":{"self":[{"href":"https:\/\/www.infokuryr.cz\/n\/wp-json\/wp\/v2\/posts\/78959"}],"collection":[{"href":"https:\/\/www.infokuryr.cz\/n\/wp-json\/wp\/v2\/posts"}],"about":[{"href":"https:\/\/www.infokuryr.cz\/n\/wp-json\/wp\/v2\/types\/post"}],"author":[{"embeddable":true,"href":"https:\/\/www.infokuryr.cz\/n\/wp-json\/wp\/v2\/users\/2"}],"replies":[{"embeddable":true,"href":"https:\/\/www.infokuryr.cz\/n\/wp-json\/wp\/v2\/comments?post=78959"}],"version-history":[{"count":0,"href":"https:\/\/www.infokuryr.cz\/n\/wp-json\/wp\/v2\/posts\/78959\/revisions"}],"wp:featuredmedia":[{"embeddable":true,"href":"https:\/\/www.infokuryr.cz\/n\/wp-json\/wp\/v2\/media\/78960"}],"wp:attachment":[{"href":"https:\/\/www.infokuryr.cz\/n\/wp-json\/wp\/v2\/media?parent=78959"}],"wp:term":[{"taxonomy":"category","embeddable":true,"href":"https:\/\/www.infokuryr.cz\/n\/wp-json\/wp\/v2\/categories?post=78959"},{"taxonomy":"post_tag","embeddable":true,"href":"https:\/\/www.infokuryr.cz\/n\/wp-json\/wp\/v2\/tags?post=78959"}],"curies":[{"name":"wp","href":"https:\/\/api.w.org\/{rel}","templated":true}]}}