{"id":78955,"date":"2025-05-16T06:39:32","date_gmt":"2025-05-16T04:39:32","guid":{"rendered":"https:\/\/www.infokuryr.cz\/n\/?p=78955"},"modified":"2025-05-16T06:43:30","modified_gmt":"2025-05-16T04:43:30","slug":"francie-spanelsko-a-recko-omezi-pristup-deti-a-teenageru-k-socialnim-sitim","status":"publish","type":"post","link":"https:\/\/www.infokuryr.cz\/n\/2025\/05\/16\/francie-spanelsko-a-recko-omezi-pristup-deti-a-teenageru-k-socialnim-sitim\/","title":{"rendered":"Francie, \u0160pan\u011blsko a \u0158ecko omez\u00ed p\u0159\u00edstup d\u011bt\u00ed a teenager\u016f k soci\u00e1ln\u00edm s\u00edt\u00edm"},"content":{"rendered":"<div id=\"fb-root\"><\/div>\n<div class=\"news-text-body\">\n<p class=\"lead\"><strong>Francie, \u0160pan\u011blsko a \u0158ecko pl\u00e1nuj\u00ed zav\u00e9st povinn\u00e1 v\u011bkov\u00e1 omezen\u00ed pro u\u017eivatele soci\u00e1ln\u00edch m\u00e9di\u00ed, informovala agentura Bloomberg s odvol\u00e1n\u00edm na dokument, kter\u00fd z\u00edskala.<\/strong><\/p>\n<p>Agentura uv\u00e1d\u00ed, \u017ee minist\u0159i digit\u00e1ln\u00edch technologi\u00ed t\u011bchto zem\u00ed koordinuj\u00ed sv\u00e9 kroky p\u0159ed setk\u00e1n\u00edm se sv\u00fdmi prot\u011bj\u0161ky z ostatn\u00edch zem\u00ed EU, kter\u00e9 se m\u00e1 konat 6. \u010dervna. Pravidla, kter\u00e1 vyv\u00edjej\u00ed, by mohla vy\u017eadovat, aby v\u00fdvoj\u00e1\u0159i za\u0159\u00edzen\u00ed s p\u0159ipojen\u00edm k internetu tato za\u0159\u00edzen\u00ed vybavili technologi\u00ed ov\u011b\u0159ov\u00e1n\u00ed v\u011bku.<\/p>\n<p>Jak agentura poznamen\u00e1v\u00e1, tyto zem\u011b hodlaj\u00ed pomoc\u00ed ekonomick\u00fdch opat\u0159en\u00ed donutit technologick\u00e9 spole\u010dnosti k vytvo\u0159en\u00ed \u00fa\u010dinn\u00fdch v\u011bkov\u00fdch omezen\u00ed pro teenagery.<\/p>\n<p>Poslanec a b\u00fdval\u00fd francouzsk\u00fd premi\u00e9r\u00a0<strong>Gabriel Attal<\/strong> d\u0159\u00edve navrhl v r\u00e1mci \u201eradik\u00e1ln\u00edch opat\u0159en\u00ed\u201c v boji proti z\u00e1vislosti na internetu zak\u00e1zat p\u0159\u00edstup k soci\u00e1ln\u00edm s\u00edt\u00edm d\u011btem mlad\u0161\u00edm 15 let a omezit jej v noci pro star\u0161\u00ed teenagery. Ve \u0160pan\u011blsku vl\u00e1dn\u00ed v\u00fdbor odpov\u011bdn\u00fd za anal\u00fdzu dopadu digit\u00e1ln\u00edch technologi\u00ed na d\u011bti a dosp\u00edvaj\u00edc\u00ed p\u0159ipravil na konci roku 2024 seznam doporu\u010den\u00ed, podle kter\u00fdch by d\u011bti mlad\u0161\u00ed 16 let nem\u011bly pou\u017e\u00edvat technologie s p\u0159\u00edstupem k internetu.<\/p>\n<p>V listopadu 2024 Austr\u00e1lie zak\u00e1zala d\u011btem mlad\u0161\u00edm 16 let pou\u017e\u00edvat soci\u00e1ln\u00ed m\u00e9dia nebo si vytv\u00e1\u0159et nov\u00e9 \u00fa\u010dty. Dnes neexistuje \u017e\u00e1dn\u00e1 jin\u00e1 zem\u011b na sv\u011bt\u011b, kter\u00e1 by omezovala v\u011bk u\u017eivatel\u016f soci\u00e1ln\u00edch m\u00e9di\u00ed na cel\u00e9m sv\u00e9m \u00fazem\u00ed. Mo\u017en\u00e9 zaveden\u00ed v\u011bkov\u00fdch omezen\u00ed pro u\u017eivatele soci\u00e1ln\u00edch m\u00e9di\u00ed ozn\u00e1mili tak\u00e9 indon\u00e9sk\u00fd ministr komunikac\u00ed a digit\u00e1ln\u00edch technologi\u00ed a tureck\u00fd ministr dopravy a infrastruktury.<\/p>\n<\/div>\n<p><img decoding=\"async\" loading=\"lazy\" class=\"alignnone size-full wp-image-71983\" src=\"http:\/\/www.infokuryr.cz\/n\/wp-content\/uploads\/2025\/02\/aaa.jpg\" alt=\"\" width=\"89\" height=\"23\" \/><\/p>\n<p>&nbsp;<\/p>\n","protected":false},"excerpt":{"rendered":"<p>Francie, \u0160pan\u011blsko a \u0158ecko pl\u00e1nuj\u00ed zav\u00e9st povinn\u00e1 v\u011bkov\u00e1 omezen\u00ed pro u\u017eivatele soci\u00e1ln\u00edch m\u00e9di\u00ed, informovala agentura&#8230;<\/p>\n","protected":false},"author":2,"featured_media":78956,"comment_status":"closed","ping_status":"closed","sticky":false,"template":"","format":"standard","meta":[],"categories":[7],"tags":[245,1395,3338],"_links":{"self":[{"href":"https:\/\/www.infokuryr.cz\/n\/wp-json\/wp\/v2\/posts\/78955"}],"collection":[{"href":"https:\/\/www.infokuryr.cz\/n\/wp-json\/wp\/v2\/posts"}],"about":[{"href":"https:\/\/www.infokuryr.cz\/n\/wp-json\/wp\/v2\/types\/post"}],"author":[{"embeddable":true,"href":"https:\/\/www.infokuryr.cz\/n\/wp-json\/wp\/v2\/users\/2"}],"replies":[{"embeddable":true,"href":"https:\/\/www.infokuryr.cz\/n\/wp-json\/wp\/v2\/comments?post=78955"}],"version-history":[{"count":0,"href":"https:\/\/www.infokuryr.cz\/n\/wp-json\/wp\/v2\/posts\/78955\/revisions"}],"wp:featuredmedia":[{"embeddable":true,"href":"https:\/\/www.infokuryr.cz\/n\/wp-json\/wp\/v2\/media\/78956"}],"wp:attachment":[{"href":"https:\/\/www.infokuryr.cz\/n\/wp-json\/wp\/v2\/media?parent=78955"}],"wp:term":[{"taxonomy":"category","embeddable":true,"href":"https:\/\/www.infokuryr.cz\/n\/wp-json\/wp\/v2\/categories?post=78955"},{"taxonomy":"post_tag","embeddable":true,"href":"https:\/\/www.infokuryr.cz\/n\/wp-json\/wp\/v2\/tags?post=78955"}],"curies":[{"name":"wp","href":"https:\/\/api.w.org\/{rel}","templated":true}]}}