{"id":78944,"date":"2025-05-16T06:15:23","date_gmt":"2025-05-16T04:15:23","guid":{"rendered":"https:\/\/www.infokuryr.cz\/n\/?p=78944"},"modified":"2025-05-16T06:15:23","modified_gmt":"2025-05-16T04:15:23","slug":"jiri-vyvadil-hysterii-kolem-zelenskeho-srazil-trump-jedinou-vetou","status":"publish","type":"post","link":"https:\/\/www.infokuryr.cz\/n\/2025\/05\/16\/jiri-vyvadil-hysterii-kolem-zelenskeho-srazil-trump-jedinou-vetou\/","title":{"rendered":"Ji\u0159\u00ed Vyvadil: Hysterii kolem Zelensk\u00e9ho srazil Trump jedinou v\u011btou"},"content":{"rendered":"<div id=\"fb-root\"><\/div>\n<p><strong>I Donald Trump jist\u011b ch\u00e1pe, \u017ee aktivity tzv. Velk\u00e9 evropsk\u00e9 \u010dty\u0159ky Macrona, Merze, Tuska a Sturmera jsou v podstat\u011b nam\u00ed\u0159eny proti jeho snah\u00e1m vy\u0159e\u0161it krizi na Ukrajin\u011b jako hlavn\u00ed str\u016fjce\u2026<\/strong><\/p>\n<p style=\"font-weight: 400;\">Tak z\u0159ejm\u011b &#8211; a spr\u00e1vn\u011b &#8211; pochopil ultim\u00e1tum Evropan\u016f Putinovi, aby do 12. 5. p\u0159ijal t\u0159\u00edt\u00fddenn\u00ed ultim\u00e1tum, tak i pochopil divadeln\u00ed pokus Zelensk\u00e9ho \u010dekat na Putina v Istanbulu, i kdy\u017e zpo\u010d\u00e1tku i on myslel, \u017ee Putin doraz\u00ed a p\u0159\u00edtomnost Zelensk\u00e9ho si vynutil.<\/p>\n<p style=\"font-weight: 400;\">Jakmile zjistil, \u017ee tomu tak z\u0159ejm\u011b nebude, proto\u017ee i podle Peskova v\u010dera nave\u010der \u017ehavil\u00a0\u00a0Putin telefon na v\u0161echny strany, je\u0161t\u011b Zelensk\u00e9ho zesm\u011b\u0161nil , \u017ee\u00a0\u00a0ho Putinova nep\u0159\u00edtomnosti v Istanbulu nep\u0159ekvapila, proto\u017ee jeho n\u00e1v\u0161t\u011bvu Turecka neo\u010dek\u00e1val.<\/p>\n<p style=\"font-weight: 400;\">Uvedl to na tiskov\u00e9 konferenci s novin\u00e1\u0159i.<\/p>\n<p style=\"font-weight: 400;\">\u201ePro\u010d by m\u011bl j\u00edt, kdy\u017e j\u00e1 nep\u016fjdu? Proto\u017ee jsem tam ne\u0161el. Nepl\u00e1noval jsem to, ale \u0161el bych,\u201c \u0159ekl americk\u00fd prezident.<\/p>\n<p style=\"font-weight: 400;\">To prohl\u00e1\u0161en\u00ed Trumpovo je rovn\u011b\u017e jak\u00fdmsi v\u00fdsm\u011bchem v\u0161em t\u011bm nabuzen\u00fdm novin\u00e1\u0159\u016fm, kte\u0159\u00ed u\u017e\u00a0\u00a0\u010dekali senzaci.<\/p>\n<p style=\"font-weight: 400;\">Asi tak\u2026<\/p>\n<p><a href=\"https:\/\/vasevec.info\/komentare\/hysterii-kolem-zelenskeho-srazil-trump-jedinou-vetou\">Ji\u0159\u00ed Vyvadil<\/a><\/p>\n<p><img decoding=\"async\" loading=\"lazy\" class=\"alignnone size-medium wp-image-16474\" src=\"http:\/\/www.infokuryr.cz\/n\/wp-content\/uploads\/2022\/10\/jiri-vyvadil-300x200.jpg\" alt=\"\" width=\"300\" height=\"200\" srcset=\"https:\/\/www.infokuryr.cz\/n\/wp-content\/uploads\/2022\/10\/jiri-vyvadil-300x200.jpg 300w, https:\/\/www.infokuryr.cz\/n\/wp-content\/uploads\/2022\/10\/jiri-vyvadil-768x512.jpg 768w, https:\/\/www.infokuryr.cz\/n\/wp-content\/uploads\/2022\/10\/jiri-vyvadil.jpg 800w\" sizes=\"(max-width: 300px) 100vw, 300px\" \/><\/p>\n<p>&nbsp;<\/p>\n","protected":false},"excerpt":{"rendered":"<p>I Donald Trump jist\u011b ch\u00e1pe, \u017ee aktivity tzv. Velk\u00e9 evropsk\u00e9 \u010dty\u0159ky Macrona, Merze, Tuska a&#8230;<\/p>\n","protected":false},"author":2,"featured_media":72770,"comment_status":"closed","ping_status":"closed","sticky":false,"template":"","format":"standard","meta":[],"categories":[6],"tags":[1503,452,1000],"_links":{"self":[{"href":"https:\/\/www.infokuryr.cz\/n\/wp-json\/wp\/v2\/posts\/78944"}],"collection":[{"href":"https:\/\/www.infokuryr.cz\/n\/wp-json\/wp\/v2\/posts"}],"about":[{"href":"https:\/\/www.infokuryr.cz\/n\/wp-json\/wp\/v2\/types\/post"}],"author":[{"embeddable":true,"href":"https:\/\/www.infokuryr.cz\/n\/wp-json\/wp\/v2\/users\/2"}],"replies":[{"embeddable":true,"href":"https:\/\/www.infokuryr.cz\/n\/wp-json\/wp\/v2\/comments?post=78944"}],"version-history":[{"count":0,"href":"https:\/\/www.infokuryr.cz\/n\/wp-json\/wp\/v2\/posts\/78944\/revisions"}],"wp:featuredmedia":[{"embeddable":true,"href":"https:\/\/www.infokuryr.cz\/n\/wp-json\/wp\/v2\/media\/72770"}],"wp:attachment":[{"href":"https:\/\/www.infokuryr.cz\/n\/wp-json\/wp\/v2\/media?parent=78944"}],"wp:term":[{"taxonomy":"category","embeddable":true,"href":"https:\/\/www.infokuryr.cz\/n\/wp-json\/wp\/v2\/categories?post=78944"},{"taxonomy":"post_tag","embeddable":true,"href":"https:\/\/www.infokuryr.cz\/n\/wp-json\/wp\/v2\/tags?post=78944"}],"curies":[{"name":"wp","href":"https:\/\/api.w.org\/{rel}","templated":true}]}}