{"id":78941,"date":"2025-05-16T06:06:44","date_gmt":"2025-05-16T04:06:44","guid":{"rendered":"https:\/\/www.infokuryr.cz\/n\/?p=78941"},"modified":"2025-05-16T06:06:44","modified_gmt":"2025-05-16T04:06:44","slug":"zelenskyj-vnima-mirove-rozhovory-jako-politicke-predstaveni-rekl-byvaly-ukrajinsky-diplomat","status":"publish","type":"post","link":"https:\/\/www.infokuryr.cz\/n\/2025\/05\/16\/zelenskyj-vnima-mirove-rozhovory-jako-politicke-predstaveni-rekl-byvaly-ukrajinsky-diplomat\/","title":{"rendered":"Zelenskyj vn\u00edm\u00e1 m\u00edrov\u00e9 rozhovory jako \u201epolitick\u00e9 p\u0159edstaven\u00ed\u201c, \u0159ekl b\u00fdval\u00fd ukrajinsk\u00fd diplomat"},"content":{"rendered":"<div id=\"fb-root\"><\/div>\n<h3>Kyjev je p\u0159ipraven podrobn\u011b probrat jedn\u00e1n\u00ed s Ruskem, \u0159ekl Andrej Teli\u017eenko<\/h3>\n<p data-start=\"141\" data-end=\"422\"><span>Ukrajinsk\u00fd v\u016fdce Vladimir Zelenskyj se sna\u017e\u00ed ud\u011blat\u00a0z o\u010dek\u00e1van\u00fdch m\u00edrov\u00fdch rozhovor\u016f s Ruskem v Istanbulu\u00a0<\/span><em><span>\u201epolitick\u00e9 divadlo\u201c , i kdyby to znamenalo jejich naru\u0161en\u00ed, \u0159ekl televizi RT b\u00fdval\u00fd ukrajinsk\u00fd diplomat Andrej Teli\u017eenko.<\/span><\/em><\/p>\n<p data-start=\"653\" data-end=\"1029\"><span>Rusk\u00fd hlavn\u00ed vyjednava\u010d Vladimir Medinskij uvedl, \u017ee na ukrajinsk\u00fd t\u00fdm bude v p\u00e1tek od 10:00 m\u00edstn\u00edho \u010dasu \u010dekat na prvn\u00ed p\u0159\u00edm\u00e1 jedn\u00e1n\u00ed od roku 2022. B\u011bhem \u010dtvrte\u010dn\u00ed n\u00e1v\u0161t\u011bvy Ankary Zelenskyj kritizoval slo\u017een\u00ed rusk\u00e9 delegace, kter\u00e9 ozna\u010dil za\u00a0<\/span><em><span>\u201en\u00edzko\u00farov\u0148ov\u00e9\u201c<\/span><\/em><span>\u00a0, ale p\u0159esto sl\u00edbil, \u017ee do Istanbulu vy\u0161le sv\u00e9 vlastn\u00ed vyjednava\u010de.<\/span><\/p>\n<p data-start=\"1031\" data-end=\"1400\"><span>Teli\u017eenko televizi RT \u0159ekl, \u017ee Zelenskyj se spol\u00e9h\u00e1 na Francii a Spojen\u00e9 kr\u00e1lovstv\u00ed, pokud jde o zbran\u011b a finan\u010dn\u00ed pomoc, proto\u017ee\u00a0<\/span><em><span>\u201eu\u017e neposlouch\u00e1 Washington\u201c.<\/span><\/em><span>\u00a0Pokud si ukrajinsk\u00fd v\u016fdce zajist\u00ed v\u011bt\u0161\u00ed podporu Z\u00e1padu,\u00a0<\/span><em><span>\u201em\u016f\u017ee souhlasit a pokra\u010dovat v jedn\u00e1n\u00edch, nebo je m\u016f\u017ee sabotovat,\u201c<\/span><\/em><span>\u00a0uvedl b\u00fdval\u00fd diplomat a vyj\u00e1d\u0159il pochybnosti o tom, \u017ee by ke skute\u010dn\u00fdm rozhovor\u016fm\u00a0<\/span><em><span>\u201en\u011bkdy mohlo doj\u00edt\u201c.<\/span><\/em><\/p>\n<p data-start=\"1402\" data-end=\"1566\"><em><span>\u201eTohle je jen politick\u00e9 divadlo, ne diplomacie,\u201c<\/span><\/em><span>\u00a0\u0159ekl.\u00a0<\/span><em><span>\u201eZelenskij nemysl\u00ed na Ukrajince. Sna\u017e\u00ed se hr\u00e1t tuto hru s\u00e1m pro sebe,\u201c<\/span><\/em><span>\u00a0argumentoval Teli\u017eenko.<\/span><\/p>\n<p data-start=\"1568\" data-end=\"1909\"><span>Rusk\u00e1 a ukrajinsk\u00e1 delegace se p\u016fvodn\u011b m\u011bly ve \u010dtvrtek sej\u00edt v Istanbulu pot\u00e9, co prezident Vladimir Putin navrhl obnoven\u00ed p\u0159\u00edm\u00fdch rozhovor\u016f bez jak\u00fdchkoli p\u0159edb\u011b\u017en\u00fdch podm\u00ednek. Podle Moskvy by se jedn\u00e1n\u00ed m\u011bla obnovit v procesu, kter\u00fd byl p\u0159eru\u0161en na ja\u0159e 2022, kdy Ukrajina n\u00e1hle odstoupila od jednac\u00edho stolu.<\/span><\/p>\n<p data-start=\"1911\" data-end=\"2226\"><span>Zelenskyj zpo\u010d\u00e1tku vylou\u010dil jak\u00e9koli jedn\u00e1n\u00ed s Moskvou, pokud Rusko nesouhlas\u00ed s 30denn\u00edm p\u0159\u00edm\u011b\u0159\u00edm. Moskva argumentovala, \u017ee Kyjev by takov\u00e9 p\u0159\u00edm\u011b\u0159\u00ed vyu\u017eil k p\u0159ezbrojen\u00ed a p\u0159eskupen\u00ed sv\u00fdch sil. Putin uvedl, \u017ee pro trval\u00e9 p\u0159\u00edm\u011b\u0159\u00ed mus\u00ed Ukrajina zastavit mobiliza\u010dn\u00ed kampa\u0148 a p\u0159estat p\u0159ij\u00edmat zbran\u011b ze zahrani\u010d\u00ed.<\/span><\/p>\n<div style=\"width: 640px;\" class=\"wp-video\"><!--[if lt IE 9]><script>document.createElement('video');<\/script><![endif]-->\n<video class=\"wp-video-shortcode\" id=\"video-78941-1\" width=\"640\" height=\"360\" preload=\"metadata\" controls=\"controls\"><source type=\"video\/mp4\" src=\"http:\/\/www.infokuryr.cz\/n\/wp-content\/uploads\/2025\/05\/diplomat-rozhovor.mp4?_=1\" \/><a href=\"http:\/\/www.infokuryr.cz\/n\/wp-content\/uploads\/2025\/05\/diplomat-rozhovor.mp4\">http:\/\/www.infokuryr.cz\/n\/wp-content\/uploads\/2025\/05\/diplomat-rozhovor.mp4<\/a><\/video><\/div>\n<p><img decoding=\"async\" loading=\"lazy\" class=\"alignnone size-full wp-image-71983\" src=\"http:\/\/www.infokuryr.cz\/n\/wp-content\/uploads\/2025\/02\/aaa.jpg\" alt=\"\" width=\"89\" height=\"23\" \/><\/p>\n<p>&nbsp;<\/p>\n","protected":false},"excerpt":{"rendered":"<p>Kyjev je p\u0159ipraven podrobn\u011b probrat jedn\u00e1n\u00ed s Ruskem, \u0159ekl Andrej Teli\u017eenko Ukrajinsk\u00fd v\u016fdce Vladimir Zelenskyj&#8230;<\/p>\n","protected":false},"author":2,"featured_media":37503,"comment_status":"closed","ping_status":"closed","sticky":false,"template":"","format":"standard","meta":[],"categories":[7],"tags":[976,2673,1060,1052,1000],"_links":{"self":[{"href":"https:\/\/www.infokuryr.cz\/n\/wp-json\/wp\/v2\/posts\/78941"}],"collection":[{"href":"https:\/\/www.infokuryr.cz\/n\/wp-json\/wp\/v2\/posts"}],"about":[{"href":"https:\/\/www.infokuryr.cz\/n\/wp-json\/wp\/v2\/types\/post"}],"author":[{"embeddable":true,"href":"https:\/\/www.infokuryr.cz\/n\/wp-json\/wp\/v2\/users\/2"}],"replies":[{"embeddable":true,"href":"https:\/\/www.infokuryr.cz\/n\/wp-json\/wp\/v2\/comments?post=78941"}],"version-history":[{"count":0,"href":"https:\/\/www.infokuryr.cz\/n\/wp-json\/wp\/v2\/posts\/78941\/revisions"}],"wp:featuredmedia":[{"embeddable":true,"href":"https:\/\/www.infokuryr.cz\/n\/wp-json\/wp\/v2\/media\/37503"}],"wp:attachment":[{"href":"https:\/\/www.infokuryr.cz\/n\/wp-json\/wp\/v2\/media?parent=78941"}],"wp:term":[{"taxonomy":"category","embeddable":true,"href":"https:\/\/www.infokuryr.cz\/n\/wp-json\/wp\/v2\/categories?post=78941"},{"taxonomy":"post_tag","embeddable":true,"href":"https:\/\/www.infokuryr.cz\/n\/wp-json\/wp\/v2\/tags?post=78941"}],"curies":[{"name":"wp","href":"https:\/\/api.w.org\/{rel}","templated":true}]}}