{"id":7894,"date":"2022-01-29T05:57:36","date_gmt":"2022-01-29T04:57:36","guid":{"rendered":"http:\/\/www.infokuryr.cz\/n\/?p=7894"},"modified":"2022-01-29T05:57:36","modified_gmt":"2022-01-29T04:57:36","slug":"muslimove-financuji-propagandu-na-ceskem-internetu-nejsou-ji-osloveny-i-vase-deti","status":"publish","type":"post","link":"https:\/\/www.infokuryr.cz\/n\/2022\/01\/29\/muslimove-financuji-propagandu-na-ceskem-internetu-nejsou-ji-osloveny-i-vase-deti\/","title":{"rendered":"Muslimov\u00e9 financuji propagandu na \u010desk\u00e9m internetu. Nejsou j\u00ed osloveny i va\u0161e d\u011bti?"},"content":{"rendered":"<div id=\"fb-root\"><\/div>\n<p><strong>Na internetu a hlavn\u011b soci\u00e1ln\u00ed s\u00edti Facebook se posledn\u00ed dobo \u0161\u00ed\u0159\u00ed v \u010de\u0161tin\u011b reklama propaguj\u00edc\u00ed isl\u00e1m. Zam\u011b\u0159uje se hlavn\u011b na mlad\u00e9 \u010cechy a \u010ce\u0161ky. Reklama propaguje webovou str\u00e1nku www.cs.islam-message.com jen\u017e mimo \u010de\u0161tiny obsahuje isl\u00e1mskou propagandu v mnoha dal\u0161\u00edch jazyc\u00edch. Mo\u017en\u00e1 i va\u0161\u00edm d\u011btem tato reklama vyskakuje p\u0159i pobytu na internetu?<\/strong><\/p>\n<p><img decoding=\"async\" src=\"https:\/\/www.eurabia.cz\/UserFiles\/image\/propagandaislammu.jpg\" alt=\"\" \/><\/p>\n<p>Kan\u00e1l na Youtube byl vytvo\u0159en v roce 2020 a obsahuje nejen videa propaguj\u00edc\u00ed isl\u00e1m, ale i \u00fato\u010d\u00edc\u00ed na k\u0159es\u0165anstv\u00ed. Zd\u00e1 se, \u017ee muslimov\u00e9 organizuj\u00edc\u00ed tuto aktivitu pova\u017euj\u00ed v \u010cR za nejv\u011bt\u0161\u00ed konkurenci a hrozbu islamizaci pr\u00e1v\u011b k\u0159es\u0165any.<\/p>\n<p><img decoding=\"async\" src=\"https:\/\/www.eurabia.cz\/UserFiles\/image\/propagandaislammu2.jpg\" alt=\"\" \/><\/p>\n<div><\/div>\n<div>Tak si dejte pozor na sv\u00e9 d\u011bti, aby je tato propaganda nezaujala a ony nepodlehly isl\u00e1msk\u00e9 propagand\u011b &#8230;<\/div>\n<div><\/div>\n<div><a href=\"https:\/\/www.eurabia.cz\/Articles\/66286-muslimove-financuji-propagandu-na-ceskem-internetu-nejsou-ji-osloveny-i-vase-deti-.aspx\">EURABIA<\/a><\/div>\n<div><\/div>\n<div><\/div>\n","protected":false},"excerpt":{"rendered":"<p>Na internetu a hlavn\u011b soci\u00e1ln\u00ed s\u00edti Facebook se posledn\u00ed dobo \u0161\u00ed\u0159\u00ed v \u010de\u0161tin\u011b reklama propaguj\u00edc\u00ed&#8230;<\/p>\n","protected":false},"author":2,"featured_media":5301,"comment_status":"closed","ping_status":"closed","sticky":false,"template":"","format":"standard","meta":[],"categories":[6],"tags":[245,647,91,44,1051],"_links":{"self":[{"href":"https:\/\/www.infokuryr.cz\/n\/wp-json\/wp\/v2\/posts\/7894"}],"collection":[{"href":"https:\/\/www.infokuryr.cz\/n\/wp-json\/wp\/v2\/posts"}],"about":[{"href":"https:\/\/www.infokuryr.cz\/n\/wp-json\/wp\/v2\/types\/post"}],"author":[{"embeddable":true,"href":"https:\/\/www.infokuryr.cz\/n\/wp-json\/wp\/v2\/users\/2"}],"replies":[{"embeddable":true,"href":"https:\/\/www.infokuryr.cz\/n\/wp-json\/wp\/v2\/comments?post=7894"}],"version-history":[{"count":0,"href":"https:\/\/www.infokuryr.cz\/n\/wp-json\/wp\/v2\/posts\/7894\/revisions"}],"wp:featuredmedia":[{"embeddable":true,"href":"https:\/\/www.infokuryr.cz\/n\/wp-json\/wp\/v2\/media\/5301"}],"wp:attachment":[{"href":"https:\/\/www.infokuryr.cz\/n\/wp-json\/wp\/v2\/media?parent=7894"}],"wp:term":[{"taxonomy":"category","embeddable":true,"href":"https:\/\/www.infokuryr.cz\/n\/wp-json\/wp\/v2\/categories?post=7894"},{"taxonomy":"post_tag","embeddable":true,"href":"https:\/\/www.infokuryr.cz\/n\/wp-json\/wp\/v2\/tags?post=7894"}],"curies":[{"name":"wp","href":"https:\/\/api.w.org\/{rel}","templated":true}]}}