{"id":78937,"date":"2025-05-16T05:58:22","date_gmt":"2025-05-16T03:58:22","guid":{"rendered":"https:\/\/www.infokuryr.cz\/n\/?p=78937"},"modified":"2025-05-16T05:58:22","modified_gmt":"2025-05-16T03:58:22","slug":"jindrich-kulhavy-mirove-rozhovory","status":"publish","type":"post","link":"https:\/\/www.infokuryr.cz\/n\/2025\/05\/16\/jindrich-kulhavy-mirove-rozhovory\/","title":{"rendered":"Jind\u0159ich Kulhav\u00fd: M\u00edrov\u00e9 rozhovory"},"content":{"rendered":"<div id=\"fb-root\"><\/div>\n<p><strong><span class=\"anotation\">M\u00edrov\u00e9 rozhovory v\u00a0Turecku mezi Ruskou federac\u00ed a kyjevsk\u00fdm re\u017eimem jsou uk\u00e1zkou re\u00e1ln\u00e9 situace. Zelenskyj zaj\u00edm\u00e1 jen sv\u00e9 loutkovodi\u010de a jeho v\u00fdznam kles\u00e1. Rusov\u00e9 se dostav\u00ed na sch\u016fzku v\u00a0sestav\u011b, kter\u00e1 znamen\u00e1 pro p\u016fvodn\u00ed slo\u017een\u00ed ukrajinsk\u00e9 delegace sp\u00ed\u0161e uklizen\u00ed do m\u00edst, kde ji Kreml vn\u00edm\u00e1.<\/span><\/strong><\/p>\n<div id=\"pagetext\">\n<p>\u00a0 Zelenskyj nen\u00ed pro Vladim\u00edra Putina ni\u010d\u00edm jin\u00fdm ne\u017e nyn\u00ed u\u017e samozvanou hlavou ukronacistick\u00e9 mafie. A proto\u017ee pr\u00e1v\u011b proti n\u00ed ji\u017e t\u0159i roky bojuje, nav\u00edc z\u00a0\u00fast kyjevsk\u00e9ho profesion\u00e1ln\u00edho klauna nesly\u0161\u00ed jedin\u00e9 slovo znamenaj\u00ed \u00factu, by\u0165 k\u00a0nep\u0159\u00edteli, nem\u00e1 d\u016fvod se s\u00a0n\u00edm zat\u00edm setk\u00e1vat. V\u00a0podstat\u011b d\u00e1v\u00e1 najevo, \u017ee medv\u011bd se hmyzem zab\u00fdvat nechce. A bez Putina nem\u00e1 cenu let\u011bt do Turecka ani pro Trumpa. Ukrajina tak dostala dal\u0161\u00ed v\u00fdraznou diplomatickou facku znamenaj\u00edc\u00ed jasn\u00fd sign\u00e1l, kam pat\u0159\u00ed. A s\u00a0n\u00ed cel\u00e1 Z\u00e1padn\u00ed Evropa. Merz se m\u016f\u017ee klidn\u011b\u2026.zbl\u00e1znit, vyhro\u017eovat komu chce, ale rusk\u00fd prezident v\u0161em uk\u00e1zal, \u017ee jednat o m\u00edru sice chce, ale dokud bude Rusku n\u011bkdo kl\u00e1st ultim\u00e1ta, naraz\u00ed. Nav\u00edc se setk\u00e1 jen s\u00a0t\u011bmi, kter\u00e9 pova\u017euje za sob\u011b a Rusk\u00e9 federaci rovn\u00e9, p\u0159\u00edpadn\u011b p\u0159\u00ednosn\u00e9. Ti obhajuj\u00edc\u00ed n\u00e1vrat nacismu to rozhodn\u011b nejsou.<\/p>\n<p>Z\u00e1rove\u0148 je evidentn\u00ed posun v\u00a0p\u0159ij\u00edm\u00e1n\u00ed Z\u00e1padu v\u00a0Rusku. U\u017e d\u00e1vno neznamen\u00e1, \u017ee cokoliv vyroben\u00e9 v\u00a0USA, Japonsku \u010di v\u00a0zem\u00edch EU je pro Rusko dobr\u00e9. U\u017e pochopili, \u017ee \u010c\u00edna v\u00a0mnoh\u00e9m p\u0159ed\u010dila sv\u00e9 u\u010ditele a BRICS poskytuje dostate\u010dn\u00fd obchodn\u00ed prostor. Zp\u011bt do Ruska se tak zdaleka nevr\u00e1t\u00ed tolik firem, kolik jich ode\u0161lo po za\u010d\u00e1tku SVO. A naopak, po odcizov\u00e1n\u00ed rusk\u00fdch aktiv v\u00a0zahrani\u010d\u00ed u\u017e rusk\u00fd kapit\u00e1l jen tak n\u011bkter\u00e9 ekonomiky nepodpo\u0159\u00ed. Kreml jasn\u011b sv\u00fdm oligarch\u016fm, bank\u00e1m a firm\u00e1m uk\u00e1zal, \u017ee b\u00fdt doma je p\u0159inejmen\u0161\u00edm d\u016fkazem vlastenectv\u00ed. Kdyby Abramovi\u010d vlastnil m\u00edstu Chelsea Spartak Moskva, nep\u0159i\u0161el by o sv\u016fj fotbalov\u00fd klub. Rusov\u00e9 m\u011bli v\u0161ude po sv\u011bt\u011b mnoho majetku, p\u0159i\u0161li o n\u011bj, a je\u0161t\u011b jim za to Putin vynadal.<\/p>\n<p>Zelenskyj je v\u00a0za\u010darovan\u00e9m kruhu. Jeho diplomatick\u00e9 vlohy jsou chatrn\u00e9 a mo\u017enosti EU nad\u00e1le mu plnit koryto i p\u0159es zvr\u00e1cenou snahu Leyenov\u00e9, EK a fanatik\u016f p\u0159\u00edbuzn\u00fdch s\u00a0Fialou u\u017e miz\u00ed. Sice je\u0161t\u011b nejsme na \u00fapln\u00e9m dnu, ale rychle k\u00a0n\u011bmu kles\u00e1me. USA \u0159e\u0161\u00ed plno vlastn\u00edch starost\u00ed, kter\u00e9 zanechali dosud vl\u00e1dnouc\u00ed Demokrat\u00e9. Kyjevsk\u00e1 junta mus\u00ed dopl\u0148ovat arm\u00e1du na ulici odchycen\u00fdmi \u201edobrovoln\u00edky\u201c, v\u00a0Rusku nastupuj\u00ed bez probl\u00e9m\u016f. V\u00a0EU u\u017e nemaj\u00ed pseudoelity kam s\u00e1hnout, snad jen navy\u0161ov\u00e1n\u00edm dan\u00ed zalep\u00ed kr\u00e1tkodob\u011b d\u00edru, kterou tam u\u017e ud\u011blaly migrace, covid a vyzbrojov\u00e1n\u00ed Ukrajiny. Perspektiva Zelensk\u00e9ho je tedy mizern\u00e1, a je\u0161t\u011b chvilku a m\u016f\u017ee se b\u00e1t lyn\u010de. Doma zru\u0161il opozici, utekly mu miliony potencion\u00e1ln\u00edch voj\u00e1k\u016f, kte\u0159\u00ed se z\u00a0velk\u00e9 \u010d\u00e1sti u\u017e ani nevr\u00e1t\u00ed. Plno zabit\u00fdch na front\u011b se na n\u00ed ocitlo d\u00edky n\u00e1sil\u00ed provozovan\u00e9m nah\u00e1n\u011b\u010di. \u017debr\u00e1n\u00ed kombinovan\u00e9 s\u00a0vyhro\u017eov\u00e1n\u00edm m\u016f\u017ee oblbnout Petra Pavla, Pekarovou &amp; spol., nikoliv norm\u00e1ln\u011b uva\u017euj\u00edc\u00edho \u010dlov\u011bka.<\/p>\n<p>P\u0159i tvrzen\u00ed, \u017ee Ukrajina zabr\u00e1nila expanzi Rusk\u00e9 federace, je \u00fasm\u011bv na m\u00edst\u011b. Rusov\u00e9 maj\u00ed tolik zem\u011b, \u017ee by u\u017eivila desetin\u00e1sobek jejich n\u00e1roda, ani\u017e by to n\u011bkomu vadilo. Nepot\u0159ebuj\u00ed \u00fazem\u00ed pln\u00e1 p\u0159ivandrovalc\u016f, \u00fachyl\u016f a greendealov\u00fdch magor\u016f. A v\u00a0d\u016fsledku jim r\u00e1di budou prod\u00e1vat r\u016fzn\u00e9 komodity, kdy\u017e budou klienti solidn\u011b p\u0159istupovat ke sv\u00fdm z\u00e1vazk\u016fm. Dost u\u017e bylo liberalismu, nen\u00e1visti k\u00a0Rusku a podpory nacismu. Vra\u0165me se rad\u0161i k\u00a0rozumu, um\u011bn\u00ed komunikovat a rozpozn\u00e1vejme, co je dobr\u00e9 a co nikoliv. Spolupr\u00e1ce je mnohem v\u00edce ne\u017e v\u00e1lka. Je na v\u00e1s, co podpo\u0159\u00edte. My v\u00a0tom jasno m\u00e1me. Mimochodem, kde je Zelenskyj pr\u00e1v\u011b te\u010f?<\/p>\n<p><a href=\"https:\/\/www.inadhled.live\/uvaha-dne\/mirove-rozhovory\/\">Jind\u0159ich Kulhav\u00fd<\/a><\/p>\n<p><img decoding=\"async\" loading=\"lazy\" class=\"alignnone size-full wp-image-48136\" src=\"http:\/\/www.infokuryr.cz\/n\/wp-content\/uploads\/2024\/02\/kulhavy-jindrich.jpg\" alt=\"\" width=\"219\" height=\"221\" srcset=\"https:\/\/www.infokuryr.cz\/n\/wp-content\/uploads\/2024\/02\/kulhavy-jindrich.jpg 219w, https:\/\/www.infokuryr.cz\/n\/wp-content\/uploads\/2024\/02\/kulhavy-jindrich-150x150.jpg 150w\" sizes=\"(max-width: 219px) 100vw, 219px\" \/><\/p>\n<p>&nbsp;<\/p>\n<\/div>\n","protected":false},"excerpt":{"rendered":"<p>M\u00edrov\u00e9 rozhovory v\u00a0Turecku mezi Ruskou federac\u00ed a kyjevsk\u00fdm re\u017eimem jsou uk\u00e1zkou re\u00e1ln\u00e9 situace. Zelenskyj zaj\u00edm\u00e1&#8230;<\/p>\n","protected":false},"author":2,"featured_media":78938,"comment_status":"closed","ping_status":"closed","sticky":false,"template":"","format":"standard","meta":[],"categories":[6],"tags":[1503,4826,22,26],"_links":{"self":[{"href":"https:\/\/www.infokuryr.cz\/n\/wp-json\/wp\/v2\/posts\/78937"}],"collection":[{"href":"https:\/\/www.infokuryr.cz\/n\/wp-json\/wp\/v2\/posts"}],"about":[{"href":"https:\/\/www.infokuryr.cz\/n\/wp-json\/wp\/v2\/types\/post"}],"author":[{"embeddable":true,"href":"https:\/\/www.infokuryr.cz\/n\/wp-json\/wp\/v2\/users\/2"}],"replies":[{"embeddable":true,"href":"https:\/\/www.infokuryr.cz\/n\/wp-json\/wp\/v2\/comments?post=78937"}],"version-history":[{"count":0,"href":"https:\/\/www.infokuryr.cz\/n\/wp-json\/wp\/v2\/posts\/78937\/revisions"}],"wp:featuredmedia":[{"embeddable":true,"href":"https:\/\/www.infokuryr.cz\/n\/wp-json\/wp\/v2\/media\/78938"}],"wp:attachment":[{"href":"https:\/\/www.infokuryr.cz\/n\/wp-json\/wp\/v2\/media?parent=78937"}],"wp:term":[{"taxonomy":"category","embeddable":true,"href":"https:\/\/www.infokuryr.cz\/n\/wp-json\/wp\/v2\/categories?post=78937"},{"taxonomy":"post_tag","embeddable":true,"href":"https:\/\/www.infokuryr.cz\/n\/wp-json\/wp\/v2\/tags?post=78937"}],"curies":[{"name":"wp","href":"https:\/\/api.w.org\/{rel}","templated":true}]}}