{"id":78936,"date":"2025-05-16T05:56:32","date_gmt":"2025-05-16T03:56:32","guid":{"rendered":"https:\/\/www.infokuryr.cz\/n\/?p=78936"},"modified":"2025-05-16T05:56:32","modified_gmt":"2025-05-16T03:56:32","slug":"setkani-putina-a-trumpa-je-bezprostredni-uvedl-urednik-bileho-domu","status":"publish","type":"post","link":"https:\/\/www.infokuryr.cz\/n\/2025\/05\/16\/setkani-putina-a-trumpa-je-bezprostredni-uvedl-urednik-bileho-domu\/","title":{"rendered":"Setk\u00e1n\u00ed Putina a Trumpa je \u201ebezprost\u0159edn\u00ed\u201c, uvedl \u00fa\u0159edn\u00edk B\u00edl\u00e9ho domu"},"content":{"rendered":"<div id=\"fb-root\"><\/div>\n<h3>Osobn\u00ed rozhovor mezi ob\u011bma prezidenty by pomohl zpe\u010detiti m\u00edrovou dohodu mezi Moskvou a Kyjevem, uvedl Sebastian Gorka<\/h3>\n<p><span>Americk\u00fd prezident Donald Trump se setk\u00e1 se sv\u00fdm rusk\u00fdm prot\u011bj\u0161kem Vladimirem Putinem, aby pomohl Rusku a Ukrajin\u011b finalizovat m\u00edrovou dohodu, uvedl z\u00e1stupce Trumpova asistenta Sebastian Gorka. Setk\u00e1n\u00ed obou l\u00eddr\u016f je\u00a0<\/span><em><span>\u201ebezprost\u0159edn\u00ed\u201c,<\/span><\/em><span>\u00a0\u0159ekl na bezpe\u010dnostn\u00edm summitu po\u0159\u00e1dan\u00e9m serverem Politico.<\/span><\/p>\n<p><em><span>\u201eDohody jsou o na\u010dasov\u00e1n\u00ed. A\u017e nastane ten spr\u00e1vn\u00fd \u010das, tehdy je prezident v m\u00edstnosti s Putinem,\u201c<\/span><\/em><span>\u00a0prohl\u00e1sil a z\u00e1rove\u0148 tvrdil, \u017ee ten spr\u00e1vn\u00fd okam\u017eik je\u00a0<\/span><em><span>\u201ebezprost\u0159edn\u011b bl\u00edzko\u201c.<\/span><\/em><span>\u00a0Neup\u0159esnil ani neposkytl \u017e\u00e1dn\u00e9 dal\u0161\u00ed podrobnosti o mo\u017en\u00e9 sch\u016fzce mezi Putinem a Trumpem.<\/span><\/p>\n<p><span>Trump je moment\u00e1ln\u011b na cest\u011b po Bl\u00edzk\u00e9m v\u00fdchod\u011b a zva\u017eoval, \u017ee v p\u00e1tek nav\u0161t\u00edv\u00ed Turecko,\u00a0<\/span><em><span>\u201epokud se n\u011bco stane\u201c.<\/span><\/em><span>\u00a0O\u010dek\u00e1valo se, \u017ee delegace Moskvy a Kyjeva tam budou jednat pot\u00e9, co Putin navrhl obnoven\u00ed istanbulsk\u00fdch rozhovor\u016f, kter\u00e9 byly p\u0159eru\u0161eny p\u0159ed t\u0159emi lety.<\/span><\/p>\n<p><span>Ukrajinsk\u00fd prezident Vladimir Zelenskyj reagoval na Putinovu v\u00fdzvu prohl\u00e1\u0161en\u00edm, \u017ee osobn\u011b polet\u00ed do Turecka, a po\u017eadoval, aby tot\u00e9\u017e u\u010dinil i rusk\u00fd prezident. Kreml odpov\u011bd\u011bl, \u017ee rusk\u00fd prezident nem\u00e1 v pl\u00e1nu do zem\u011b cestovat. Trump pot\u00e9 ve \u010dtvrtek prohl\u00e1sil, \u017ee Putin nem\u00e1 d\u016fvod jet, proto\u017ee se k cest\u011b s\u00e1m americk\u00fd prezident nezav\u00e1zal.<\/span><\/p>\n<p><span>Moskva uvedla, \u017ee jej\u00ed hlavn\u00ed program pro istanbulsk\u00e1 jedn\u00e1n\u00ed z\u016fst\u00e1v\u00e1 od roku 2022 nezm\u011bn\u011bn, proto\u017ee v\u011b\u0159\u00ed, \u017ee trval\u00e9ho m\u00edru lze dos\u00e1hnout pouze \u0159e\u0161en\u00edm z\u00e1kladn\u00edch p\u0159\u00ed\u010din konfliktu, v\u010detn\u011b snahy Ukrajiny o vstup do NATO.\u00a0<\/span><\/p>\n<p><span>Zelenskyj zpo\u010d\u00e1tku trval na tom, aby se jedn\u00e1n\u00ed osobn\u011b z\u00fa\u010dastnil Putin, ne\u017e se rozhodl vyslat do Istanbulu delegaci vedenou ministrem obrany Rustemem Umerovem. Podle agentury TASS se nyn\u00ed o\u010dek\u00e1v\u00e1, \u017ee sch\u016fzka mezi ob\u011bma stranami za\u010dne v p\u00e1tek.<\/span><\/p>\n<p><span>Trumpova administrativa od sv\u00e9ho n\u00e1stupu do \u00fa\u0159adu v lednu aktivn\u011b tla\u010d\u00ed na ob\u011b strany k zah\u00e1jen\u00ed m\u00edrov\u00fdch jedn\u00e1n\u00ed. Americk\u00fd prezident ned\u00e1vno vyj\u00e1d\u0159il frustraci z pomal\u00e9ho tempa procesu a po\u017eadoval, aby se ob\u011b strany zapojily do p\u0159\u00edm\u00fdch rozhovor\u016f.<\/span><\/p>\n<p><img decoding=\"async\" loading=\"lazy\" class=\"alignnone size-full wp-image-71983\" src=\"http:\/\/www.infokuryr.cz\/n\/wp-content\/uploads\/2025\/02\/aaa.jpg\" alt=\"\" width=\"89\" height=\"23\" \/><\/p>\n<p>&nbsp;<\/p>\n","protected":false},"excerpt":{"rendered":"<p>Osobn\u00ed rozhovor mezi ob\u011bma prezidenty by pomohl zpe\u010detiti m\u00edrovou dohodu mezi Moskvou a Kyjevem, uvedl&#8230;<\/p>\n","protected":false},"author":2,"featured_media":74558,"comment_status":"closed","ping_status":"closed","sticky":false,"template":"","format":"standard","meta":[],"categories":[7],"tags":[102,1629,452],"_links":{"self":[{"href":"https:\/\/www.infokuryr.cz\/n\/wp-json\/wp\/v2\/posts\/78936"}],"collection":[{"href":"https:\/\/www.infokuryr.cz\/n\/wp-json\/wp\/v2\/posts"}],"about":[{"href":"https:\/\/www.infokuryr.cz\/n\/wp-json\/wp\/v2\/types\/post"}],"author":[{"embeddable":true,"href":"https:\/\/www.infokuryr.cz\/n\/wp-json\/wp\/v2\/users\/2"}],"replies":[{"embeddable":true,"href":"https:\/\/www.infokuryr.cz\/n\/wp-json\/wp\/v2\/comments?post=78936"}],"version-history":[{"count":0,"href":"https:\/\/www.infokuryr.cz\/n\/wp-json\/wp\/v2\/posts\/78936\/revisions"}],"wp:featuredmedia":[{"embeddable":true,"href":"https:\/\/www.infokuryr.cz\/n\/wp-json\/wp\/v2\/media\/74558"}],"wp:attachment":[{"href":"https:\/\/www.infokuryr.cz\/n\/wp-json\/wp\/v2\/media?parent=78936"}],"wp:term":[{"taxonomy":"category","embeddable":true,"href":"https:\/\/www.infokuryr.cz\/n\/wp-json\/wp\/v2\/categories?post=78936"},{"taxonomy":"post_tag","embeddable":true,"href":"https:\/\/www.infokuryr.cz\/n\/wp-json\/wp\/v2\/tags?post=78936"}],"curies":[{"name":"wp","href":"https:\/\/api.w.org\/{rel}","templated":true}]}}