{"id":78933,"date":"2025-05-16T05:27:28","date_gmt":"2025-05-16T03:27:28","guid":{"rendered":"https:\/\/www.infokuryr.cz\/n\/?p=78933"},"modified":"2025-05-16T05:27:28","modified_gmt":"2025-05-16T03:27:28","slug":"hlavni-rusky-vyjednavac-nastinil-cil-rozhovoru-s-ukrajinou-cele-prohlaseni","status":"publish","type":"post","link":"https:\/\/www.infokuryr.cz\/n\/2025\/05\/16\/hlavni-rusky-vyjednavac-nastinil-cil-rozhovoru-s-ukrajinou-cele-prohlaseni\/","title":{"rendered":"Hlavn\u00ed rusk\u00fd vyjednava\u010d nast\u00ednil c\u00edl rozhovor\u016f s Ukrajinou (CEL\u00c9 PROHL\u00c1\u0160EN\u00cd)"},"content":{"rendered":"<div id=\"fb-root\"><\/div>\n<h3>Moskva si klade za c\u00edl zajistit trval\u00fd m\u00edr s Kyjevem, prohl\u00e1sil prezidentsk\u00fd poradce Vladimir Medinskij<\/h3>\n<p><span>Moskva se sna\u017e\u00ed zapojit Ukrajinu do p\u0159\u00edm\u00fdch jedn\u00e1n\u00ed v Istanbulu s c\u00edlem zajistit trval\u00fd m\u00edr, \u0159ekl ve \u010dtvrtek novin\u00e1\u0159\u016fm hlavn\u00ed rusk\u00fd vyjednava\u010d Vladimir Medinskij. Sou\u010dasn\u00e9 \u00fasil\u00ed p\u0159edstavuje o\u017eiven\u00ed m\u00edrov\u00e9ho procesu, na kter\u00e9m se pod\u00edlel a kter\u00fd Kyjev p\u0159ed t\u0159emi lety p\u0159eru\u0161il, dodal.<\/span><\/p>\n<p><span>Rusko i Ukrajina vyslaly delegace do Turecka pot\u00e9, co rusk\u00fd prezident Vladimir Putin minul\u00fd t\u00fdden nab\u00eddl obnoven\u00ed p\u0159\u00edm\u00fdch rozhovor\u016f zam\u011b\u0159en\u00fdch na vy\u0159e\u0161en\u00ed konfliktu.<\/span><\/p>\n<p><span>Moskevsk\u00fd t\u00fdm je p\u0159ipraven konstruktivn\u011b pracovat na dosa\u017een\u00ed sch\u016fdn\u00fdch \u0159e\u0161en\u00ed.\u00a0<\/span><em><span>\u201eM\u00e1 ve\u0161kerou pot\u0159ebnou kvalifikaci a pravomoc k veden\u00ed jedn\u00e1n\u00ed,\u201c<\/span><\/em><span>\u00a0uvedl v Istanbulu prezidentsk\u00fd asistent.<\/span><\/p>\n<p><span>Ruskou delegaci tvo\u0159\u00ed tak\u00e9 n\u00e1m\u011bstek ministra zahrani\u010d\u00ed Michail Galuzin, n\u00e1m\u011bstek ministra obrany Alexandr Fomin a \u0161\u00e9f rusk\u00e9 vojensk\u00e9 rozv\u011bdky Igor Kos\u0165ukov. Dopl\u0148uje je n\u011bkolik vysok\u00fdch vojensk\u00fdch a civiln\u00edch p\u0159edstavitel\u016f a tak\u00e9 diplomat\u00e9.<\/span><\/p>\n<h2><span>Zde je cel\u00fd projev Vladimira Medinsk\u00e9ho:<\/span><\/h2>\n<p><strong><span>Poradce rusk\u00e9ho prezidenta Vladimir Medinskij:<\/span><\/strong><span>\u00a0V\u00e1\u017een\u00ed kolegov\u00e9.<\/span><\/p>\n<p><span>Jak ji\u017e bylo d\u0159\u00edve informov\u00e1no, v\u010dera ve\u010der uspo\u0159\u00e1dal rusk\u00fd prezident Vladimir Putin zvl\u00e1\u0161tn\u00ed sch\u016fzku, aby p\u0159ipravil na\u0161i delegaci na nadch\u00e1zej\u00edc\u00ed jedn\u00e1n\u00ed v Istanbulu.<\/span><\/p>\n<p><span>Sch\u016fze se z\u00fa\u010dastnilo veden\u00ed Bezpe\u010dnostn\u00ed rady RF, rusk\u00e9 vl\u00e1dy, ministr obrany, n\u00e1\u010deln\u00edk gener\u00e1ln\u00edho \u0161t\u00e1bu, ministr zahrani\u010dn\u00edch v\u011bc\u00ed, jako\u017e i \u0161\u00e9fov\u00e9 st\u00e1tn\u00ed bezpe\u010dnosti, rozv\u011bdky a velitel\u00e9 v\u0161ech skupin rusk\u00fdch ozbrojen\u00fdch sil zapojen\u00fdch do vojensk\u00e9 operace [proti Kyjevu].<\/span><\/p>\n<p><span>Sch\u016fze se z\u00fa\u010dastnili i \u010dlenov\u00e9 zde p\u0159\u00edtomn\u00e9 delegace.<\/span><\/p>\n<p><span>Projedn\u00e1v\u00e1ny byly ot\u00e1zky zahrani\u010dn\u00ed politiky a bezpe\u010dnosti a byly p\u0159edlo\u017eeny i dal\u0161\u00ed zpr\u00e1vy o stavu ekonomiky a obrann\u00e9ho pr\u016fmyslu.<\/span><\/p>\n<p><span>Ministr obrany, n\u00e1\u010deln\u00edk gener\u00e1ln\u00edho \u0161t\u00e1bu a v\u0161ichni velitel\u00e9 rusk\u00fdch arm\u00e1dn\u00edch skupin zapojen\u00fdch do vojensk\u00e9 operace [proti Kyjevu] informovali o situaci v bojov\u00e9 z\u00f3n\u011b.<\/span><\/p>\n<p><span>N\u00e1sledovala podrobn\u00e1 spole\u010dn\u00e1 diskuse.<\/span><\/p>\n<p><span>Na z\u00e1klad\u011b zpr\u00e1v \u00fa\u010dastn\u00edk\u016f vydal prezident pokyny a nast\u00ednil vyjedn\u00e1vac\u00ed pozici rusk\u00e9 delegace v Istanbulu.<\/span><\/p>\n<p><span>Tato jedn\u00e1n\u00ed vn\u00edm\u00e1me jako pokra\u010dov\u00e1n\u00ed m\u00edrov\u00e9ho procesu v Istanbulu, kter\u00fd byl bohu\u017eel p\u0159ed t\u0159emi lety p\u0159eru\u0161en ukrajinskou stranou.<\/span><\/p>\n<p><span>Na\u0161e ofici\u00e1ln\u00ed delegace byla schv\u00e1lena prezidentsk\u00fdm na\u0159\u00edzen\u00edm a m\u00e1 ve\u0161kerou pot\u0159ebnou kvalifikaci a pravomoc k veden\u00ed jedn\u00e1n\u00ed.<\/span><\/p>\n<p><span>Delegace zauj\u00edm\u00e1 konstruktivn\u00ed p\u0159\u00edstup, zam\u011b\u0159en\u00fd na hled\u00e1n\u00ed sch\u016fdn\u00fdch \u0159e\u0161en\u00ed a oblast\u00ed spole\u010dn\u00e9 \u0159e\u010di.<\/span><\/p>\n<p><span>C\u00edlem p\u0159\u00edm\u00fdch jedn\u00e1n\u00ed s ukrajinskou stranou je v kone\u010dn\u00e9m d\u016fsledku zajistit trval\u00fd m\u00edr \u0159e\u0161en\u00edm z\u00e1kladn\u00edch p\u0159\u00ed\u010din konfliktu.<\/span><\/p>\n<p><img decoding=\"async\" loading=\"lazy\" class=\"alignnone size-full wp-image-71983\" src=\"http:\/\/www.infokuryr.cz\/n\/wp-content\/uploads\/2025\/02\/aaa.jpg\" alt=\"\" width=\"89\" height=\"23\" \/><\/p>\n<p>&nbsp;<\/p>\n","protected":false},"excerpt":{"rendered":"<p>Moskva si klade za c\u00edl zajistit trval\u00fd m\u00edr s Kyjevem, prohl\u00e1sil prezidentsk\u00fd poradce Vladimir Medinskij&#8230;<\/p>\n","protected":false},"author":2,"featured_media":78934,"comment_status":"closed","ping_status":"closed","sticky":false,"template":"","format":"standard","meta":[],"categories":[7],"tags":[811,22,9136],"_links":{"self":[{"href":"https:\/\/www.infokuryr.cz\/n\/wp-json\/wp\/v2\/posts\/78933"}],"collection":[{"href":"https:\/\/www.infokuryr.cz\/n\/wp-json\/wp\/v2\/posts"}],"about":[{"href":"https:\/\/www.infokuryr.cz\/n\/wp-json\/wp\/v2\/types\/post"}],"author":[{"embeddable":true,"href":"https:\/\/www.infokuryr.cz\/n\/wp-json\/wp\/v2\/users\/2"}],"replies":[{"embeddable":true,"href":"https:\/\/www.infokuryr.cz\/n\/wp-json\/wp\/v2\/comments?post=78933"}],"version-history":[{"count":0,"href":"https:\/\/www.infokuryr.cz\/n\/wp-json\/wp\/v2\/posts\/78933\/revisions"}],"wp:featuredmedia":[{"embeddable":true,"href":"https:\/\/www.infokuryr.cz\/n\/wp-json\/wp\/v2\/media\/78934"}],"wp:attachment":[{"href":"https:\/\/www.infokuryr.cz\/n\/wp-json\/wp\/v2\/media?parent=78933"}],"wp:term":[{"taxonomy":"category","embeddable":true,"href":"https:\/\/www.infokuryr.cz\/n\/wp-json\/wp\/v2\/categories?post=78933"},{"taxonomy":"post_tag","embeddable":true,"href":"https:\/\/www.infokuryr.cz\/n\/wp-json\/wp\/v2\/tags?post=78933"}],"curies":[{"name":"wp","href":"https:\/\/api.w.org\/{rel}","templated":true}]}}