{"id":78917,"date":"2025-05-16T00:26:43","date_gmt":"2025-05-15T22:26:43","guid":{"rendered":"https:\/\/www.infokuryr.cz\/n\/?p=78917"},"modified":"2025-05-16T04:49:37","modified_gmt":"2025-05-16T02:49:37","slug":"je-zdravi-lidi-narodni-zajem-aneb-jak-si-nesmime-vyrabet-penicilin-co-vyrabet-my-ho-nesmime-diky-eu-ani-balit","status":"publish","type":"post","link":"https:\/\/www.infokuryr.cz\/n\/2025\/05\/16\/je-zdravi-lidi-narodni-zajem-aneb-jak-si-nesmime-vyrabet-penicilin-co-vyrabet-my-ho-nesmime-diky-eu-ani-balit\/","title":{"rendered":"Je zdrav\u00ed lid\u00ed n\u00e1rodn\u00ed z\u00e1jem? Aneb jak si nesm\u00edme vyr\u00e1b\u011bt penicilin. Co vyr\u00e1b\u011bt. My ho nesm\u00edme d\u00edky EU ani balit"},"content":{"rendered":"<div id=\"fb-root\"><\/div>\n<p class=\"has-medium-font-size\"><strong>Pamatujete si na to, jak loni V\u00e1lek vy\u0159v\u00e1val po tom jeho l\u00e9kov\u00e9m trapasu, kdy nebylo zna\u010dn\u00e9 mno\u017estv\u00ed z\u00e1kladn\u00edch l\u00e9k\u016f, \u017ee vr\u00e1t\u00ed v\u00fdrobu penicilinu do \u010cech? No tak vr\u00e1t\u00ed houbeles, proto\u017ee n\u00e1m to zatrhla Unie.<\/strong><\/p>\n<p>Tedy p\u0159esn\u011b \u0159e\u010deno zatrhla n\u00e1m upl\u00e1cet zahrani\u010dn\u00ed firmy subvencemi tak, aby se jim v\u00fdroba tady vyplatila. Ono toti\u017e v\u00fdroba pr\u00e1v\u011b t\u011bch nejz\u00e1kladn\u011bj\u0161\u00edch l\u00e9\u010div nen\u00ed zrovna marketingov\u00fd a finan\u010dn\u00ed trh\u00e1k, co si budeme pov\u00eddat.<\/p>\n<p>\u201eNepoda\u0159ilo se n\u00e1m p\u0159esv\u011bd\u010dit Evropskou komisi, aby n\u00e1m povolila v\u011bt\u0161\u00ed dotaci pro v\u00fdrobce penicilinu. Cht\u011bl jsem, aby se vyr\u00e1b\u011bl u n\u00e1s, v\u0161echno bylo p\u0159ipraveno. Probl\u00e9m byl, \u017ee by st\u00e1tn\u00ed podpora musela b\u00fdt vy\u0161\u0161\u00ed,\u201c \u0159ekl za\u010d\u00e1tkem kv\u011btna v rozhovoru pro MF Dnes V\u00e1lek a dodal: \u201eAni blistrov\u00e1n\u00ed nen\u00ed mo\u017en\u00e9 ze stejn\u00e9ho d\u016fvodu.\u201c<\/p>\n<p>A to je p\u0159esn\u011b ten d\u016fvod, pro\u010d si nemysl\u00edm, \u017ee by to m\u011bla zaji\u0161\u0165ovat n\u011bjak\u00e1 ciz\u00ed korpor\u00e1tn\u00ed pharma firma. Takov\u00e9to l\u00e9ky by m\u011bl zkr\u00e1tka zaji\u0161\u0165ovat a vyr\u00e1b\u011bt s\u00e1m st\u00e1t. Nebo\u0165 ten by pak nemusel dr\u017eet tak jako nyn\u00ed \u0161\u00edlen\u00e9 z\u00e1soby, proto\u017ee by se klepal strachy, \u017ee si zase n\u011bjak\u00fd \u010c\u00ed\u0148an nebo Tchajwanec postav\u00ed hlavu a n\u00e1m ho nedod\u00e1, proto\u017ee t\u0159eba bude epidemie a on bude m\u00edt s\u00e1m m\u00e1lo. Existuje spousty l\u00e9k\u016f, takzvan\u00fdch generik, tedy l\u00e9\u010div, kter\u00e1 jsou po vypr\u0161en\u00ed patentov\u00e9 ochrany vyr\u00e1b\u011bna jako kopie jin\u00fdm v\u00fdrobcem, ne\u017e je dr\u017eitel p\u016fvodn\u00edho patentu, se stejn\u00fdmi \u00fa\u010dinky, ale sakra jinou cenou. Jen\u017ee my jsme si fabriky prodali, p\u0159\u00edpadn\u011b zru\u0161ili.<\/p>\n<p>Obchod s l\u00e9ky je gigantick\u00fd byznys a o pacienta tam jde mnohdy v posledn\u00ed \u0159ad\u011b. St\u00e1t by tu nebyl od toho, aby sv\u00e9 ob\u010dany odrbal, ale aby jim nab\u00eddl dostupnou kvalitn\u00ed p\u00e9\u010di. Co je na tom tak divn\u00e9ho? Pokud si se\u010dteme a podtrhneme v\u0161echny plusy a m\u00ednusy, mus\u00ed n\u00e1m jednozna\u010dn\u011b tr\u010det jedno velk\u00e9 a tlust\u00e9 PLUS. Jen\u017ee to se samoz\u0159ejm\u011b nel\u00edb\u00ed velk\u00fdm firm\u00e1m v N\u011bmecku ani nikde jinde, \u017ee by mr\u0148av\u00e9 \u010cesko mohlo b\u00fdt v n\u011b\u010dem sob\u011bsta\u010dn\u00e9. Nato\u017e ve zdravotnictv\u00ed. Pamatujete si, jak n\u00e1m N\u011bmci tenkr\u00e1t \u0161lohli ty rou\u0161ky? Tak pro\u010d bychom na n\u011b m\u011bli br\u00e1t ohled my?<\/p>\n<p>Zdrav\u00ed n\u00e1roda (na\u0161eho), by m\u011blo b\u00fdt jedn\u00edm z pil\u00ed\u0159\u016f na\u0161ich n\u00e1rodn\u00edch z\u00e1jm\u016f. A pokud si ho tedy takto definujeme, m\u011bli bychom pro jeho napln\u011bn\u00ed za\u010d\u00edt d\u011blat maximum. Nen\u00ed to najednou o dost snadn\u011bj\u0161\u00ed, kdy\u017e si \u0159ekneme, co opravdu chceme? Ale chceme to opravdu? Jsem p\u0159esv\u011bd\u010den\u00e1, \u017ee ne. To by pro to d\u011blal n\u011bkdo n\u011bco trochu v\u00edc, ne\u017e V\u00e1lek, kter\u00fd to stejn\u011b d\u011blal je\u0161t\u011b \u00fapln\u011b \u0161patn\u011b a jen proto, aby ho lidi nevynesli na sv\u00fdch, ang\u00ednou zan\u00edcen\u00fdch mandl\u00edch.<\/p>\n<p><a href=\"https:\/\/web.litterate.cz\/je-zdravi-lidi-narodni-zajem-aneb-jak-si-nesmime-vyrabet-penicilin-co-vyrabet-my-ho-nesmime-diky-eu-ani-balit\/\">Jana Markov\u00e1<\/a><\/p>\n<p><img decoding=\"async\" loading=\"lazy\" class=\"alignnone size-full wp-image-34862\" src=\"http:\/\/www.infokuryr.cz\/n\/wp-content\/uploads\/2023\/08\/jana-markova.jpg\" alt=\"\" width=\"180\" height=\"180\" srcset=\"https:\/\/www.infokuryr.cz\/n\/wp-content\/uploads\/2023\/08\/jana-markova.jpg 180w, https:\/\/www.infokuryr.cz\/n\/wp-content\/uploads\/2023\/08\/jana-markova-150x150.jpg 150w\" sizes=\"(max-width: 180px) 100vw, 180px\" \/><\/p>\n<p>&nbsp;<\/p>\n","protected":false},"excerpt":{"rendered":"<p>Pamatujete si na to, jak loni V\u00e1lek vy\u0159v\u00e1val po tom jeho l\u00e9kov\u00e9m trapasu, kdy nebylo&#8230;<\/p>\n","protected":false},"author":2,"featured_media":78918,"comment_status":"closed","ping_status":"closed","sticky":false,"template":"","format":"standard","meta":[],"categories":[6],"tags":[1020,1975,6088,1867,21],"_links":{"self":[{"href":"https:\/\/www.infokuryr.cz\/n\/wp-json\/wp\/v2\/posts\/78917"}],"collection":[{"href":"https:\/\/www.infokuryr.cz\/n\/wp-json\/wp\/v2\/posts"}],"about":[{"href":"https:\/\/www.infokuryr.cz\/n\/wp-json\/wp\/v2\/types\/post"}],"author":[{"embeddable":true,"href":"https:\/\/www.infokuryr.cz\/n\/wp-json\/wp\/v2\/users\/2"}],"replies":[{"embeddable":true,"href":"https:\/\/www.infokuryr.cz\/n\/wp-json\/wp\/v2\/comments?post=78917"}],"version-history":[{"count":0,"href":"https:\/\/www.infokuryr.cz\/n\/wp-json\/wp\/v2\/posts\/78917\/revisions"}],"wp:featuredmedia":[{"embeddable":true,"href":"https:\/\/www.infokuryr.cz\/n\/wp-json\/wp\/v2\/media\/78918"}],"wp:attachment":[{"href":"https:\/\/www.infokuryr.cz\/n\/wp-json\/wp\/v2\/media?parent=78917"}],"wp:term":[{"taxonomy":"category","embeddable":true,"href":"https:\/\/www.infokuryr.cz\/n\/wp-json\/wp\/v2\/categories?post=78917"},{"taxonomy":"post_tag","embeddable":true,"href":"https:\/\/www.infokuryr.cz\/n\/wp-json\/wp\/v2\/tags?post=78917"}],"curies":[{"name":"wp","href":"https:\/\/api.w.org\/{rel}","templated":true}]}}