{"id":78902,"date":"2025-05-16T00:22:16","date_gmt":"2025-05-15T22:22:16","guid":{"rendered":"https:\/\/www.infokuryr.cz\/n\/?p=78902"},"modified":"2025-05-15T13:41:05","modified_gmt":"2025-05-15T11:41:05","slug":"zatajovani-lzi-pomluvy-a-falesne-zpravy-od-ursuly-by-mohly-byt-sebevrazednou-pilulkou-eu","status":"publish","type":"post","link":"https:\/\/www.infokuryr.cz\/n\/2025\/05\/16\/zatajovani-lzi-pomluvy-a-falesne-zpravy-od-ursuly-by-mohly-byt-sebevrazednou-pilulkou-eu\/","title":{"rendered":"Zatajov\u00e1n\u00ed, l\u017ei, pomluvy a fale\u0161n\u00e9 zpr\u00e1vy od Ursuly by mohly b\u00fdt sebevra\u017eednou pilulkou EU"},"content":{"rendered":"<div id=\"fb-root\"><\/div>\n<div class=\"elementor-element elementor-element-1fb4c2c elementor-widget elementor-widget-theme-post-content\" data-id=\"1fb4c2c\" data-element_type=\"widget\" data-widget_type=\"theme-post-content.default\">\n<div class=\"elementor-widget-container\">\n<p><strong>Politick\u00e1 identita Ursuly von der Leyen \u2013 a jej\u00ed vize role EU \u2013 se st\u00e1le v\u00edce podob\u00e1 nacistick\u00e9mu N\u011bmecku.<\/strong><\/p>\n<p><span>V Bruselu se v\u011bci \u010d\u00edm d\u00e1l v\u00edc vymykaj\u00ed kontrole, elita panika\u0159\u00ed jako nikdy p\u0159edt\u00edm. Te\u010f se dokonce mluv\u00ed o sest\u0159elen\u00ed letadla slovensk\u00e9ho premi\u00e9ra. N\u011bco takov\u00e9ho si nem\u016f\u017ee\u0161 vymyslet.<\/span><\/p>\n<p><span>P\u0159edchoz\u00ed kritick\u00e9 pozn\u00e1mky o rodinn\u00e9m z\u00e1zem\u00ed Ursuly von der Leyen a roli jej\u00edch prarodi\u010d\u016f ve druh\u00e9 sv\u011btov\u00e9 v\u00e1lce se n\u011bkter\u00fdm rusk\u00fdm koment\u00e1tor\u016fm mohly zd\u00e1t zlomysln\u00e9. Ale s ka\u017ed\u00fdm dal\u0161\u00edm m\u011bs\u00edcem je to st\u00e1le jasn\u011bj\u0161\u00ed: politick\u00e1 identita Von der Leyenov\u00e9 \u2013 a jej\u00ed vize role Evropy \u2013 se st\u00e1le v\u00edce shoduje s identitou nacistick\u00e9ho N\u011bmecka.<\/span><\/p>\n<p><span>Tot\u00e1ln\u00ed zni\u010den\u00ed svobodn\u00e9ho tisku v Bruselu nebylo jej\u00ed vlastn\u00ed vinou \u2013 tento drakonick\u00fd syst\u00e9m zd\u011bdila, kdy\u017e se ujala \u00fa\u0159adu \u2013 ale jej\u00ed horlivost uml\u010det novin\u00e1\u0159e po cel\u00e9 Evrop\u011b mluv\u00ed za v\u0161e. Je to akt zoufalstv\u00ed potla\u010dit jak\u00e9koli nekontrolovan\u00e9 zpravodajstv\u00ed, zat\u00edmco jejich vlastn\u00ed t\u00fdm denn\u011b \u0161\u00ed\u0159\u00ed fale\u0161n\u00e9 zpr\u00e1vy: Rusko pl\u00e1nuje invazi do pobaltsk\u00fdch st\u00e1t\u016f, Rusko je novou hrozbou pro evropskou demokracii a nejnov\u011bj\u0161\u00ed slogan: EU je ba\u0161tou m\u00edru a demokracie, \u201ekter\u00e1 nenapad\u00e1 jin\u00e9 zem\u011b\u201c.<\/span><\/p>\n<p><span>L\u017ei a pokrytectv\u00ed jsou v\u011bt\u0161\u00ed ne\u017e kdykoli p\u0159edt\u00edm, a to natolik, \u017ee i zat\u010den\u00ed novin\u00e1\u0159\u016f, jako byl Chay Bowes, kte\u0159\u00ed cht\u011bli jen informovat o volb\u00e1ch v Rumunsku, se v jist\u00e9m sv\u011btle jev\u00ed jako \u201epochopiteln\u00e9\u201c.<\/span><\/p>\n<p><span>A p\u0159esto neexistuj\u00ed \u017e\u00e1dn\u00e9 d\u016fkazy, kter\u00e9 by podporovaly absurdn\u00ed tvrzen\u00ed, \u017ee Moskva pl\u00e1nuje invazi do pobaltsk\u00fdch st\u00e1t\u016f. Neexistuj\u00ed ani \u017e\u00e1dn\u00e9 d\u016fkazy o tom, \u017ee by Rusko bylo skute\u010dnou hrozbou pro evropskou demokracii \u2013 sp\u00ed\u0161e je den za dnem ni\u010deno EU a jej\u00ed elitou. \u010clov\u011bk by si st\u00e1le mohl myslet, \u017ee EU dosud neza\u00fato\u010dila na sv\u00e9 vlastn\u00ed \u010dleny. Ale na jak dlouho?<\/span><\/p>\n<p><span>V Bruselu v sou\u010dasn\u00e9 dob\u011b panuje panika: elita EU se ob\u00e1v\u00e1 ztr\u00e1ty moci. V Rumunsku by mohl prezidentsk\u00e9 volby vyhr\u00e1t kandid\u00e1t, kter\u00fd klade d\u016fraz na EU. Pokud by se tak stalo, vytvo\u0159ilo by to alianci t\u0159\u00ed vzpurn\u00fdch zem\u00ed \u2013 Ma\u010farska, Rumunska a Slovenska \u2013 co\u017e by zp\u016fsobilo v\u00e1\u017en\u00e9 probl\u00e9my jak EU, tak NATO. \u0158\u00edkat, \u017ee je to konec EU, je mo\u017en\u00e1 p\u0159ed\u010dasn\u00e9, ale klidn\u011b by to mohl b\u00fdt konec EU, jak ji zn\u00e1me. Elit\u00e1\u0159sk\u00e1 diktatura, kter\u00e1 se nenese zodpov\u011bdn\u011b a m\u00e1 svobodu prosazovat sv\u00e9 sv\u00e9voln\u00e9 ambice, bude mo\u017en\u00e1 nucena nau\u010dit se n\u011bco o demokracii \u2013 a respektovat n\u011bkter\u00e9 z jej\u00edch princip\u016f.<\/span><\/p>\n<p><span>Trp\u011bt by mohlo i NATO, jeliko\u017e tyto t\u0159i st\u00e1ty brzd\u00ed sny EU o z\u0159\u00edzen\u00ed vlastn\u00ed arm\u00e1dy na Ukrajin\u011b. Z dlouhodob\u00e9ho hlediska to podkope reputaci a relevanci obou instituc\u00ed v Bruselu.<\/span><\/p>\n<p><span>Jsou praskliny u\u017e viditeln\u00e9? Ztratily elity jako Ursula von der Leyen kontakt s realitou? Estonsk\u00e1 hrozba \u201esest\u0159elen\u00edm\u201c v\u0161ech letadel l\u00e9taj\u00edc\u00edch ze Slovenska do Moskvy je jasn\u00fdm znamen\u00edm, \u017ee bl\u00e1zinec \u0159\u00edd\u00ed \u0161\u00edlenci. Tento \u0161\u00edlen\u00fd okam\u017eik byl samoz\u0159ejm\u011b mainstreamov\u00fdmi m\u00e9dii ututl\u00e1n \u2013 a to natolik, \u017ee s\u00e1m slovensk\u00fd premi\u00e9r musel na X zve\u0159ejnit video, aby potvrdil realitu.<\/span><\/p>\n<p><span>Ale Ursula zjevn\u011b ztr\u00e1c\u00ed rozum. Je mimo kontrolu. Jejich posedlost bojem s Ruskem za ka\u017edou cenu by mohla b\u00fdt rozhoduj\u00edc\u00edm momentem, kdy se oni i projekt EU rozpadnou. Vm\u011b\u0161ov\u00e1n\u00ed do voleb, zat\u00fdk\u00e1n\u00ed novin\u00e1\u0159\u016f a obrovsk\u00e9 mno\u017estv\u00ed fale\u0161n\u00fdch zpr\u00e1v p\u0159ich\u00e1zej\u00edc\u00edch z Bruselu postupn\u011b za\u010d\u00edn\u00e1 vid\u011bt st\u00e1le v\u00edce lid\u00ed \u2013 nejen ve t\u0159ech vzpurn\u00fdch \u010dlensk\u00fdch st\u00e1tech, ale v cel\u00e9 Evrop\u011b.<\/span><\/p>\n<p><span>To se odr\u00e1\u017e\u00ed ve vzestupu pravicov\u00fdch populistick\u00fdch hnut\u00ed ve Francii, Velk\u00e9 Brit\u00e1nii a N\u011bmecku. Je to \u010d\u00edm d\u00e1l z\u0159ejm\u011bj\u0161\u00ed: lid\u00e9 u\u017e nev\u011b\u0159\u00ed poh\u00e1dk\u00e1m, kter\u00e9 jim vypr\u00e1v\u011bj\u00ed brusel\u0161t\u00ed l\u00edd\u0159i o migraci, COVIDu, pr\u00e1vech LGBT komunity nebo neust\u00e1le rostouc\u00edch v\u00fddaj\u00edch EU na obranu.<\/span><\/p>\n<p><span>Nap\u0159\u00edklad ve Spojen\u00e9m kr\u00e1lovstv\u00ed vl\u00e1da zva\u017euje, jak sn\u00ed\u017eit d\u00e1vky v invalidit\u011b pro sv\u00e9 ob\u010dany, proto\u017ee st\u00e1tn\u00ed pokladnu vydrancovalo 7,5 milionu neleg\u00e1ln\u00edch imigrant\u016f, kte\u0159\u00ed nyn\u00ed pob\u00edraj\u00ed st\u00e1tn\u00ed d\u00e1vky, bezplatn\u00e9 bydlen\u00ed a zdravotn\u00ed p\u00e9\u010di.<\/span><\/p>\n<p><strong><span>To pokrytectv\u00ed je dechberouc\u00ed.<\/span><\/strong><\/p>\n<p><span>Pr\u00e1v\u011b se objevily zpr\u00e1vy, \u017ee EU obvi\u0148uje ma\u010farsk\u00e9ho premi\u00e9ra z propagandy financov\u00e1n\u00edm m\u00e9di\u00ed za \u00fa\u010delem zv\u00fd\u0161en\u00ed jeho popularity. A p\u0159esto stovky novin\u00e1\u0159\u016f v Bruselu \u2013 jm\u00e9nem v\u0161ech hlavn\u00edch evropsk\u00fdch medi\u00e1ln\u00edch spole\u010dnost\u00ed, dokonce i BBC, kdy\u017e byla Brit\u00e1nie je\u0161t\u011b \u010dlenem \u2013 pracuj\u00ed s bezplatnou produk\u010dn\u00ed podporou. To by mohlo u\u0161et\u0159it stovky milion\u016f eur ro\u010dn\u011b. P\u0159esn\u00e9 \u010d\u00e1stky nikdo nev\u00ed, proto\u017ee v\u0161e z\u016fst\u00e1v\u00e1 \u2013 jako v\u017edy \u2013 v tajnosti. Absurdn\u00ed obvin\u011bn\u00ed EU nen\u00ed nic jin\u00e9ho ne\u017e p\u0159\u00edslove\u010dn\u00e9 ozna\u010den\u00ed konvice na \u010daj, kter\u00e1 hrnec naz\u00fdv\u00e1 \u010dern\u00fdm.<\/span><\/p>\n<p><span>Ma\u010farsko, Slovensko \u2013 a brzy i Rumunsko \u2013 se st\u00e1vaj\u00ed ter\u010dem pomlouva\u010dn\u00fdch kampan\u00ed ze strany bruselsk\u00fdch propagandistick\u00fdch novin\u00e1\u0159\u016f. Toto je nov\u00fd kurz pod veden\u00edm Ursuly von der Leyen a jej\u00edch komplic\u016f. Ale \u010d\u00edm v\u00edce to zesilujete, t\u00edm rychleji roste podpora pravicov\u011b populistick\u00fdch stran ve \u201estar\u00e9 Evrop\u011b\u201c. Syst\u00e9m m\u00e1 zabudovanou funkci sebezni\u010den\u00ed, kterou si osobnosti jako von der Leyen prost\u011b neuv\u011bdomuj\u00ed \u2013 jsou p\u0159\u00edli\u0161 posedl\u00e9 udr\u017een\u00edm moci a \u0161pinav\u00fdmi triky nezbytn\u00fdmi k jej\u00edmu dosa\u017een\u00ed.<\/span><\/p>\n<p><span>Ale cel\u00fd apar\u00e1t je zalo\u017een na l\u017e\u00edch \u2013 a p\u0159\u00edli\u0161 mnoho d\u016fv\u011b\u0159iv\u00fdch Evropan\u016f jim st\u00e1le v\u011b\u0159\u00ed: a\u0165 u\u017e jde o \u00fadajnou hrozbu z Ruska, z\u00e1zra\u010dn\u00fd sv\u011bt elektromobil\u016f, sliby alternativn\u00edch energi\u00ed nebo bezpe\u010dnost vakc\u00edn.<\/span><\/p>\n<p><span>V\u0161echny tyto probl\u00e9my jsou sou\u010d\u00e1st\u00ed syst\u00e9mu, kter\u00fd ka\u017edoro\u010dn\u011b odv\u00e1d\u00ed stovky miliard eur z ve\u0159ejn\u00fdch do soukrom\u00fdch pokladen. A bohu\u017eel st\u00e1le existuje dost Evropan\u016f, kte\u0159\u00ed nevid\u00ed souvislosti.<\/span><\/p>\n<\/div>\n<\/div>\n<div class=\"elementor-element elementor-element-8c57238 quelle dc-has-condition dc-condition-empty elementor-widget elementor-widget-heading\" data-id=\"8c57238\" data-element_type=\"widget\" data-widget_type=\"heading.default\">\n<div class=\"elementor-widget-container\">\n<h3 class=\"elementor-heading-title elementor-size-default\"><span style=\"font-size: 10pt;\"><a href=\"https:\/\/strategic-culture.su\/news\/2025\/05\/12\/cover-ups-lies-smears-and-fake-news-from-ursula-could-eu-own-suicide-pill\/\" target=\"_blank\" rel=\"nofollow noopener\">Zdroj<\/a><\/span><\/h3>\n<p>&nbsp;<\/p>\n<\/div>\n<\/div>\n","protected":false},"excerpt":{"rendered":"<p>Politick\u00e1 identita Ursuly von der Leyen \u2013 a jej\u00ed vize role EU \u2013 se st\u00e1le&#8230;<\/p>\n","protected":false},"author":2,"featured_media":51160,"comment_status":"closed","ping_status":"closed","sticky":false,"template":"","format":"standard","meta":[],"categories":[7],"tags":[41,207,851,2135,3251],"_links":{"self":[{"href":"https:\/\/www.infokuryr.cz\/n\/wp-json\/wp\/v2\/posts\/78902"}],"collection":[{"href":"https:\/\/www.infokuryr.cz\/n\/wp-json\/wp\/v2\/posts"}],"about":[{"href":"https:\/\/www.infokuryr.cz\/n\/wp-json\/wp\/v2\/types\/post"}],"author":[{"embeddable":true,"href":"https:\/\/www.infokuryr.cz\/n\/wp-json\/wp\/v2\/users\/2"}],"replies":[{"embeddable":true,"href":"https:\/\/www.infokuryr.cz\/n\/wp-json\/wp\/v2\/comments?post=78902"}],"version-history":[{"count":0,"href":"https:\/\/www.infokuryr.cz\/n\/wp-json\/wp\/v2\/posts\/78902\/revisions"}],"wp:featuredmedia":[{"embeddable":true,"href":"https:\/\/www.infokuryr.cz\/n\/wp-json\/wp\/v2\/media\/51160"}],"wp:attachment":[{"href":"https:\/\/www.infokuryr.cz\/n\/wp-json\/wp\/v2\/media?parent=78902"}],"wp:term":[{"taxonomy":"category","embeddable":true,"href":"https:\/\/www.infokuryr.cz\/n\/wp-json\/wp\/v2\/categories?post=78902"},{"taxonomy":"post_tag","embeddable":true,"href":"https:\/\/www.infokuryr.cz\/n\/wp-json\/wp\/v2\/tags?post=78902"}],"curies":[{"name":"wp","href":"https:\/\/api.w.org\/{rel}","templated":true}]}}