{"id":78888,"date":"2025-05-16T00:13:13","date_gmt":"2025-05-15T22:13:13","guid":{"rendered":"https:\/\/www.infokuryr.cz\/n\/?p=78888"},"modified":"2025-05-15T13:16:57","modified_gmt":"2025-05-15T11:16:57","slug":"digitalni-identita-versus-vule-lidu-jak-dokument-svetoveho-hospodarskeho-fora-z-roku-2022-ukazuje-globalni-plan","status":"publish","type":"post","link":"https:\/\/www.infokuryr.cz\/n\/2025\/05\/16\/digitalni-identita-versus-vule-lidu-jak-dokument-svetoveho-hospodarskeho-fora-z-roku-2022-ukazuje-globalni-plan\/","title":{"rendered":"Digit\u00e1ln\u00ed identita versus v\u016fle lidu \u2013 Jak dokument Sv\u011btov\u00e9ho hospod\u00e1\u0159sk\u00e9ho f\u00f3ra z roku 2022 ukazuje glob\u00e1ln\u00ed pl\u00e1n"},"content":{"rendered":"<div id=\"fb-root\"><\/div>\n<p>V roce 2022\u00a0<a href=\"https:\/\/www3.weforum.org\/docs\/WEF_Advancing_towards_Digital_Agency_2022.pdf\" target=\"_blank\" rel=\"noreferrer noopener\" data-type=\"link\" data-id=\"https:\/\/www3.weforum.org\/docs\/WEF_Advancing_towards_Digital_Agency_2022.pdf\">zve\u0159ejnilo<\/a>\u00a0Sv\u011btov\u00e9 ekonomick\u00e9 f\u00f3rum (WEF) pod veden\u00edm Klause Schwaba m\u00e1lo pov\u0161imnut\u00fd, ale velmi v\u00fdbu\u0161n\u00fd strategick\u00fd dokument\u00a0<strong>s n\u00e1zvem \u201ePokrok sm\u011brem k digit\u00e1ln\u00ed agentu\u0159e: S\u00edla datov\u00fdch zprost\u0159edkovatel\u016f\u201c<\/strong>\u00a0. O t\u0159i roky pozd\u011bji se to st\u00e1v\u00e1 realitou \u2013 t\u00e9m\u011b\u0159\u00a0<strong>ka\u017ed\u00e1 zem\u011b z\u00e1padn\u00edho sv\u011bta v sou\u010dasn\u00e9 dob\u011b pl\u00e1nuje nebo zav\u00e1d\u00ed syst\u00e9m digit\u00e1ln\u00ed identity<\/strong>\u00a0. Existuje jasn\u00fd vzorec:\u00a0<strong>odpor obyvatelstva je ignorov\u00e1n<\/strong>\u00a0\u2013 a to alarmuj\u00edc\u00ed rychlost\u00ed.<\/p>\n<h3 class=\"wp-block-heading\">Pl\u00e1n: Digit\u00e1ln\u00ed identita jako kontrola p\u0159\u00edstupu na cel\u00fd \u017eivot<\/h3>\n<p>Dokument WEF podrobn\u011b popisuje, jak\u00a0<strong>budou v budoucnu v\u0161echny z\u00e1kladn\u00ed oblasti \u017eivota \u0159\u00edzeny prost\u0159ednictv\u00edm digit\u00e1ln\u00edch identit<\/strong>\u00a0. P\u0159\u00edstup ke zdravotnick\u00fdm slu\u017eb\u00e1m, bankovnictv\u00ed, cestov\u00e1n\u00ed, st\u00e1tn\u00edm d\u00e1vk\u00e1m, vzd\u011bl\u00e1v\u00e1n\u00ed, soci\u00e1ln\u00edm s\u00edt\u00edm \u2013 v\u0161e bude v budoucnu mo\u017en\u00e9 pouze prost\u0159ednictv\u00edm centr\u00e1ln\u00edho digit\u00e1ln\u00edho pr\u016fkazu toto\u017enosti.<\/p>\n<p>Ofici\u00e1ln\u00edm c\u00edlem je:\u00a0<strong>v\u011bt\u0161\u00ed efektivita, bezpe\u010dnost, ochrana dat, transparentnost<\/strong>\u00a0. Ale ka\u017ed\u00fd, kdo si\u00a0<a href=\"https:\/\/www3.weforum.org\/docs\/WEF_Advancing_towards_Digital_Agency_2022.pdf\" target=\"_blank\" rel=\"noreferrer noopener\" data-type=\"link\" data-id=\"https:\/\/www3.weforum.org\/docs\/WEF_Advancing_towards_Digital_Agency_2022.pdf\">PDF<\/a>\u00a0pe\u010dliv\u011b p\u0159e\u010dte, rozpozn\u00e1 hlub\u0161\u00ed z\u00e1m\u011br:\u00a0<strong>vytvo\u0159en\u00ed glob\u00e1ln\u00ed infrastruktury pro kontrolu chov\u00e1n\u00ed prost\u0159ednictv\u00edm sb\u011bru dat a automatizovan\u00fdch rozhodnut\u00ed.<\/strong><\/p>\n<p>PDF neobsahuje konkr\u00e9tn\u00ed datum, do kter\u00e9ho by m\u011bla b\u00fdt digit\u00e1ln\u00ed identita zavedena celosv\u011btov\u011b. Zpr\u00e1va v\u0161ak slou\u017e\u00ed jako politick\u00fd a technologick\u00fd pl\u00e1n. Vyz\u00fdv\u00e1 k\u00a0<strong>rychl\u00e9mu, p\u0159eshrani\u010dn\u011b koordinovan\u00e9mu zaveden\u00ed a nal\u00e9hav\u011b \u017e\u00e1d\u00e1 vl\u00e1dy, aby \u201enyn\u00ed\u201c vytvo\u0159ily regula\u010dn\u00ed r\u00e1mce<\/strong>\u00a0. Formulace je jasn\u00e1: jde o okam\u017eitou implementaci \u2013 s dlouhodob\u00fdm glob\u00e1ln\u00edm z\u00e1vazkem.<\/p>\n<h3 class=\"wp-block-heading\">Ob\u010dan\u00e9 \u0159\u00edkaj\u00ed ne \u2013 vl\u00e1dy stejn\u011b pokra\u010duj\u00ed<\/h3>\n<p>V n\u011bkolika zem\u00edch, v\u010detn\u011b Francie, N\u011bmecka, Irska, Kanady, \u0160v\u00fdcarska a Rakouska, bylo zaveden\u00ed digit\u00e1ln\u00edch identit v pr\u016fzkumech nebo dokonce referendech\u00a0<strong>jasnou v\u011bt\u0161inou odm\u00edtnuto<\/strong>\u00a0. P\u0159esto se vytv\u00e1\u0159ej\u00ed pr\u00e1vn\u00ed z\u00e1klady, programuj\u00ed se centr\u00e1ln\u00ed platformy a spou\u0161t\u00ed se pilotn\u00ed projekty \u2013 \u010dasto za zav\u0159en\u00fdmi dve\u0159mi nebo prost\u0159ednictv\u00edm zd\u00e1nliv\u011b nesouvisej\u00edc\u00edch dopl\u0148kov\u00fdch z\u00e1kon\u016f.<\/p>\n<p><strong>Ot\u00e1zka zn\u00ed: Pro\u010d tato masivn\u00ed politick\u00e1 v\u016fle proti deklarovan\u00e9 v\u016fli lidu?<\/strong><\/p>\n<h3 class=\"wp-block-heading\">Odpov\u011b\u010f se skr\u00fdv\u00e1 v samotn\u00e9m dokumentu WEF.<\/h3>\n<p>PDF soubor z roku 2022 obsahuje pl\u00e1n:<\/p>\n<ul>\n<li><strong>Digit\u00e1ln\u00ed identifikace jako j\u00e1dro \u010dtvrt\u00e9 pr\u016fmyslov\u00e9 revoluce<\/strong><\/li>\n<li><strong>Networking s biometrick\u00fdmi \u00fadaji, online chov\u00e1n\u00ed, anamn\u00e9za<\/strong><\/li>\n<li><strong>Automatizovan\u00e9 \u00fasudky o \u201ed\u016fv\u011bryhodnosti\u201c algoritmy a zprost\u0159edkovateli dat<\/strong><\/li>\n<li><strong>Integrace do syst\u00e9m\u016f podporovan\u00fdch um\u011blou inteligenc\u00ed pro p\u016fj\u010dky, poji\u0161t\u011bn\u00ed, p\u0159\u00edstup ke vzd\u011bl\u00e1v\u00e1n\u00ed, mobilitu nebo soci\u00e1ln\u00ed slu\u017eby<\/strong><\/li>\n<li><strong>Doporu\u010den\u00ed pro rychl\u00e9, glob\u00e1ln\u011b koordinovan\u00e9 zaveden\u00ed se soukrom\u00fdmi a vl\u00e1dn\u00edmi akt\u00e9ry<\/strong><\/li>\n<\/ul>\n<p>Stru\u010dn\u011b \u0159e\u010deno:\u00a0<strong>WEF nepova\u017euje digit\u00e1ln\u00ed identifikaci za voliteln\u00fd n\u00e1stroj, ale za nezbytn\u00fd p\u0159edpoklad pro \u201enov\u00fd soci\u00e1ln\u00ed opera\u010dn\u00ed syst\u00e9m\u201c.<\/strong><\/p>\n<h3 class=\"wp-block-heading\">Co je v ohro\u017een\u00ed: Syst\u00e9m soci\u00e1ln\u00edch kredit\u016f zalo\u017een\u00fd na \u010d\u00ednsk\u00e9m modelu<\/h3>\n<p>To, co zpr\u00e1va naz\u00fdv\u00e1 \u201ealternativn\u00edm hodnocen\u00edm \u00fav\u011bruschopnosti\u201c, nen\u00ed nic jin\u00e9ho ne\u017e\u00a0<strong>glob\u00e1ln\u00ed syst\u00e9m soci\u00e1ln\u00edho kreditu<\/strong>\u00a0. Hodnot\u00ed lidi na z\u00e1klad\u011b jejich chov\u00e1n\u00ed \u2013 online i offline. V budoucnu u\u017e banka nebude moci poskytovat p\u016fj\u010dky pouze na z\u00e1klad\u011b \u00fav\u011bruschopnosti, ale sp\u00ed\u0161e na z\u00e1klad\u011b va\u0161ich politick\u00fdch n\u00e1zor\u016f, p\u0159\u00edsp\u011bvk\u016f na soci\u00e1ln\u00edch s\u00edt\u00edch nebo va\u0161ich zdravotn\u00edch \u00fadaj\u016f.<\/p>\n<p>Sv\u011btov\u00fd ekonomick\u00fd f\u00f3rum (WEF) to otev\u0159en\u011b pojmenov\u00e1v\u00e1 \u2013 a chv\u00e1l\u00ed to jako model efektivity.<\/p>\n<h3 class=\"wp-block-heading\">Pro\u010d ten tlak te\u010f?<\/h3>\n<p>Na\u010dasov\u00e1n\u00ed nen\u00ed n\u00e1hoda. V sou\u010dasn\u00e9 dob\u011b se sb\u00edhaj\u00ed t\u0159i sm\u011bry v\u00fdvoje:<\/p>\n<ol>\n<li><strong>Pandemie p\u0159ipravila infrastrukturu:<\/strong>\u00a0syst\u00e9my o\u010dkovac\u00edch certifik\u00e1t\u016f, QR k\u00f3dy, zdravotn\u00ed aplikace \u2013 ty vydl\u00e1\u017edily cestu psychologicky i technicky.<\/li>\n<li><strong>Vlna um\u011bl\u00e9 inteligence pot\u0159ebuje spolehliv\u00e9 identifika\u010dn\u00ed kotvy:<\/strong>\u00a0Pro tr\u00e9nov\u00e1n\u00ed automatizovan\u00fdch syst\u00e9m\u016f jsou pot\u0159eba standardizovan\u00e9 profily. Digit\u00e1ln\u00ed identifika\u010dn\u00ed \u010d\u00edslo m\u00e1 tuto roli plnit.<\/li>\n<li><strong>Glob\u00e1ln\u00ed ekonomick\u00e1 nestabilita vy\u017eaduje nov\u00e9 kontroln\u00ed n\u00e1stroje:<\/strong>\u00a0V dob\u011b inflace, p\u0159erozd\u011blov\u00e1n\u00ed a rostouc\u00ed nespokojenosti pot\u0159ebuj\u00ed vl\u00e1dy a korporace p\u0159esn\u011bj\u0161\u00ed formu kontroly nad chov\u00e1n\u00edm, spot\u0159ebou a komunikac\u00ed.<\/li>\n<\/ol>\n<h3 class=\"wp-block-heading\">Z\u00e1v\u011br: Digit\u00e1ln\u00ed stav nouze bude trval\u00fd \u2013 pokud to dovol\u00edme<\/h3>\n<p>Zaveden\u00ed digit\u00e1ln\u00edch identit\u00a0<strong>nen\u00ed technick\u00fdm upgradem<\/strong>\u00a0, ale\u00a0<strong>hlubokou restrukturalizac\u00ed vztahu mezi ob\u010dany a st\u00e1tem<\/strong>\u00a0. Z\u00e1klady pro tento \u00fa\u010del byly formulov\u00e1ny na Sv\u011btov\u00e9m ekonomick\u00e9m f\u00f3ru v roce 2022. Nyn\u00ed prob\u00edh\u00e1 jejich implementace \u2013 rychle, agresivn\u011b a proti v\u016fli mnoh\u00fdch.<\/p>\n<p><strong>Ka\u017ed\u00fd, kdo si tento syst\u00e9m nep\u0159eje, mus\u00ed jednat hned \u2013 ne\u017e bude p\u0159\u00edstup do spole\u010dnosti v\u00e1z\u00e1n na souhlas s digit\u00e1ln\u00ed identitou.<\/strong><\/p>\n<p><strong>Zdroje:<\/strong><\/p>\n<ul>\n<li><strong>1. Dokument WEF (PDF, 2022):<\/strong><br \/>\n\u201ePokrok sm\u011brem k digit\u00e1ln\u00ed agentu\u0159e: S\u00edla datov\u00fdch zprost\u0159edkovatel\u016f\u201c<br \/>\n<a href=\"https:\/\/www3.weforum.org\/docs\/WEF_Advancing_towards_Digital_Agency_2022.pdf\" target=\"_blank\" rel=\"noreferrer noopener\">https:\/\/www3.weforum.org\/docs\/WEF_Advancing_towards_Digital_Agency_2022.pdf<\/a><\/li>\n<li><strong>2. N\u00e1rodn\u00ed pr\u016fzkumy \/ Odm\u00edtnut\u00ed digit\u00e1ln\u00edho pr\u016fkazu toto\u017enosti (p\u0159\u00edklady):<\/strong><br \/>\n<em>N\u011bmecko<\/em>\u00a0\u2013 Pr\u016fzkum Civey o digit\u00e1ln\u00edm pr\u016fkazu toto\u017enosti (2023):<br \/>\n<a>https:\/\/civey.com\/umfragen\/mehrheit-lehnt-digitale-identitaet-ab\/<\/a>\u00a0(nen\u00ed ve\u0159ejn\u011b dostupn\u00fd, v\u00fdsledky lze citovat v m\u00e9di\u00edch)<br \/>\n<em>Rakousko<\/em>\u00a0\u2013 Odpor v\u016f\u010di digit\u00e1ln\u00edmu pr\u016fkazu toto\u017enosti Rakousko (2023):<br \/>\n<a>https:\/\/www.derstandard.de\/story\/3000000183861\/id-austria-warum-viele-nutzer-die-digitale-identitaet-nicht-wollen<\/a><br \/>\n<em>Francie<\/em>\u00a0\u2013 Kritika \u201eService de Garantie de l&#8217;Identit\u00e9 Num\u00e9rique\u201c (SGIN):<br \/>\n<a>https:\/\/www.lemonde.fr\/pixels\/article\/2022\/11\/16\/le-numerique-est-la-porte-d-entree-d-un-nouveau-pouvoir-de-surveillance_6149913_4408996.html<\/a><strong>3. Implementace digit\u00e1ln\u00edch identifika\u010dn\u00edch \u00fadaj\u016f v Evrop\u011b (Pen\u011b\u017eenka digit\u00e1ln\u00ed identity EU):<\/strong><br \/>\nEvropsk\u00e1 komise \u2013 R\u00e1mec pro digit\u00e1ln\u00ed identitu (eIDAS 2.0):<br \/>\n<a href=\"https:\/\/digital-strategy.ec.europa.eu\/en\/policies\/eudi-regulation\" target=\"_blank\" rel=\"noreferrer noopener\">https:\/\/digital-strategy.ec.europa.eu\/en\/policies\/eu-digital-identity<\/a><\/li>\n<\/ul>\n<p><img decoding=\"async\" loading=\"lazy\" class=\"alignnone size-full wp-image-71983\" src=\"http:\/\/www.infokuryr.cz\/n\/wp-content\/uploads\/2025\/02\/aaa.jpg\" alt=\"\" width=\"89\" height=\"23\" \/><\/p>\n<p>&nbsp;<\/p>\n","protected":false},"excerpt":{"rendered":"<p>V roce 2022\u00a0zve\u0159ejnilo\u00a0Sv\u011btov\u00e9 ekonomick\u00e9 f\u00f3rum (WEF) pod veden\u00edm Klause Schwaba m\u00e1lo pov\u0161imnut\u00fd, ale velmi v\u00fdbu\u0161n\u00fd&#8230;<\/p>\n","protected":false},"author":2,"featured_media":4176,"comment_status":"closed","ping_status":"closed","sticky":false,"template":"","format":"standard","meta":[],"categories":[7],"tags":[1781,2214,279,1505,613],"_links":{"self":[{"href":"https:\/\/www.infokuryr.cz\/n\/wp-json\/wp\/v2\/posts\/78888"}],"collection":[{"href":"https:\/\/www.infokuryr.cz\/n\/wp-json\/wp\/v2\/posts"}],"about":[{"href":"https:\/\/www.infokuryr.cz\/n\/wp-json\/wp\/v2\/types\/post"}],"author":[{"embeddable":true,"href":"https:\/\/www.infokuryr.cz\/n\/wp-json\/wp\/v2\/users\/2"}],"replies":[{"embeddable":true,"href":"https:\/\/www.infokuryr.cz\/n\/wp-json\/wp\/v2\/comments?post=78888"}],"version-history":[{"count":1,"href":"https:\/\/www.infokuryr.cz\/n\/wp-json\/wp\/v2\/posts\/78888\/revisions"}],"predecessor-version":[{"id":78889,"href":"https:\/\/www.infokuryr.cz\/n\/wp-json\/wp\/v2\/posts\/78888\/revisions\/78889"}],"wp:featuredmedia":[{"embeddable":true,"href":"https:\/\/www.infokuryr.cz\/n\/wp-json\/wp\/v2\/media\/4176"}],"wp:attachment":[{"href":"https:\/\/www.infokuryr.cz\/n\/wp-json\/wp\/v2\/media?parent=78888"}],"wp:term":[{"taxonomy":"category","embeddable":true,"href":"https:\/\/www.infokuryr.cz\/n\/wp-json\/wp\/v2\/categories?post=78888"},{"taxonomy":"post_tag","embeddable":true,"href":"https:\/\/www.infokuryr.cz\/n\/wp-json\/wp\/v2\/tags?post=78888"}],"curies":[{"name":"wp","href":"https:\/\/api.w.org\/{rel}","templated":true}]}}