{"id":78879,"date":"2025-05-15T06:13:24","date_gmt":"2025-05-15T04:13:24","guid":{"rendered":"https:\/\/www.infokuryr.cz\/n\/?p=78879"},"modified":"2025-05-15T06:37:32","modified_gmt":"2025-05-15T04:37:32","slug":"michael-svatos-rusky-vysmech-mirovemu-istanbulskemu-ultimatu-eu-velka-britanie-degradovana-z-velmoci","status":"publish","type":"post","link":"https:\/\/www.infokuryr.cz\/n\/2025\/05\/15\/michael-svatos-rusky-vysmech-mirovemu-istanbulskemu-ultimatu-eu-velka-britanie-degradovana-z-velmoci\/","title":{"rendered":"Michael Svato\u0161: Rusk\u00fd v\u00fdsm\u011bch \u201cm\u00edrov\u00e9mu istanbulsk\u00e9mu\u201d ultim\u00e1tu EU! Velk\u00e1 Brit\u00e1nie degradov\u00e1na z velmoci &#8230;"},"content":{"rendered":"<div id=\"fb-root\"><\/div>\n<h4>Rusk\u00fd v\u00fdsm\u011bch \u201cm\u00edrov\u00e9mu istanbulsk\u00e9mu\u201d ultim\u00e1tu EU! Velk\u00e1 Brit\u00e1nie degradov\u00e1na z velmoci na tuplovan\u00e9ho mezin\u00e1rodn\u00edho \u0161a\u0161ka! Ru\u0161t\u00ed gener\u00e1lov\u00e9 let\u00ed do Istanbulu ukrajinsk\u00fdm vysv\u011btlit, \u017ee jejich budouc\u00ed arm\u00e1da bude parti\u010dka o maxim\u00e1ln\u00edm po\u010dtu 75 tis\u00edc voj\u00e1\u010dk\u016f bez raket, dron\u016f, letadel a t\u011b\u017ek\u00fdch zbran\u00ed! Banderovci budou postaveni mimo z\u00e1kon, a Ukrajina zru\u0161\u00ed v\u0161echny \u201cprotirusk\u00e9\u201d z\u00e1kony?! Pro\u010d vlastn\u011b Ukrajinci bojovali? Aby si zbroja\u0159i EU namastili kapsy a Rusko z\u00edskalo 4 nov\u00e9 provincie! \u041c\u043e\u043b\u043e\u0434\u0446\u044b, \u0442\u043e\u0432\u0430\u0440\u0438\u0449\u0438 \u041f\u0430\u0432\u0435\u043a, \u0424\u0438\u0430\u043b\u0430 \u0438 \u0420\u0430\u043a\u0443\u0448\u0430\u043d! To se V\u00e1m povedlo!<\/h4>\n<p>P\u0159ed deseti lety 20. ledna 2015 prohl\u00e1sil sebev\u011bdom\u011b v americk\u00e9m Kongresu, po n\u00e1vratu z protirusk\u00e9ho sank\u010dn\u00edho sletu hlav zem\u00ed skupiny G-7, tehdej\u0161\u00ed prezident USA Barack Obama, \u017ee \u201c<a href=\"https:\/\/www.cnbc.com\/2015\/01\/21\/obamas-remarks-on-russias-economy-dead-right-experts.html\">rusk\u00e1 ekonomika je u\u017e v d\u016fsledku sankc\u00ed uvalen\u00fdch na ni Z\u00e1padem za okupaci Krymu, i za podporu don\u011bck\u00fdch Rebel\u016f, v trosk\u00e1ch<\/a>\u201c,\u00a0 a \u017ee \u201cRusko je u\u017e politicky izolovan\u00e9\u201d. (<a href=\"https:\/\/www.themoscowtimes.com\/2015\/01\/21\/obama-says-western-sanctions-have-left-russias-economy-in-tatters-a43069\">Isolates, with its economy in tatters<\/a>).<\/p>\n<div id=\"attachment_17887\" class=\"wp-caption aligncenter\" style=\"width: 716px;\">\n<p><img decoding=\"async\" loading=\"lazy\" class=\" wp-image-17887\" src=\"https:\/\/www.michalapetr.com\/wp-content\/uploads\/2025\/05\/18a458ea88_screenshot_6.jpg\" sizes=\"(max-width: 1150px) 100vw, 1150px\" srcset=\"https:\/\/www.michalapetr.com\/wp-content\/uploads\/2025\/05\/18a458ea88_screenshot_6.jpg 1150w, https:\/\/www.michalapetr.com\/wp-content\/uploads\/2025\/05\/18a458ea88_screenshot_6-300x199.jpg 300w, https:\/\/www.michalapetr.com\/wp-content\/uploads\/2025\/05\/18a458ea88_screenshot_6-1030x684.jpg 1030w, https:\/\/www.michalapetr.com\/wp-content\/uploads\/2025\/05\/18a458ea88_screenshot_6-768x510.jpg 768w, https:\/\/www.michalapetr.com\/wp-content\/uploads\/2025\/05\/18a458ea88_screenshot_6-705x468.jpg 705w, https:\/\/www.michalapetr.com\/wp-content\/uploads\/2025\/05\/18a458ea88_screenshot_6-450x299.jpg 450w\" alt=\"\" width=\"716\" height=\"476\" aria-describedby=\"caption-attachment-17887\" \/><\/p>\n<p id=\"caption-attachment-17887\" class=\"wp-caption-text\" style=\"text-align: justify;\">10 let po t\u00e9, co Barack Obama ozn\u00e1mil p\u0159i sv\u00e9m projevu ke Stavu Unie v Kongresu USA, \u017ee Z\u00e1pad u\u017e sankcemi \u00fapln\u011b zni\u010dil Ruskou ekonomiku, a dokonale Rusko politicky izoloval, se v Evrop\u011b v\u010dera 14. kv\u011btna 2025 ozval francouzsk\u00fd ministr zahrani\u010d\u00ed Jean-No\u00ebl Barrot, (na fotce), a asi \u017ee ne\u010detl Obam\u016fv projev z roku 2015, vyzval znovu k \u201c<em>\u00fapln\u00e9mu nav\u017edy zni\u010den\u00ed<\/em>\u201c, u\u017e podle Obamy v roce 2015 tot\u00e1ln\u011b zni\u010den\u00e9 rusk\u00e9 ekonomiky. A aby bylo srandy je\u0161t\u011b v\u00edc, v\u010dera 14. kv\u011btna 2025 Larry Fink gener\u00e1ln\u00ed \u0159editel spole\u010dnosti BlackRock z druh\u00e9 strany Atlantiku tvrd\u011b ude\u0159il na z\u00e1padn\u00ed politiky, aby u\u017e kone\u010dn\u011b za\u010dali respektovat \u201c<em>nov\u00fd sou\u010dasn\u00fd sv\u011btov\u00fd \u0159\u00e1d\u201d<\/em>\u00a0vytvo\u0159en\u00fd vzestupem Ruska, Indie, \u010c\u00edny a BRICS, \u201c<em>jinak bude m\u00edt z\u00e1padn\u00ed ekonomika velmi brzy velmi v\u00e1\u017en\u00e9 pot\u00ed\u017ee\u201d<\/em>. Zd\u00e1 se tak kone\u010dn\u011b jasn\u00e9, jak se v\u011bci doopravdy maj\u00ed, \u017ee?<\/p>\n<\/div>\n<p>Dnes v kv\u011btnu 2025\u00a0<a href=\"https:\/\/www.whitehouse.gov\/the-press-office\/2015\/01\/20\/remarks-president-state-union-address-january-20-2015\">je u\u017e tehdej\u0161\u00ed Obam\u016fv v\u011b\u0161teck\u00fd v\u00fdrok z ofici\u00e1ln\u00edch str\u00e1nek washingtonsk\u00e9 administrativy rad\u011bji vymaz\u00e1n<\/a>, snad aby si nikdo z rusk\u00fdch troll\u016f nemohl d\u011blat srandu z pov\u011bstn\u00e9 inteligence posledn\u00edch US prezident\u016f-demokrat\u016f, a do Obamova \u201c<em>izolovan\u00e9ho<\/em>\u201d Ruska v\u010dera 14. kv\u011btna p\u0159ilet\u011bl dal\u0161\u00ed z nekone\u010dn\u00e9 \u0159ady sv\u011btov\u00fdch nez\u00e1padn\u00edch st\u00e1tn\u00edk\u016f, malajsijsk\u00fd premi\u00e9r Anwar Ibrahim, a na konferenci s Putinem hrd\u011b prohl\u00e1sil, \u017ee \u201c<em>Malajsk\u00fd lid si s\u00e1m rozhodne, s k\u00fdm bude komunikovat, tak\u017ee my budeme spole\u010dn\u011b spolupracovat s Va\u0161\u00ed zem\u00ed, a to i ve form\u00e1tu BRICS, kde d\u00edky V\u00e1m, nyn\u00ed m\u00e1me status pozorovatele.\u00a0<a href=\"https:\/\/topwar.ru\/264600-malajzijskij-premer-v-kremle-narod-malajzii-sam-budet-reshat-s-kem-vzaimodejstvovat-potomu-my-budem-sotrudnichat-s-rossiej.html\">My Malajci m\u00e1me prost\u011b zvl\u00e1\u0161tn\u00ed vztah s velik\u00fdm Ruskem. A proto nepodpo\u0159\u00edme \u017e\u00e1dn\u00e9 sankce proti Rusku.<\/a><\/em>\u201c. A v\u010dera 14. kv\u011btna\u00a0<a href=\"https:\/\/en.wikipedia.org\/wiki\/Larry_Fink\">Larry Fink<\/a>\u00a0gener\u00e1ln\u00ed \u0159editel spole\u010dnosti BlackRock varoval p\u0159ed nast\u00e1vaj\u00edc\u00edmi pot\u00ed\u017eemi americk\u00e9 i evropsk\u00e9 ekonomiky, \u201c<a href=\"https:\/\/www.newsweek.com\/blackrock-ceo-trillions-idle-trade-uncertainty-2072128\"><em>proto\u017ee v d\u016fsledku obav z budoucnosti dr\u017e\u00ed investo\u0159i v Evrop\u011b na bankovn\u00edch \u00fa\u010dtech u\u017e 12 bilion\u016f EUR, a v USA 11 bilion\u016f USD, a boj\u00ed se je investovat, a nebudou je nikdy investovat d\u0159\u00edv, dokud nebude dosa\u017eeno v\u011bt\u0161\u00ed obecn\u00e9 jistoty ohledn\u011b nov\u00e9 rovnov\u00e1hy<\/em><\/a>\u201c, kterou rovnou definoval jako \u201c<a href=\"https:\/\/www.newsweek.com\/blackrock-ceo-trillions-idle-trade-uncertainty-2072128\"><em>obecn\u00fd koncensus se sou\u010dasn\u00fdm sv\u011btov\u00fdm \u0159\u00e1dem<\/em><\/a>\u201c.<\/p>\n<p>A\u010dkoli se Fink\u016fv v\u010derej\u0161\u00ed\u00a0 v\u00fdrok m\u016f\u017ee zd\u00e1t n\u011bkomu p\u0159esp\u0159\u00edli\u0161 neur\u010dit\u00fd, je v\u0161ak naopak ve sv\u00fdch po\u017eadavc\u00edch na sv\u011btov\u00e9 politiky p\u0159esn\u00fd jako \u0161v\u00fdcarsk\u00e9 hodinky \u2013 Uvalov\u00e1n\u00ed neust\u00e1l\u00fdch sankc\u00ed, celn\u00ed v\u00e1lky, i <a href=\"https:\/\/www.infokuryr.cz\/n\/2025\/05\/15\/rusky-su-35-zabranil-estoncum-v-piratskem-zajeti-tankeru-s-ruskou-posadkou\/\">nejnov\u011bj\u0161\u00ed pir\u00e1tsk\u00e9 p\u0159epady<\/a> obchodn\u00edch lod\u00ed pluj\u00edc\u00edch v mezin\u00e1rodn\u00edch vod\u00e1ch estonsk\u00fdm v\u00e1le\u010dn\u00fdm n\u00e1mo\u0159nictvem, kter\u00e9 jsou od plovouc\u00edch lod\u00ed s ruskou ropou okam\u017eit\u011b zah\u00e1n\u011bny pln\u011b vyzbrojen\u00fdmi rusk\u00fdmi st\u00edha\u010dkami SU-35, (<a href=\"https:\/\/t.me\/rybar\/70393\">video zde<\/a>), i nejnov\u011bj\u0161\u00ed v\u010derej\u0161\u00ed v\u00fdzva francouzsk\u00e9ho ministra zahrani\u010d\u00ed\u00a0<a href=\"https:\/\/en.wikipedia.org\/wiki\/Jean-No%C3%ABl_Barrot\">Jean-No\u00ebl Barrota<\/a>\u00a0k \u201c<a href=\"https:\/\/topwar.ru\/264604-ministr-inostrannyh-del-francii-prizval-polnostju-i-navsegda-razrushit-rossijskuju-jekonomiku.html\">\u00fapln\u00e9mu nav\u017edy zni\u010den\u00ed rusk\u00e9 ekonomiky<\/a>\u201c, vedou jen k prohlubuj\u00edc\u00ed se ekonomick\u00e9 krizi cel\u00e9ho Z\u00e1padu, a k jeho zaost\u00e1v\u00e1n\u00ed za \u010c\u00ednou, i za rozvojem Ruska i cel\u00e9 skupiny BRICS. Na v\u00fdb\u011br jsou tak podle Finka defacto pouze dv\u011b \u0159e\u0161en\u00ed, bu\u010f prosperita, za cenu respektov\u00e1n\u00ed nov\u00e9ho \u0159\u00e1du sv\u011bta, nebo krize a b\u00edda a v\u00e1lky, v d\u016fsledku nerespektov\u00e1n\u00ed nov\u00e9 reality sv\u011bta.<\/p>\n<p>Tzv. nov\u00ed v\u016fdci EU, britsk\u00fd premi\u00e9r Starmer, n\u011bmeck\u00fd kancl\u00e9\u0159 Merz, francouzsk\u00fd prezident Macron, a polsk\u00fd premi\u00e9r Tusk, za radostn\u00e9ho \u0161t\u011bkotu severoevropsk\u00fdch pidi-st\u00e1te\u010dk\u016f a \u010desk\u00fdch fialov\u00fdch pidi-politi\u010dk\u016f\u00a0<a href=\"https:\/\/www.politico.eu\/article\/eu-backs-17th-round-of-russia-sanctions\/\">vyhro\u017eovali cel\u00fd t\u00fdden Putinovi stra\u0161liv\u00fdm ultim\u00e1tem, pokud nevyhl\u00e1s\u00ed 30 denn\u00ed p\u0159\u00edm\u011b\u0159\u00ed, a nep\u0159ijme v Istanbulu ukrajinsk\u00e9 m\u00edrov\u00e9 podm\u00ednky, a slibovali mu v odvet\u011b dal\u0161\u00ed stra\u0161liv\u00e9 sankce<\/a>, kter\u00e9 obr\u00e1t\u00ed ruskou ekonomiku v prach, jak se u\u017e p\u0159ed deseti lety samolib\u011b vychvaloval, \u017ee za\u0159\u00eddil, Obama. Putin reagoval na v\u0159e\u0161t\u011bn\u00ed evropsk\u00fdch mopsl\u00edk\u016f bez arm\u00e1d klidn\u011b jako v\u017edy, a poslal do Istanbulu ruskou delegaci slo\u017eenou z osv\u011bd\u010den\u00fdch vyjednava\u010d\u016f, kte\u0159\u00ed u\u017e v dubnu 2022 vyjednali \u201cPrvn\u00ed kapitulaci Ukrajiny\u201d. Jej\u00ed p\u0159ijet\u00ed tenkr\u00e1t sice Lond\u00fdn, a dal\u0161\u00ed slibotechny ze zem\u00ed EU Zelensk\u00e9mu ihned vymluvili, proto\u017ee Z\u00e1pad p\u0159eci sankcemi zni\u010d\u00ed ruskou ekonomiku, a Ukrajinci po zuby vyzbrojen\u00ed dodan\u00fdmi z\u00e1padn\u00edmi zbran\u011bmi rozpr\u00e1\u0161\u00ed celou ruskou arm\u00e1du, a v\u0161ichni tak slavn\u011b zv\u00edt\u011bz\u00ed, a zbohatnou na d\u011blen\u00ed pora\u017een\u00e9ho Ruska a jeho bohatstv\u00ed. Le\u010d matematika, fyzika a dal\u0161\u00ed p\u0159\u00edrodn\u011b exaktn\u00ed z\u00e1kony \u00fa\u0159adovaly op\u011bt , tak je jim vlastn\u00ed, tedy v\u00fdlu\u010dn\u011b podle reality, a ukrajinsk\u00e1 arm\u00e1da je dnes tak\u0159ka rozpr\u00e1\u0161en\u00e1, skoro bez modern\u00edch zbran\u00ed, proto\u017ee krachuj\u00edc\u00ed Z\u00e1pad je nedok\u00e1\u017ee vyr\u00e1b\u011bt ve stejn\u00e9m po\u010dtu jako sankcemi v trosky obr\u00e1cen\u00e9 a izolovan\u00e9 Rusko, a Putin se Zelensk\u00e9mu je\u0161t\u011b ke v\u0161emu ve\u0159ejn\u011b vysm\u00edv\u00e1, \u017ee do jeho arm\u00e1dy se hl\u00e1s\u00ed 60 000 dobrovoln\u00edk\u016f m\u011bs\u00ed\u010dn\u011b, kde\u017eto Zelenskyj mus\u00ed sv\u00e9 voj\u00e1\u010dky <a href=\"https:\/\/www.infokuryr.cz\/n\/2025\/05\/14\/putin-ukrajina-chyta-muze-jako-psy-na-ulici\/\">chytat na ulic\u00edch jako toulav\u00e9 psy.<\/a><\/p>\n<p>Rusk\u00e1 delegace do Istanbulu je nav\u00edc pos\u00edlen\u00e1 o n\u011bkolik vysok\u00fdch \u0161t\u00e1bn\u00edch gener\u00e1l\u016f, a je tak jist\u00e9, \u017ee k rusk\u00fdm podm\u00ednk\u00e1m z roku 2022, p\u0159ibydou i dal\u0161\u00ed, kter\u00e9 z vojensk\u00e9ho hlediska degraduj\u00ed Ukrajinu do vojensk\u00e9 v\u00fdznamnosti sou\u010dasn\u00e9 A\u010cR, bez nov\u00fdch zbran\u00ed. (\u00dapln\u00fd, a p\u0159esn\u00fd seznam rusk\u00fdch podm\u00ednek z roku 2022,\u00a0<a href=\"https:\/\/static01.nyt.com\/newsgraphics\/documenttools\/a456d6dd8e27e830\/e279a252-full.pdf\">najdete zde<\/a>.\u00a0Je z n\u011bj t\u0159eba patrn\u00e9, \u017ee Ukrajinc\u016fm bude zak\u00e1z\u00e1no vlastnit jakoukoli zbra\u0148 s doletem vy\u0161\u0161\u00edm ne\u017e 40km. A je v n\u011bm seznam z\u00e1kon\u016f, kter\u00e9 bude muset Ukrajina do 30ti dn\u016f od podpisu zru\u0161it. Samo sebou, \u017ee \u010dlenstv\u00ed v NATO nep\u0159ipad\u00e1 v \u00favahu, a ani jeden ciz\u00ed voj\u00e1k nebude sm\u011bt nikdy pob\u00fdvat na Ukrajin\u011b, s v\u00fdjimkou neozbrojen\u00e9 humanit\u00e1rn\u00ed mise p\u0159i p\u0159\u00edpadn\u00e9 \u017eiveln\u00e9 katastrof\u011b.)<\/p>\n<p>\u0158ada proukrajinsk\u00fdch analytik\u016f,\u00a0<a href=\"https:\/\/www.kyivpost.com\/post\/52659\">t\u0159eba docent Nick Pehlman ze dvou celkem slu\u0161n\u00fdch newyorsk\u00fdch universit, sice argumentuje<\/a>, \u017ee sou\u010dasn\u00e9 rusk\u00e9 m\u00edrov\u00e9 po\u017eadavky jsou nelogick\u00e9, proto\u017ee jsou v\u011bt\u0161\u00ed, ne\u017e byly v roce 2022, a to ned\u00e1v\u00e1 smysl, proto\u017ee Ukrajina Rusy z velk\u00e9 \u010d\u00e1sti sv\u00e9ho \u00fazem\u00ed vyhnala, a m\u00e1 nyn\u00ed ve zbrani milion mu\u017e\u016f, tedy mnohem v\u00edce ne\u017e m\u011bla v dubnu 2022, kdy\u017e jej\u00ed vyjednava\u010di tyto podm\u00ednky p\u0159ijali, a dokonce se j\u00ed poda\u0159ilo vypudit rusk\u00e9 lo\u010fstvo z \u010cern\u00e9ho mo\u0159e, a rusk\u00e1 ekonomika je nyn\u00ed rozvr\u00e1cen\u00e1, a d\u00edky o\u010dek\u00e1van\u00e9mu poklesu cen ropy brzy zkolabuje.<\/p>\n<p>Argumenty profesora Pehlmana jsou v\u0161ak naprosto lich\u00e9. Gener\u00e1l Gerasimov na ja\u0159e 2022 provedl sv\u016fj pov\u011bstn\u00fd \u201cblitzkrieg\u201d na Kyjev, a na Od\u011bsu, v\u00fdlu\u010dn\u011b, aby rozvr\u00e1til a pozdr\u017eel pr\u016fb\u011bh ukrajinsk\u00e9 mobilizace, a aby tehdy mal\u00e1 rusk\u00e1 invazn\u00ed arm\u00e1da ve spolupr\u00e1ci s nevelk\u00fdmi tlupami don\u011bck\u00fdch rebel\u016f z\u00edskala \u010das obsadit Mariupol, a dal\u0161\u00ed p\u0159\u00edstavy na severn\u00edm pob\u0159e\u017e\u00ed Azovsk\u00e9ho mo\u0159e, a vytvo\u0159ila tak pozemn\u00ed most na Krym. Sekund\u00e1rn\u00edm \u00fa\u010delem \u201cblitzkriegu\u201d byla \u0161ance donutit Ukrajinu k podpisu m\u00edrov\u00fdch smluv z Istanbulu. Jakmile jarn\u00ed blitzkrieg 2022 splnil \u00fakol 1, a kapitulace podle sekund\u00e1rn\u00edho \u00fakolu 2 byla Ukrajin\u011b Lond\u00fdnem a spol. vymluvena, Gerasimov pru\u017en\u011b p\u0159e\u0161el k dal\u0161\u00ed p\u0159edem p\u0159ipraven\u00e9\u00a0 strategick\u00e9 kalkulaci.<\/p>\n<p>Jak postuloval jeden z nejlep\u0161\u00edch vojev\u016fdc\u016f sv\u011bta Mao Ce-tung \u2013\u00a0<em>Dr\u017e \u00fazem\u00ed, ztrat\u00ed\u0161 mu\u017ee a prohraje\u0161 v\u00e1lku\u00a0<\/em>\u2013 tak Gerasimov se cel\u00e9 t\u0159i roky soust\u0159edil v\u00fdhradn\u011b na masivn\u00ed huben\u00ed ukrajinsk\u00fdch voj\u00e1k\u016f, a ni\u010den\u00ed energetick\u00e9 infrastruktury Ukrajiny. V\u00fdsledkem t\u00e9to strategie nyn\u00ed je, \u017ee Kyjev u\u017e nad\u00e1le nen\u00ed schopen nahrazovat sv\u00e9 ztr\u00e1ty ani v \u017eiv\u00e9 s\u00edle, ani v protiraketov\u00e9, ani v dal\u0161\u00ed nesm\u00edrn\u011b d\u016fle\u017eit\u00e9 vojensk\u00e9 technice, a Gerasimov tak m\u016f\u017ee za\u010d\u00edt plnit druhou \u010d\u00e1st doktr\u00edny Mao Ce-tunga \u2013\u00a0<em>Dr\u017e sv\u00e9 mu\u017ee na \u017eivu i za cenu ztr\u00e1t \u00fazem\u00ed, a pak vybojuj ztracen\u00e1 \u00fazem\u00ed, a vyhraj v\u00e1lku!<\/em>\u00a0Ukrajina je te\u010f v konc\u00edch, nem\u00e1 u\u017e \u017e\u00e1dn\u00e9 dal\u0161\u00ed mu\u017ee v relevantn\u00edm po\u010dtu ochotn\u00e9 za ni nasadit sv\u00e9 \u017eivoty. Ukrajinsk\u00e1 arm\u00e1da tak nyn\u00ed za\u010dne nevyhnuteln\u011b kop\u00edrovat osud n\u011bmeck\u00e9ho Wehrmachtu od roku 1944, kdy st\u00e1le po\u010detn\u011b i v\u00fdzbroj\u00ed slab\u0161\u00ed nacistick\u00e1 arm\u00e1da vykl\u00edzela pod spojeneck\u00fdmi \u00fadery sv\u00e9 ovl\u00e1dan\u00e9 \u00fazem\u00ed st\u00e1le rychleji, a\u017e se nakonec \u00fapln\u011b rozpadla, a i drastick\u00e9 popravy dezert\u00e9r\u016f p\u0159estaly m\u00edt na jej\u00ed z\u00e1padn\u00ed front\u011b jak\u00fdkoli vliv, a na v\u00fdchodn\u00ed front\u011b dr\u017eel voj\u00e1ky v boji u\u017e jen strach z rusk\u00e9ho zajet\u00ed.<\/p>\n<p>Od N\u011bmecka \u017e\u00e1dnou relevantn\u00ed pomoc Ukrajina o\u010dek\u00e1vat nem\u016f\u017ee.\u00a0<a href=\"https:\/\/www.politico.eu\/article\/germanys-pistorius-warns-military-draft-may-return-if-troops-fall-short\/\">N\u011bmeck\u00fd ministr obrany Pistorius dokonce v\u010dera u\u017e za\u010dal N\u011bmc\u016fm vyhro\u017eovat<\/a>, \u017ee pokud se mu letos do arm\u00e1dy nep\u0159ihl\u00e1s\u00ed dostate\u010dn\u00fd po\u010det dobrovoln\u00edk\u016f, za\u010dne dobrovoln\u00edky povol\u00e1vat z moci \u00fa\u0159edn\u00ed a povinn\u011b! Obdobn\u011b na tom jsou arm\u00e1dy v\u011bt\u0161iny st\u00e1t\u016f NATO. Jakmile si potenci\u00e1ln\u00ed voj\u00e1ci NATO uv\u011bdomili, \u017ee u\u017e z\u00edtra mohou na rozkaz n\u011bjak\u00e9ho fanatika skon\u010dit v ukrajinsk\u00fdch z\u00e1kopech s rusk\u00fdm zabij\u00e1ck\u00fdm dronem na hlav\u011b, v\u011bt\u0161ina z nich okam\u017eit\u011b ztratila z\u00e1jem riskovat za tak mrzk\u00fd plat rychl\u00e9 a bolestiv\u00e9 vyklizen\u00ed\u00a0 tohoto sv\u011bta.<\/p>\n<p>A nebude l\u00edp. Jak v\u010dera defacto \u0159ekl malajsk\u00fd premi\u00e9r Anwar Ibrahim v Kremlu novin\u00e1\u0159\u016fm \u2013 B\u00fdt aspo\u0148 p\u0159idru\u017een\u00fdm \u010dlenem BRICS, je ekonomicky i politicky cool. D\u00edky Rusko! Pro\u010d to \u0159ekl,\u00a0<a href=\"https:\/\/www.project-syndicate.org\/commentary\/global-debt-at-record-highs-now-tariffs-could-spark-larger-crisis-by-indermit-gill-2025-05\">v\u00fdborn\u011b toto \u00fater\u00fd 13. kv\u011btna 2025 vysv\u011btlil<\/a>\u00a0vrchn\u00ed ekonom a seniorn\u00ed viceprezident\u00a0<a href=\"https:\/\/en.wikipedia.org\/wiki\/World_Bank_Group\">World Bank<\/a>,\u00a0S\u00f6ros\u016fv stoupenec,\u00a0<a href=\"https:\/\/en.wikipedia.org\/wiki\/Indermit_Gill\">Indermit Gill<\/a>:\u00a0Sv\u011btov\u00e1 ekonomika nyn\u00ed trp\u00ed vysok\u00fdmi \u00faroky, kter\u00e9 vze\u0161ly z pandemie COVID, v\u00e1lky na Ukrajin\u011b a Trumpov\u00fdch cel. V jejich d\u016fsledku se za 5 let zv\u00fd\u0161ila hladina zadlu\u017een\u00ed st\u00e1t\u016f o 25%. St\u00e1ty, kter\u00e9 jsou nuceny si na sv\u016fj provoz p\u016fj\u010dovat, plat\u00ed obrovsk\u00e9 sumy, proto\u017ee hodnota \u00farok\u016f z p\u016fj\u010dek dramaticky vzrostla. Podle Gilla, kter\u00fd je expert na financov\u00e1n\u00ed st\u00e1t\u016f pomoc\u00ed dluh\u016f, se v posledn\u00edch letech rychle uk\u00e1zalo, \u017ee i ekonomicky vysp\u011bl\u00e9 st\u00e1ty, kter\u00e9 maj\u00ed pod\u00edl sv\u00e9ho zadlu\u017een\u00ed vy\u0161\u0161\u00ed ne\u017e 60%, se rychle dost\u00e1vaj\u00ed do finan\u010dn\u00edch probl\u00e9m\u016f. Typicky v Evrop\u011b \u2013 It\u00e1lie, \u0158ecko, a \u0160pan\u011blsko. Pro ekonomicky m\u00e9n\u011b vysp\u011bl\u00e9 st\u00e1ty podle Gilla plat\u00ed limit zadlu\u017een\u00ed maxim\u00e1ln\u011b 40%. A pro zem\u011b mezi ob\u011bma t\u011bmito mantinely, typicky \u010cR nebo SR, plat\u00ed limit mezi t\u011bmito limity. Pro \u010cR jde o velmi varuj\u00edc\u00ed zpr\u00e1vu.<\/p>\n<p><a href=\"https:\/\/www.novinky.cz\/clanek\/ekonomika-deficit-verejnych-financi-loni-klesl-na-22-procenta-hdp-vladni-dluh-naopak-stoupl-40515637\">D\u00edky ekonomick\u00e9mu n\u00fdmandovi Fialovi a jeho vl\u00e1dn\u00edm poskok\u016fm se u\u017e st\u00e1tn\u00ed dluh \u010cR vy\u0161plhal na 43.8%, a tempem fialov\u00e9ho zadlu\u017eov\u00e1n\u00ed 1.1% ro\u010dn\u011b<\/a>\u00a0se velmi rychle dostaneme do velmi nebezpe\u010dn\u00e9 situace, proto\u017ee se na sv\u011bt, a EU zejm\u00e9na, \u0159\u00edt\u00ed sv\u011btov\u00e1 ekonomick\u00e1 krize, bude sta\u010dit mo\u017en\u00e1 jen\u00a0 jedin\u00e1 dal\u0161\u00ed potenci\u00e1ln\u00ed vl\u00e1da fialov\u00fdch \u0161arlat\u00e1n\u016f, a \u010cR se p\u0159ehoupne p\u0159es hranici dluhu 50%, kterou vrchn\u00ed expert Skupiny Sv\u011btov\u00e9 banky Indermitt Gill pova\u017euje za hrani\u010dn\u00ed pro st\u00e1ty pohybuj\u00edc\u00ed se v\u00fdkonnost\u00ed sv\u00e9 ekonomiky mezi nejlep\u0161\u00edmi a nejhor\u0161\u00edmi st\u00e1ty. EU si u\u017e nem\u016f\u017ee dovolit nad\u00e1le financovat v\u00e1lku na Ukrajin\u011b, proto\u017ee k tomu postr\u00e1d\u00e1 dostate\u010dn\u011b v\u00fdkonnou ekonomiku.\u00a0\u017de Indermitt Gill m\u00e1 ve sv\u00fdch kalkulac\u00edch pravdu, \u017ee st\u00e1t\u016fm doch\u00e1zej\u00ed pen\u00edze, kr\u00e1sn\u011b ukazuje i posledn\u00ed,\u00a0<a href=\"https:\/\/www.reuters.com\/markets\/commodities\/eu-set-impose-much-higher-tariffs-imports-ukraine-ft-reports-2025-05-14\/\">dva dny star\u00e9 rozhodnut\u00ed Bruselsk\u00e9 komise, a podle n\u011bj se na Ukrajinsk\u00e9 zbo\u017e\u00ed a potraviny dov\u00e1\u017een\u00e9 do EU maj\u00ed uvalit drastick\u00e1 cla<\/a>, tedy m\u00edsto bezceln\u00edho dovozu z Ukrajiny, kter\u00fd platil od Putinovy invaze, budou zavedena proti ukrajinsk\u00fdm dovoz\u016fm doslova Trumpova cla. Ukrajinsk\u00e1 ekonomika bude trp\u011bt, a budou j\u00ed rychle doch\u00e1zet vnit\u0159n\u00ed zdroje pro dal\u0161\u00ed pokra\u010dov\u00e1n\u00ed ve v\u00e1lce.\u00a0 Jakmile budou cla uvalena, Ukrajina p\u0159ijde o celou hodnotu vyv\u00e1\u017een\u00e9ho zbo\u017e\u00ed, proto\u017ee to u\u017e bude cenov\u011b v EU neprodejn\u00e9. Proto\u017ee p\u0159\u00edjemcem nejm\u00e9n\u011b poloviny hodnoty ze v\u0161ech vyb\u00edran\u00fdch cel je v\u00fdlu\u010dn\u011b kasa EU, je tak jasn\u00e9, \u017ee Brusel hled\u00e1 jak\u00fdkoli zp\u016fsob, jak ji naplnit, a\u010dkoli to podstatn\u011b redukuje ukrajinsk\u00e9 v\u00e1le\u010dn\u00e9 schopnosti. Ergo je tak jasn\u00e9, \u017ee st\u00e1ty koalice BRICS, a zejm\u00e9na Rusko a \u010c\u00edna, ve v\u00e1lce na Ukrajin\u011b veden\u00e9 Ruskem porazily celou z\u00e1padn\u00ed koalici stylem KO v boxu. V\u0161ichni vl\u00e1dnouc\u00ed evrop\u0161t\u00ed politici, krom Orb\u00e1na a Fica jsou tak za definitivn\u00ed \u0161a\u0161ky!<\/p>\n<p>Uff, dnes v noci jsem se nad\u0159el, m\u011bjte se kr\u00e1sn\u011b,\u00a0<a href=\"https:\/\/svobodne-radio.com\/\">a ve\u010der budu k zasti\u017een\u00ed na Svobodn\u00e9m r\u00e1diu.<\/a><\/p>\n<p><a href=\"https:\/\/www.michalapetr.com\/map-2298-rusky-vysmech-mirovemu-istanbulskemu-ultimatu-eu-velka-britanie-degradovana-z-velmoci-na-tuplovaneho-mezinarodniho-saska-rusti-generalove-leti-do-istanbulu-ukrajinskym-vysvetlit-ze-jej\/\">Michael Svato\u0161<\/a><\/p>\n<p><img decoding=\"async\" loading=\"lazy\" class=\"alignnone size-full wp-image-27204\" src=\"http:\/\/www.infokuryr.cz\/n\/wp-content\/uploads\/2023\/05\/Michael_Svatos.png\" alt=\"\" width=\"180\" height=\"180\" srcset=\"https:\/\/www.infokuryr.cz\/n\/wp-content\/uploads\/2023\/05\/Michael_Svatos.png 180w, https:\/\/www.infokuryr.cz\/n\/wp-content\/uploads\/2023\/05\/Michael_Svatos-150x150.png 150w\" sizes=\"(max-width: 180px) 100vw, 180px\" \/><\/p>\n<p>&nbsp;<\/p>\n","protected":false},"excerpt":{"rendered":"<p>Rusk\u00fd v\u00fdsm\u011bch \u201cm\u00edrov\u00e9mu istanbulsk\u00e9mu\u201d ultim\u00e1tu EU! Velk\u00e1 Brit\u00e1nie degradov\u00e1na z velmoci na tuplovan\u00e9ho mezin\u00e1rodn\u00edho \u0161a\u0161ka!&#8230;<\/p>\n","protected":false},"author":2,"featured_media":43785,"comment_status":"closed","ping_status":"closed","sticky":false,"template":"","format":"standard","meta":[],"categories":[6],"tags":[1042,535,22,26,303],"_links":{"self":[{"href":"https:\/\/www.infokuryr.cz\/n\/wp-json\/wp\/v2\/posts\/78879"}],"collection":[{"href":"https:\/\/www.infokuryr.cz\/n\/wp-json\/wp\/v2\/posts"}],"about":[{"href":"https:\/\/www.infokuryr.cz\/n\/wp-json\/wp\/v2\/types\/post"}],"author":[{"embeddable":true,"href":"https:\/\/www.infokuryr.cz\/n\/wp-json\/wp\/v2\/users\/2"}],"replies":[{"embeddable":true,"href":"https:\/\/www.infokuryr.cz\/n\/wp-json\/wp\/v2\/comments?post=78879"}],"version-history":[{"count":1,"href":"https:\/\/www.infokuryr.cz\/n\/wp-json\/wp\/v2\/posts\/78879\/revisions"}],"predecessor-version":[{"id":78883,"href":"https:\/\/www.infokuryr.cz\/n\/wp-json\/wp\/v2\/posts\/78879\/revisions\/78883"}],"wp:featuredmedia":[{"embeddable":true,"href":"https:\/\/www.infokuryr.cz\/n\/wp-json\/wp\/v2\/media\/43785"}],"wp:attachment":[{"href":"https:\/\/www.infokuryr.cz\/n\/wp-json\/wp\/v2\/media?parent=78879"}],"wp:term":[{"taxonomy":"category","embeddable":true,"href":"https:\/\/www.infokuryr.cz\/n\/wp-json\/wp\/v2\/categories?post=78879"},{"taxonomy":"post_tag","embeddable":true,"href":"https:\/\/www.infokuryr.cz\/n\/wp-json\/wp\/v2\/tags?post=78879"}],"curies":[{"name":"wp","href":"https:\/\/api.w.org\/{rel}","templated":true}]}}