{"id":78854,"date":"2025-05-15T04:25:25","date_gmt":"2025-05-15T02:25:25","guid":{"rendered":"https:\/\/www.infokuryr.cz\/n\/?p=78854"},"modified":"2025-05-15T05:30:26","modified_gmt":"2025-05-15T03:30:26","slug":"do-istanbulu-dorazi-ruska-delegace-na-nizke-urovni","status":"publish","type":"post","link":"https:\/\/www.infokuryr.cz\/n\/2025\/05\/15\/do-istanbulu-dorazi-ruska-delegace-na-nizke-urovni\/","title":{"rendered":"Do Istanbulu doraz\u00ed rusk\u00e1 delegace na n\u00edzk\u00e9 \u00farovni &#8230;"},"content":{"rendered":"<div id=\"fb-root\"><\/div>\n<h4>Do Istanbulu doraz\u00ed rusk\u00e1 delegace na n\u00edzk\u00e9 \u00farovni, kterou povede stejn\u00fd vyjednava\u010d, kter\u00fd vedl vyjedn\u00e1vac\u00ed t\u00fdm ji\u017e v roce 2022! Na stran\u011b ukrajinsk\u00e9 delegace se ale nic nem\u011bn\u00ed, do Istanbulu doraz\u00ed ukrajinsk\u00e1 delegace na nejvy\u0161\u0161\u00ed \u00farovni v \u010dele se Zelensk\u00fdm! Evropsk\u00e1 unie ji\u017e v p\u0159edstihu uvalila na Rusko 17. bal\u00edk sankc\u00ed a Ma\u010farsko i Slovensko bal\u00edk podpo\u0159ily!<\/h4>\n<p>Nakonec jsme se do\u010dkali a Kreml po v\u00edce ne\u017e 72 hodin\u00e1ch kr\u00e1tce p\u0159ed p\u016flnoc\u00ed ze st\u0159edy na \u010dtvrtek ozn\u00e1mil\u00a0<strong>[<a href=\"https:\/\/href.li\/?https:\/\/www.rt.com\/russia\/617548-kremlin-delegation-istanbul-talks\/\" target=\"_blank\" rel=\"nofollow noopener\">1<\/a>]<\/strong>\u00a0slo\u017een\u00ed sv\u00e9 delegace, kter\u00e1 se m\u00e1 ve \u010dtvrtek v Istanbulu setkat se z\u00e1stupci z Ukrajiny. Vladimir Putin do Istanbulu nedoraz\u00ed a nakonec do\u0161lo na to, o \u010dem jsem psal v \u010dl\u00e1nku v\u010dera\u00a0<strong>[<a href=\"https:\/\/aeronet.news\/zelenskemu-tece-do-bot-a-zacal-tvrdit-ze-jeho-vlastni-dekret-z-roku-2022-zakazujici-ukrajincum-jednani-s-rusy-o-miru-dokud-bude-putin-u-moci-pry-na-nej-neplati-jenom-on-pry-muze-jednat-o-miru\/\">2<\/a>].<\/strong><\/p>\n<p>Nakonec se Kreml opravdu rozhodl pro vysl\u00e1n\u00ed delegace na tzv. n\u00edzk\u00e9 \u00farovni, aby Kreml nemusel akceptovat n\u00e1tlakovou hru Kyjeva na summit na nejvy\u0161\u0161\u00ed \u00farovni. Do Kyjeva toti\u017e nep\u0159ijede ani Vladimir Putin, ani ministr zahrani\u010d\u00ed Sergej Lavrov, ani prav\u00e1 ruka rusk\u00e9ho prezidenta a poradce pro zahrani\u010dn\u00ed z\u00e1le\u017eitosti Jurij U\u0161akov.<\/p>\n<figure id=\"attachment_63574\" class=\"wp-caption aligncenter\" style=\"width: 692px;\"><a href=\"https:\/\/aeronet.news\/wp-content\/uploads\/VladimirMedinskyOffice.jpg\"><img decoding=\"async\" loading=\"lazy\" class=\"wp-image-63574 \" src=\"https:\/\/aeronet.news\/wp-content\/uploads\/VladimirMedinskyOffice-1024x682.jpg\" sizes=\"(max-width: 700px) 100vw, 700px\" srcset=\"https:\/\/aeronet.news\/wp-content\/uploads\/VladimirMedinskyOffice-1024x682.jpg 1024w, https:\/\/aeronet.news\/wp-content\/uploads\/VladimirMedinskyOffice-300x200.jpg 300w, https:\/\/aeronet.news\/wp-content\/uploads\/VladimirMedinskyOffice-768x512.jpg 768w, https:\/\/aeronet.news\/wp-content\/uploads\/VladimirMedinskyOffice-700x466.jpg 700w, https:\/\/aeronet.news\/wp-content\/uploads\/VladimirMedinskyOffice-536x357.jpg 536w, https:\/\/aeronet.news\/wp-content\/uploads\/VladimirMedinskyOffice-725x483.jpg 725w, https:\/\/aeronet.news\/wp-content\/uploads\/VladimirMedinskyOffice.jpg 1280w\" alt=\"\" width=\"692\" height=\"461\" \/><\/a><figcaption class=\"wp-caption-text\">Vladimir Medinskij, poradce prezidenta Putina<\/figcaption><\/figure>\n<p><strong>Kreml se rozhodl sn\u00ed\u017eit sch\u016fzku na tzv. n\u00edzkou \u00farove\u0148, a to s jasn\u00fdm c\u00edlem, vy\u0159adit z jedn\u00e1n\u00ed Volodymyra Zelensk\u00e9ho, kter\u00fd se logicky s rusk\u00fdmi z\u00e1stupci na n\u00edzk\u00e9 \u00farovni bavit nebude.<\/strong>\u00a0A jak u\u017e jsem psal v\u010dera, toho \u0161lo dos\u00e1hnout jen tak, \u017ee Rusko vy\u0161le do Istanbulu delegaci na n\u00edzk\u00e9 \u00farovni.<\/p>\n<p>T\u00edm bude Zelensk\u00fd vy\u0161achov\u00e1n a maxim\u00e1ln\u011b se form\u00e1ln\u011b setk\u00e1 s tureck\u00fdm prezidentem Erdoganem, ale jedn\u00e1n\u00ed obou delegac\u00ed se \u00fa\u010dastnit nebude. Ka\u017edop\u00e1dn\u011b ale te\u010f vid\u00edme otazn\u00edk nad t\u00edm, jestli operativn\u011b a narychlo Zelensk\u00fd nezm\u011bn\u00ed slo\u017een\u00ed sv\u00e9ho t\u00fdmu v noci ze st\u0159edy na \u010dtvrtek, proto\u017ee ukrajinsk\u00e1 delegace p\u0159ijede do Istanbulu na nejvy\u0161\u0161\u00ed \u00farovni. A je ot\u00e1zkou, jestli se budou cht\u00edt v\u016fbec bavit s ruskou delegac\u00ed na tak n\u00edzk\u00e9 \u00farovni.<\/p>\n<h3>Ukrajina a Rusko obnov\u00ed rozhovory p\u0159eru\u0161en\u00e9 v dubnu 2022<\/h3>\n<p>Rusk\u00fd t\u00fdm povede Vladimir Medinskij, kter\u00fd vedl rusk\u00fd t\u00fdm vyjednava\u010d\u016f u\u017e b\u011bhem jedn\u00e1n\u00ed v roce 2022. Putin zjevn\u011b chce prov\u00e9st nav\u00e1z\u00e1n\u00ed p\u0159eru\u0161en\u00fdch rozhovor\u016f v roce 2022, a proto dosadil do \u010dela stejn\u00e9ho vyjednava\u010de. Jen\u017ee tehdy v roce 2022 na ukrajinsk\u00e9 stran\u011b byli \u00fapln\u011b jin\u00ed vyjednava\u010di, rovn\u011b\u017e na n\u00edzk\u00e9 \u00farovni, kter\u00e9 vedl\u00a0David Arachamia, p\u0159edseda parlamentn\u00edho klubu Zelensk\u00e9ho strany Sluha lidu.<\/p>\n<p><strong>Arachamia v rozhovoru [<a href=\"https:\/\/aeronet.news\/vedouci-ukrajinske-delegace-z-istanbulu-a-predseda-parlamentniho-klubu-zelenskeho-strany-po-chvilce-vahani-odpalil-na-ukrajinske-televizi-pravdu-ze-valka-na-ukrajine-mohla-skoncit-v-breznu-2022\/\">3<\/a>] pro ukrajinskou televizi 1+1 (video n\u00ed\u017ee) v listopadu 2023 p\u0159iznal, \u017ee Ukrajina zavrhla n\u00e1vrh m\u00edrov\u00e9 dohody parafovan\u00fd po\u010d\u00e1tkem dubna 2022 v Istanbulu po z\u00e1sahu britsk\u00e9ho premi\u00e9ra Borise Johnsona<\/strong>, kter\u00fd p\u0159esv\u011bd\u010dil Zelensk\u00e9ho, \u017ee Ukrajina mus\u00ed rusk\u00fd n\u00e1vrh z Istanbulu zam\u00edtnout a bojovat proti Rusku.<\/p>\n<p>&nbsp;<\/p>\n<div id=\"rumble_v3vcc5m\">\n<div id=\"vid_v3vcc5m\" class=\"rumble_v3vcc5m-Rumble-cls\" tabindex=\"-1\">\n<div class=\"bigPlayUI ctp\">\n<div class=\"bigPlayUIInner ctp\"><\/div>\n<\/div>\n<div class='videoWrapper'>\r\n\t            <iframe src='https:\/\/rumble.com\/embed\/pj.v3vcc5m\/' frameborder='0' allowfullscreen><\/iframe>\r\n\t        <\/div>\n<\/div>\n<\/div>\n<p>&nbsp;<\/p>\n<p>Ukrajina t\u00edm ud\u011blala fat\u00e1ln\u00ed a katastrof\u00e1ln\u00ed chybu. Rusko tehdy nab\u00edzelo, \u017ee se st\u00e1hne ze Z\u00e1poro\u017e\u00ed a Chersonu, ale Ukrajina uzn\u00e1 DLR, LLR a Krym jako rusk\u00e1 \u00fazem\u00ed, zru\u0161\u00ed na Ukrajin\u011b \u010dinnost banderovsk\u00fdch a neonacistick\u00fdch skupin, zru\u0161\u00ed protirusk\u00e9 jazykov\u00e9, tiskov\u00e9 a rasistick\u00e9 z\u00e1kony, zmen\u0161\u00ed svoji arm\u00e1du, vyhl\u00e1s\u00ed neutralitu a Rusko nebude br\u00e1nit vstupu Ukrajiny do Evropsk\u00e9 unie.<\/p>\n<p>Ukrajina v kritick\u00e9 chv\u00edli n\u00e1vrh odm\u00edtla a potkala ji katastrofa. Ukrajina tak ztratila nav\u00edc Cherson a Z\u00e1poro\u017e\u00ed, \u00fapln\u011b ztratila p\u0159\u00edstup k Azovsk\u00e9mu mo\u0159i a pokud v\u00e1lka bude pokra\u010dovat, Rusko vezme nakonec i Nikolajevskou a Od\u011bskou oblast a od\u0159\u00edzne Ukrajinu od \u010cern\u00e9ho mo\u0159e a Ukrajina tak p\u0159ijde o p\u0159\u00edstup k mo\u0159i \u00fapln\u011b. Poj\u010fme se tedy pod\u00edvat na slo\u017een\u00ed rusk\u00e9 delegace pro Istanbul:<\/p>\n<ul>\n<li><strong>prezidentsk\u00fd poradce Vladimir Medinskij.<\/strong><\/li>\n<li><strong>n\u00e1m\u011bstek ministra zahrani\u010d\u00ed RF Mi\u0441hail Galuzin.<\/strong><\/li>\n<li><strong>n\u00e1\u010deln\u00edk Hlavn\u00ed spr\u00e1vy gener\u00e1ln\u00edho \u0161t\u00e1bu Ozbrojen\u00fdch sil RF Igor Kostjukov.<\/strong><\/li>\n<li><strong>n\u00e1m\u011bstek ministra obrany RF Alexandr Fomin.<\/strong><\/li>\n<\/ul>\n<p>Medinskij povede ruskou delegaci na jedn\u00e1n\u00edch s Ukrajinou.<\/p>\n<p>Putin tak\u00e9 schv\u00e1lil slo\u017een\u00ed expertn\u00edho t\u00fdmu pro jedn\u00e1n\u00ed s Ukrajinou v Turecku:<\/p>\n<ul>\n<li><strong>prvn\u00ed z\u00e1stupce n\u00e1\u010deln\u00edka informa\u010dn\u00ed spr\u00e1vy Gener\u00e1ln\u00edho \u0161t\u00e1bu Ozbrojen\u00fdch sil RF Alexandr Zorin.<\/strong><\/li>\n<li><strong>z\u00e1stupkyn\u011b n\u00e1\u010deln\u00edka spr\u00e1vy prezidenta RF pro st\u00e1tn\u00ed politiku v humanit\u00e1rn\u00ed sf\u00e9\u0159e Jelena Podobreevskaja.<\/strong><\/li>\n<li><strong>\u0159editel Druh\u00e9ho odd\u011blen\u00ed pro zem\u011b SNS rusk\u00e9ho ministerstva zahrani\u010d\u00ed Alexej Poli\u0161\u010duk.<\/strong><\/li>\n<li><strong>z\u00e1stupce n\u00e1\u010deln\u00edka Hlavn\u00ed spr\u00e1vy mezin\u00e1rodn\u00ed vojensk\u00e9 spolupr\u00e1ce rusk\u00e9ho ministerstva obrany Vladimir \u0160evcov.<\/strong><\/li>\n<\/ul>\n<h3>Rusk\u00e9 po\u017eadavky se s v\u00fdjimkou v\u011bt\u0161\u00edho \u00fazem\u00ed Novoruska nezm\u011bn\u00ed<\/h3>\n<p>D\u0159\u00edve b\u011bhem st\u0159edy ukrajinsk\u00e1 m\u00e9dia informovala, \u017ee se do Istanbulu chyst\u00e1 v\u016fdce Ukrajiny Volodymyr Zelensk\u00fd s delegac\u00ed na nejvy\u0161\u0161\u00ed \u00farovni, v\u010detn\u011b vedouc\u00edho jeho kancel\u00e1\u0159e Andreje Jermaka, ministra obrany Rustema Umerova a ministra zahrani\u010d\u00ed Andreje Sibigy.<\/p>\n<p>O\u010dek\u00e1v\u00e1 se v\u0161ak, \u017ee vzhledem k p\u0159ekvapiv\u00e9mu slo\u017een\u00ed rusk\u00e9 delegace na n\u00edzk\u00e9 \u00farovni nakonec p\u0159esn\u00e9 slo\u017een\u00ed ukrajinsk\u00e9ho vyjedn\u00e1vac\u00edho t\u00fdmu ur\u010d\u00ed Zelensk\u00fd a\u017e na m\u00edst\u011b v Istanbulu, anebo operativn\u011b je\u0161t\u011b v Kyjev\u011b v noci ze st\u0159edy na \u010dtvrtek.\u00a0<strong>Kreml se symbolicky pokus\u00ed nav\u00e1zat tam, kde jedn\u00e1n\u00ed v dubnu 2022 skon\u010dila, i kdy\u017e tentokr\u00e1t ji\u017e rusk\u00e1 nab\u00eddka tak \u0161t\u011bdr\u00e1 nebude<\/strong>, i kdy\u017e parametricky si m\u016f\u017eeme domyslet, \u017ee krom\u011b v\u011bt\u0161\u00edho \u00fazem\u00ed, kter\u00fd si Moskva n\u00e1rokuje, se podm\u00ednky moc nebo sp\u00ed\u0161 v\u016fbec li\u0161it nebudou.<\/p>\n<figure id=\"attachment_62929\" class=\"wp-caption aligncenter\" style=\"width: 694px;\"><a href=\"https:\/\/aeronet.news\/wp-content\/uploads\/AndriyYermakUA.jpg\"><img decoding=\"async\" loading=\"lazy\" class=\"wp-image-62929 \" src=\"https:\/\/aeronet.news\/wp-content\/uploads\/AndriyYermakUA-1024x681.jpg\" sizes=\"(max-width: 700px) 100vw, 700px\" srcset=\"https:\/\/aeronet.news\/wp-content\/uploads\/AndriyYermakUA-1024x681.jpg 1024w, https:\/\/aeronet.news\/wp-content\/uploads\/AndriyYermakUA-300x200.jpg 300w, https:\/\/aeronet.news\/wp-content\/uploads\/AndriyYermakUA-768x511.jpg 768w, https:\/\/aeronet.news\/wp-content\/uploads\/AndriyYermakUA-700x466.jpg 700w, https:\/\/aeronet.news\/wp-content\/uploads\/AndriyYermakUA-537x357.jpg 537w, https:\/\/aeronet.news\/wp-content\/uploads\/AndriyYermakUA-726x483.jpg 726w, https:\/\/aeronet.news\/wp-content\/uploads\/AndriyYermakUA.jpg 1045w\" alt=\"\" width=\"694\" height=\"462\" \/><\/a><figcaption class=\"wp-caption-text\">Andrej Jermak, vedouc\u00ed Zelensk\u00e9ho prezidentsk\u00e9 kancel\u00e1\u0159e<\/figcaption><\/figure>\n<p>Po\u017eadavkem \u010d. 1 bude \u00fastavn\u011b ukotven\u00e1 neutralita Ukrajiny. D\u00e1le uzn\u00e1n\u00ed nov\u00fdch hranic mezi Ruskem a Ukrajinou, a to podle \u00fa\u0159edn\u00edch hranic oblast\u00ed Novoruska. Dal\u0161\u00edm po\u017eadavkem bude zmen\u0161en\u00ed ukrajinsk\u00e9 arm\u00e1dy na velikost neutr\u00e1ln\u00edho vojska a s t\u00edm spojen\u00e1 demilitarizace Ukrajiny, zbour\u00e1n\u00ed nebo neutralizace \u010di civiln\u00ed transformace zbrojn\u00edch z\u00e1vod\u016f na Ukrajin\u011b.<\/p>\n<p>Dal\u0161\u00edm po\u017eadavkem bude zru\u0161en\u00ed bal\u00edku protirusk\u00fdch z\u00e1kon\u016f zakazuj\u00edc\u00edch rusk\u00fd jazyk ve \u0161kol\u00e1ch, na \u00fa\u0159adech, v obchodn\u00edm styku, v tisku a rovn\u011b\u017e z\u00e1kona na z\u00e1kaz rusk\u00e9 Pravoslavn\u00e9 c\u00edrkve na Ukrajin\u011b. Dal\u0161\u00edm po\u017eadavkem bude rozpu\u0161t\u011bn\u00ed a z\u00e1kaz neonacistick\u00fdch a banderovsk\u00fdch organizac\u00ed, obnova v\u0161ech pomn\u00edk\u016f a h\u0159bitov\u016f ob\u011bt\u00ed II. sv. v\u00e1lky a hrdin\u016f Velk\u00e9 vlasteneck\u00e9 v\u00e1lky.<\/p>\n<h3>T\u0159et\u00ed \u0161anci ji\u017e Ukrajina nedostane<\/h3>\n<p>Ukrajina za to dostane garance bezpe\u010dnosti od Ruska a z\u00e1padn\u00edch st\u00e1t\u016f, souhlas Ruska se \u010dlenstv\u00edm Ukrajiny v EU a dosud bl\u00ed\u017ee neur\u010den\u00e9 pob\u00eddky ze strany Ruska, kter\u00e9 zat\u00edm nebyly zve\u0159ejn\u011bny a odtajn\u011bny, ale v z\u00e1kulis\u00ed se hovo\u0159\u00ed o rusk\u00fdch surovinov\u00fdch dod\u00e1vk\u00e1ch Ukrajin\u011b na jej\u00ed obnovu na dobu 20 a\u017e 30 let.<\/p>\n<p>Jestli se t\u00edm mysl\u00ed dod\u00e1vky ropy, plynu, \u017eelezn\u00e9 rudy, stavebnin a dal\u0161\u00edch v\u011bc\u00ed za n\u011bjakou v\u00fdhodnou cenu, nebo dokonce zdarma, to nen\u00ed jasn\u00e9.\u00a0<strong>Ka\u017edop\u00e1dn\u011b Ukrajina bude m\u00edt podle v\u0161eho posledn\u00ed \u0161anci se zachr\u00e1nit a vyj\u00edt z konfliktu tak n\u011bjak je\u0161t\u011b ve stavu mo\u017en\u00e9ho zachov\u00e1n\u00ed Ukrajiny v lehce pozm\u011bn\u011bn\u00fdch hranic\u00edch<\/strong>, ale pokud tuto nab\u00eddku op\u011bt odm\u00edtne, pot\u0159et\u00ed ji\u017e \u0161anci nedostane a Ukrajina prost\u011b zanikne a postupn\u011b bude kolabovat.<\/p>\n<figure id=\"attachment_62707\" class=\"wp-caption aligncenter\" style=\"width: 703px;\"><a href=\"https:\/\/aeronet.news\/wp-content\/uploads\/VladimirMedinskyArachamia.jpg\"><img decoding=\"async\" loading=\"lazy\" class=\"wp-image-62707 \" src=\"https:\/\/aeronet.news\/wp-content\/uploads\/VladimirMedinskyArachamia-1024x640.jpg\" sizes=\"(max-width: 700px) 100vw, 700px\" srcset=\"https:\/\/aeronet.news\/wp-content\/uploads\/VladimirMedinskyArachamia-1024x640.jpg 1024w, https:\/\/aeronet.news\/wp-content\/uploads\/VladimirMedinskyArachamia-300x188.jpg 300w, https:\/\/aeronet.news\/wp-content\/uploads\/VladimirMedinskyArachamia-768x480.jpg 768w, https:\/\/aeronet.news\/wp-content\/uploads\/VladimirMedinskyArachamia-700x438.jpg 700w, https:\/\/aeronet.news\/wp-content\/uploads\/VladimirMedinskyArachamia-571x357.jpg 571w, https:\/\/aeronet.news\/wp-content\/uploads\/VladimirMedinskyArachamia-773x483.jpg 773w, https:\/\/aeronet.news\/wp-content\/uploads\/VladimirMedinskyArachamia.jpg 1280w\" alt=\"\" width=\"703\" height=\"439\" \/><\/a><figcaption class=\"wp-caption-text\">Vedouc\u00ed vyjedn\u00e1vac\u00edch delegac\u00ed v roce 2022: Vladimir Medinskij a David Arachamia<\/figcaption><\/figure>\n<p>Za dal\u0161\u00ed 3 roky bude Ukrajina po\u017eadovat po Rusku navr\u00e1cen\u00ed p\u0159\u00edstupu k \u010cern\u00e9mu mo\u0159i v\u00fdm\u011bnou za ochotu k zah\u00e1jen\u00ed m\u00edrov\u00fdch rozhovor\u016f. A tak po\u0159\u00e1d dokola. Tohle \u0161\u00edlenstv\u00ed vych\u00e1z\u00ed z toho, \u017ee Ukrajina nen\u00ed suver\u00e9nn\u00edm st\u00e1tem a je ovl\u00e1d\u00e1na na d\u00e1lkov\u00e9 ovl\u00e1d\u00e1n\u00ed sionisty z Lond\u00fdna. T\u011bmi sam\u00fdmi sionisty, kte\u0159\u00ed zafinancovali Napoleona, Trock\u00e9ho, Hitlera a te\u010f Zelensk\u00e9ho.<\/p>\n<p>Ten sam\u00fd proces vid\u00edte i v \u010cesku, kde poradce Fialy p\u0159ed p\u00e1r dny prohl\u00e1sil, \u017ee\u00a0<strong>\u010ceskoslovensko nebylo osvobozeno Rudou arm\u00e1dou, ale pr\u00fd obsazeno imperi\u00e1ln\u00ed mocnost\u00ed Sov\u011btsk\u00fdm svazem, kter\u00fd nebyl osvoboditelem, ale okupantem [<a href=\"https:\/\/href.li\/?https:\/\/www.echo24.cz\/a\/Hx6yG\/zpravy-domov-soveti-nas-okupovali-rusakum-jsme-do-chrtanu-vlezli-sami-rekl-kalousek\" target=\"_blank\" rel=\"nofollow noopener\">4<\/a>].<\/strong>\u00a0Plukovn\u00edk Folt\u00fdn se t\u00edm s\u00e1m a dobrovoln\u011b p\u0159idal na seznam rusk\u00e9ho vy\u0161et\u0159ovac\u00edho v\u00fdboru za \u0161\u00ed\u0159en\u00ed rusofobie.<\/p>\n<h3>Folt\u00fdn ozna\u010dil osvobozen\u00ed Rudou arm\u00e1dou za okupaci!<\/h3>\n<p>Toto jsou typick\u00e9 projevy nacifikace a fa\u0161izace v r\u00e1mci ukotvov\u00e1n\u00ed tzv. euronacismu, kter\u00fd je upev\u0148ov\u00e1n a prohlubov\u00e1n na \u0161kol\u00e1ch, v m\u00e9di\u00edch, v tisku, v politice, mezi d\u011btmi i dosp\u011bl\u00fdmi. Nacist\u00e9 p\u0159itom je\u0161t\u011b 30. dubna 1945 v Praze pl\u00e1novali, \u017ee III. \u0158\u00ed\u0161e p\u0159e\u017eije a \u0159\u00ed\u0161sk\u00e9 \u00fa\u0159ady se p\u0159esunou z Berl\u00edna do Prahy, kter\u00e9 bylo pova\u017eov\u00e1no n\u011bmeck\u00fdm m\u011bstem pro nacisty.<\/p>\n<p>Pl\u00e1n osobn\u011b navrhl ji\u017e koncem roku 1944 Heinrich Himmler jako tzv.\u00a0<em>Krisenplan<\/em>\u00a0a za t\u00edmto \u00fa\u010delem a bez dovolen\u00ed Hitlera nechal do prostoru protektor\u00e1tu postupn\u011b p\u0159esunout z N\u011bmecka cel\u00fd zbytek arm\u00e1dy St\u0159ed se skoro 1 milionem n\u011bmeck\u00fdch voj\u00e1k\u016f, kte\u0159\u00ed chyb\u011bli potom v dubnu 1945 p\u0159i obran\u011b Berl\u00edna.<\/p>\n<figure id=\"attachment_59806\" class=\"wp-caption aligncenter\" style=\"width: 705px;\"><a href=\"https:\/\/aeronet.news\/wp-content\/uploads\/PlkOtakarFoltyn.jpg\"><img decoding=\"async\" loading=\"lazy\" class=\"wp-image-59806 \" src=\"https:\/\/aeronet.news\/wp-content\/uploads\/PlkOtakarFoltyn-1024x682.jpg\" sizes=\"(max-width: 700px) 100vw, 700px\" srcset=\"https:\/\/aeronet.news\/wp-content\/uploads\/PlkOtakarFoltyn-1024x682.jpg 1024w, https:\/\/aeronet.news\/wp-content\/uploads\/PlkOtakarFoltyn-300x200.jpg 300w, https:\/\/aeronet.news\/wp-content\/uploads\/PlkOtakarFoltyn-768x512.jpg 768w, https:\/\/aeronet.news\/wp-content\/uploads\/PlkOtakarFoltyn-700x466.jpg 700w, https:\/\/aeronet.news\/wp-content\/uploads\/PlkOtakarFoltyn-536x357.jpg 536w, https:\/\/aeronet.news\/wp-content\/uploads\/PlkOtakarFoltyn-725x483.jpg 725w, https:\/\/aeronet.news\/wp-content\/uploads\/PlkOtakarFoltyn.jpg 1280w\" alt=\"\" width=\"705\" height=\"469\" \/><\/a><figcaption class=\"wp-caption-text\">Poradce Petra Fialy pro strategickou komunikaci \u2013 propagandistick\u00e9ho odboru Fialovy vl\u00e1dy<\/figcaption><\/figure>\n<p>Tomuto pl\u00e1nu na p\u0159esun s\u00eddla III. \u0158\u00ed\u0161e do Prahy zabr\u00e1nil vstup Rud\u00e9 arm\u00e1dy na \u00fazem\u00ed Protektor\u00e1tu ve sm\u011bru na Ostravu a ve druh\u00e9m sm\u011bru z Rakouska a Slovenska na Brno. Himmlerovi se nepoda\u0159ilo dohodnout separ\u00e1tn\u00ed p\u0159\u00edm\u011b\u0159\u00ed se z\u00e1padn\u00edmi spojenci, a to na z\u00e1klad\u011b jedin\u00e9 v\u011bci \u2013 po\u017eadavku Stalina, kter\u00fd po\u017eadoval plnou kapitulaci N\u011bmecka a nikoliv zachov\u00e1n\u00ed \u010d\u00e1ste\u010dn\u00e9 existence zbytku III. \u0158\u00ed\u0161e na \u00fazem\u00ed Protektor\u00e1tu a \u010d\u00e1sti Saska. D\u00edky Stalinovi zanikla III. \u0158\u00ed\u0161e jako celek a jako st\u00e1tn\u00ed subjekt. Z\u00e1padn\u00ed mocnosti na Berl\u00edn takov\u00fd po\u017eadavek p\u0159itom sami nikdy nevznesli!<\/p>\n<p>Bezpodm\u00edne\u010dnou kapitulac\u00ed N\u011bmecka po\u017eadoval po spojenc\u00edch Stalin na Jaltsk\u00e9 konferenci. Proto z\u00e1padn\u00ed mocnosti nemohly p\u0159istoupit na konci v\u00e1lky na Himmlerovu nab\u00eddku. P\u0159episov\u00e1n\u00ed d\u011bjin prost\u011b te\u010f b\u011b\u017e\u00ed na pln\u00e9 obr\u00e1tky. A ob\u011bt\u00ed nacifikace se stala nejen Ukrajina, ale i prakticky cel\u00e1 Evropsk\u00e1 unie. V Istanbulu bude podle v\u0161eho posledn\u00ed nad\u011bje na m\u00edr. Pokud tato jedn\u00e1n\u00ed sel\u017eou, euronacist\u00e9 budou slavit a chystat celou Evropu do v\u00e1lky s Ruskem.<\/p>\n<h3>Evropsk\u00e1 unie z obav, \u017ee v Istanbulu bude dojedn\u00e1n m\u00edr, narychlo p\u0159ijala 17. bal\u00edk sankc\u00ed proti Rusku, dokud to je\u0161t\u011b jde<\/h3>\n<p>P\u0159edehrou k v\u00e1lce je p\u0159ijet\u00ed 17. bal\u00edku sankc\u00ed EU proti Rusku, pro kter\u00fd ve st\u0159edu naprosto skand\u00e1ln\u011b\u00a0<strong>hlasovalo i Ma\u010farsko a Slovensko [<a href=\"https:\/\/href.li\/?https:\/\/eurozpravy.cz\/zahranicni\/eu-schvalila-17-balik-sankci-proti-rusku.1gyw59a4\" target=\"_blank\" rel=\"nofollow noopener\">5<\/a>] s debiln\u00ed v\u00fdmluvou, \u017ee pr\u00fd bal\u00edk je slab\u00fd a Rusku ne\u0161kod\u00ed.<\/strong>\u00a0P\u0159itom v bal\u00edku jsou zahrnuty sankce proti v\u00edce ne\u017e 200 lod\u00edm tzv. charterov\u00fdch lodn\u00edch dopravc\u016f, kte\u0159\u00ed voz\u00ed suroviny a zbo\u017e\u00ed z Ruska a do Ruska ob\u011bma sm\u011bry. Podle rusk\u00fdch novin\u00e1\u0159\u016f ob\u011b dv\u011b zem\u011b hlasovaly pro sank\u010dn\u00ed bal\u00edk v podstat\u011b proto, \u017ee necht\u011bj\u00ed j\u00edt do otev\u0159en\u00e9ho st\u0159etnut\u00ed s Evropskou komis\u00ed. Rusko v posledn\u00ed dob\u011b pou\u017e\u00edv\u00e1 pro v\u00fdvoz a dovoz hlavn\u011b pozemn\u00ed spojen\u00ed, ale lod\u011bmi se st\u00e1le exportuje rusk\u00fd LNG plyn a rovn\u011b\u017e rusk\u00e1 ropa.<\/p>\n<figure id=\"attachment_63545\" class=\"wp-caption aligncenter\" style=\"width: 696px;\"><a href=\"https:\/\/aeronet.news\/wp-content\/uploads\/PutinFicoKremlinMay2025_RollingEyes.jpg\"><img decoding=\"async\" loading=\"lazy\" class=\"wp-image-63545 \" src=\"https:\/\/aeronet.news\/wp-content\/uploads\/PutinFicoKremlinMay2025_RollingEyes-1024x578.jpg\" sizes=\"(max-width: 700px) 100vw, 700px\" srcset=\"https:\/\/aeronet.news\/wp-content\/uploads\/PutinFicoKremlinMay2025_RollingEyes-1024x578.jpg 1024w, https:\/\/aeronet.news\/wp-content\/uploads\/PutinFicoKremlinMay2025_RollingEyes-300x169.jpg 300w, https:\/\/aeronet.news\/wp-content\/uploads\/PutinFicoKremlinMay2025_RollingEyes-768x433.jpg 768w, https:\/\/aeronet.news\/wp-content\/uploads\/PutinFicoKremlinMay2025_RollingEyes-700x395.jpg 700w, https:\/\/aeronet.news\/wp-content\/uploads\/PutinFicoKremlinMay2025_RollingEyes-633x357.jpg 633w, https:\/\/aeronet.news\/wp-content\/uploads\/PutinFicoKremlinMay2025_RollingEyes-856x483.jpg 856w, https:\/\/aeronet.news\/wp-content\/uploads\/PutinFicoKremlinMay2025_RollingEyes.jpg 1280w\" alt=\"\" width=\"696\" height=\"393\" \/><\/a><figcaption class=\"wp-caption-text\">Vladimir Putin tu\u0161il, jak to asi dopadne s Ficov\u00fdmi \u201cparntery\u201d v EU<\/figcaption><\/figure>\n<p>Euronacist\u00e9 ani ne\u010dekali na v\u00fdsledky jedn\u00e1n\u00ed v Istanbulu a rovnou p\u0159ijali dal\u0161\u00ed bal\u00edk sankc\u00ed. Pro jistotu, kdyby ty rozhovory v Istanbulu dopadly dob\u0159e a ob\u011b strany se dohodly na p\u0159\u00edm\u011b\u0159\u00ed a na m\u00edru. To by u\u017e potom ty sankce EU tak snadno schv\u00e1lit nemohla, tak\u017ee si posp\u00ed\u0161ili, dokud to je\u0161t\u011b jde. Prost\u011b svin\u011b z Bruselu, \u0159ekli bychom. Ale \u017ee se k nim p\u0159ipojilo znovu Ma\u010farsko a Slovensko je prost\u011b chucpe! Pamatujte na Putina, jak prot\u00e1\u010del o\u010di v sloup p\u0159i \u0159e\u010dech\u00a0<strong>[<a href=\"https:\/\/aeronet.news\/robert-fico-mel-bilateralni-jednani-s-vladimirem-putinem-ktere-se-neslo-v-pratelskem-duchu-az-na-moment-kdy-vladimir-putin-protocil-oci-ke-stropu-kdyz-fico-zacal-mluvit-o-dovoleni-partneru-z-eu\/\">6<\/a>]<\/strong>\u00a0slovensk\u00e9ho premi\u00e9ra o tom, \u017ee\u2026\u00a0<em>douf\u00e1, \u017ee partne\u0159i v Bruselu snad budou m\u00edt pochopen\u00ed pro Slovensko<\/em>, \u017ee odeb\u00edr\u00e1 ruskou ropu a palivov\u00e9 ty\u010de s uranem. T\u00edm bylo \u0159e\u010deno v\u0161e.<\/p>\n<p><a href=\"https:\/\/aeronet.news\/do-istanbulu-dorazi-ruska-delegace-na-nizke-urovni-kterou-povede-stejny-vyjednavac-ktery-vedl-vyjednavaci-tym-jiz-v-roce-2022-na-strane-ukrajinske-delegace-se-ale-nic-nemeni\/\">-VK-<\/a><\/p>\n<p>&nbsp;<\/p>\n","protected":false},"excerpt":{"rendered":"<p>Do Istanbulu doraz\u00ed rusk\u00e1 delegace na n\u00edzk\u00e9 \u00farovni, kterou povede stejn\u00fd vyjednava\u010d, kter\u00fd vedl vyjedn\u00e1vac\u00ed&#8230;<\/p>\n","protected":false},"author":2,"featured_media":78855,"comment_status":"closed","ping_status":"closed","sticky":false,"template":"","format":"standard","meta":[],"categories":[6],"tags":[1042,3051,3788,22],"_links":{"self":[{"href":"https:\/\/www.infokuryr.cz\/n\/wp-json\/wp\/v2\/posts\/78854"}],"collection":[{"href":"https:\/\/www.infokuryr.cz\/n\/wp-json\/wp\/v2\/posts"}],"about":[{"href":"https:\/\/www.infokuryr.cz\/n\/wp-json\/wp\/v2\/types\/post"}],"author":[{"embeddable":true,"href":"https:\/\/www.infokuryr.cz\/n\/wp-json\/wp\/v2\/users\/2"}],"replies":[{"embeddable":true,"href":"https:\/\/www.infokuryr.cz\/n\/wp-json\/wp\/v2\/comments?post=78854"}],"version-history":[{"count":0,"href":"https:\/\/www.infokuryr.cz\/n\/wp-json\/wp\/v2\/posts\/78854\/revisions"}],"wp:featuredmedia":[{"embeddable":true,"href":"https:\/\/www.infokuryr.cz\/n\/wp-json\/wp\/v2\/media\/78855"}],"wp:attachment":[{"href":"https:\/\/www.infokuryr.cz\/n\/wp-json\/wp\/v2\/media?parent=78854"}],"wp:term":[{"taxonomy":"category","embeddable":true,"href":"https:\/\/www.infokuryr.cz\/n\/wp-json\/wp\/v2\/categories?post=78854"},{"taxonomy":"post_tag","embeddable":true,"href":"https:\/\/www.infokuryr.cz\/n\/wp-json\/wp\/v2\/tags?post=78854"}],"curies":[{"name":"wp","href":"https:\/\/api.w.org\/{rel}","templated":true}]}}