{"id":78844,"date":"2025-05-15T00:34:09","date_gmt":"2025-05-14T22:34:09","guid":{"rendered":"https:\/\/www.infokuryr.cz\/n\/?p=78844"},"modified":"2025-05-14T18:09:19","modified_gmt":"2025-05-14T16:09:19","slug":"fiala-je-vrah-fiala-do-haagu-genocida-spolu-hanba-fialovi-cernochova-do-haagu","status":"publish","type":"post","link":"https:\/\/www.infokuryr.cz\/n\/2025\/05\/15\/fiala-je-vrah-fiala-do-haagu-genocida-spolu-hanba-fialovi-cernochova-do-haagu\/","title":{"rendered":"Fiala je vrah, Fiala do Haagu, Genocida Spolu, hanba Fialovi, \u010cernochov\u00e1 do Haagu &#8230;"},"content":{"rendered":"<div id=\"fb-root\"><\/div>\n<h2 class=\"contentheading\">&#8230; aneb Za\u010dala kampa\u0148 fialov\u00fdch h\u0148up\u016f jakou \u010cesko je\u0161t\u011b nevid\u011blo<\/h2>\n<p>Fiala je vrah, Fiala do Haagu, Genocida Spolu&#8230;<\/p>\n<p>Zazn\u00edvala ostr\u00e1 hesla jako \u201egenocida\u201c nebo \u201eFiala do Haagu\u201c. N\u011bkte\u0159\u00ed demonstranti p\u00edskali na p\u00ed\u0161\u0165alky, jin\u00ed vyk\u0159ikovali slogany, kter\u00e9 p\u0159ek\u0159ikovaly projevy z p\u00f3dia. Do\u0161lo i na fyzick\u00e9 strkanice mezi zast\u00e1nci vl\u00e1dy a demonstranty. Na m\u00edst\u011b musela zasahovat policie, kter\u00e1 se sna\u017eila naru\u0161itele vytla\u010dit z prostoru akce. Bezpe\u010dnost l\u00eddr\u016f koalice zaji\u0161\u0165ovala ochranka&#8230;<\/p>\n<p>Napjatou situaci poc\u00edtila i p\u0159edsedkyn\u011b TOP 09 Mark\u00e9ta Pekarov\u00e1 Adamov\u00e1. P\u0159i odchodu z akce ji doprov\u00e1zela skupina propalestinsk\u00fdch aktivist\u016f a Mlad\u00fdch soci\u00e1ln\u00edch demokrat\u016f, kte\u0159\u00ed ji prov\u00e1zeli odsuzuj\u00edc\u00edmi hesly a ot\u00e1zkami. S sebou p\u0159inesli i plastov\u00e9 fialov\u00e9 kr\u00e1vy s n\u00e1pisem \u201eNev\u011b\u0159te fialov\u00fdm kravin\u00e1m\u201c, \u010d\u00edm\u017e odkazovali na barvu koalice i premi\u00e9ra Fialu.<\/p>\n<div class='videoWrapper'>\r\n\t            <iframe src='https:\/\/rumble.com\/embed\/pj.v6r6abf\/' frameborder='0' allowfullscreen><\/iframe>\r\n\t        <\/div>\n<p>&nbsp;<\/p>\n<p><img decoding=\"async\" class=\"aligncenter\" src=\"https:\/\/www.czechfreepress.cz\/images\/stories\/com_form2content\/p2\/f27881\/53.jpg\" alt=\"fiala-je-vrah-fiala-do-haagu-genocida-spolu-aneb-zacala-kampan-fialovych-hnupu\" \/><\/p>\n<p>&nbsp;<\/p>\n<p><img decoding=\"async\" loading=\"lazy\" class=\"aligncenter\" src=\"https:\/\/www.czechfreepress.cz\/images\/stories\/com_form2content\/p2\/f27881\/54.jpg\" alt=\"fiala-je-vrah-fiala-do-haagu-genocida-spolu-aneb-zacala-kampan-fialovych-hnupu\" width=\"608\" height=\"482\" \/><\/p>\n<p><img decoding=\"async\" loading=\"lazy\" class=\"aligncenter\" src=\"https:\/\/www.czechfreepress.cz\/images\/stories\/com_form2content\/p2\/f27881\/55.jpg\" alt=\"fiala-je-vrah-fiala-do-haagu-genocida-spolu-aneb-zacala-kampan-fialovych-hnupu\" width=\"615\" height=\"490\" \/><\/p>\n<p><span style=\"font-size: 10pt;\"><em><a href=\"https:\/\/www.czechfreepress.cz\/uvadime-videa\/fiala-je-vrah-fiala-do-haagu-genocida-spolu--aneb-zacala-kampan-fialovych-hnupu.html\">CFP<\/a><\/em><\/span><\/p>\n","protected":false},"excerpt":{"rendered":"<p>&#8230; aneb Za\u010dala kampa\u0148 fialov\u00fdch h\u0148up\u016f jakou \u010cesko je\u0161t\u011b nevid\u011blo Fiala je vrah, Fiala do&#8230;<\/p>\n","protected":false},"author":2,"featured_media":78845,"comment_status":"closed","ping_status":"closed","sticky":false,"template":"","format":"standard","meta":[],"categories":[6],"tags":[1497,889,99,4226],"_links":{"self":[{"href":"https:\/\/www.infokuryr.cz\/n\/wp-json\/wp\/v2\/posts\/78844"}],"collection":[{"href":"https:\/\/www.infokuryr.cz\/n\/wp-json\/wp\/v2\/posts"}],"about":[{"href":"https:\/\/www.infokuryr.cz\/n\/wp-json\/wp\/v2\/types\/post"}],"author":[{"embeddable":true,"href":"https:\/\/www.infokuryr.cz\/n\/wp-json\/wp\/v2\/users\/2"}],"replies":[{"embeddable":true,"href":"https:\/\/www.infokuryr.cz\/n\/wp-json\/wp\/v2\/comments?post=78844"}],"version-history":[{"count":1,"href":"https:\/\/www.infokuryr.cz\/n\/wp-json\/wp\/v2\/posts\/78844\/revisions"}],"predecessor-version":[{"id":78846,"href":"https:\/\/www.infokuryr.cz\/n\/wp-json\/wp\/v2\/posts\/78844\/revisions\/78846"}],"wp:featuredmedia":[{"embeddable":true,"href":"https:\/\/www.infokuryr.cz\/n\/wp-json\/wp\/v2\/media\/78845"}],"wp:attachment":[{"href":"https:\/\/www.infokuryr.cz\/n\/wp-json\/wp\/v2\/media?parent=78844"}],"wp:term":[{"taxonomy":"category","embeddable":true,"href":"https:\/\/www.infokuryr.cz\/n\/wp-json\/wp\/v2\/categories?post=78844"},{"taxonomy":"post_tag","embeddable":true,"href":"https:\/\/www.infokuryr.cz\/n\/wp-json\/wp\/v2\/tags?post=78844"}],"curies":[{"name":"wp","href":"https:\/\/api.w.org\/{rel}","templated":true}]}}