{"id":78820,"date":"2025-05-15T00:19:22","date_gmt":"2025-05-14T22:19:22","guid":{"rendered":"https:\/\/www.infokuryr.cz\/n\/?p=78820"},"modified":"2025-05-14T17:15:57","modified_gmt":"2025-05-14T15:15:57","slug":"hradec-kralove-je-celorepublikovym-vitezem-vyzkumu-mesto-pro-byznys","status":"publish","type":"post","link":"https:\/\/www.infokuryr.cz\/n\/2025\/05\/15\/hradec-kralove-je-celorepublikovym-vitezem-vyzkumu-mesto-pro-byznys\/","title":{"rendered":"Hradec Kr\u00e1lov\u00e9 je celorepublikov\u00fdm v\u00edt\u011bzem v\u00fdzkumu M\u011bsto pro byznys"},"content":{"rendered":"<div id=\"fb-root\"><\/div>\n<p><strong>Fin\u00e1lov\u00e9 v\u00fdsledky srovn\u00e1vac\u00edho v\u00fdzkumu M\u011bsto pro byznys uk\u00e1zaly, \u017ee Hradec Kr\u00e1lov\u00e9 m\u00e1 nejlep\u0161\u00ed podm\u00ednky pro podnik\u00e1n\u00ed v\u00a0r\u00e1mci cel\u00e9 \u010cesk\u00e9 republiky. St\u0159\u00edbro berou Pardubice, t\u0159et\u00ed p\u0159\u00ed\u010dku obsadilo Brno. Srovn\u00e1vac\u00ed v\u00fdzkum M\u011bsto pro byznys hodnot\u00ed ji\u017e 18. rokem v\u0161ech 205 m\u011bst a obc\u00ed s\u00a0roz\u0161\u00ed\u0159enou p\u016fsobnost\u00ed. <\/strong><\/p>\n<p><span style=\"font-size: 14pt;\"><strong>Hradec Kr\u00e1lov\u00e9 je p\u0159\u00edkladem v\u00a0p\u0159\u00edstupu ve\u0159ejn\u00e9 spr\u00e1vy<\/strong><\/span><\/p>\n<p>V\u00edt\u011bzn\u00e9 m\u011bsto se m\u016f\u017ee pochlubit celorepublikov\u011b nadpr\u016fm\u011brnou meziro\u010dn\u00ed zm\u011bnou po\u010dtu firem. Velmi vysok\u00fd je tu pod\u00edl firem s\u00a0v\u00edce ne\u017e 250 zam\u011bstnanci na celkov\u00e9m po\u010dtu ekonomick\u00fdch subjekt\u016f. M\u011bsto a podnikatel\u00e9 v\u00a0n\u011bm mohou t\u011b\u017eit z\u00a0v\u00fdborn\u00e9 dopravn\u00ed dostupnosti. Pokud jde o p\u0159\u00edstup ve\u0159ejn\u00e9 spr\u00e1vy, je na prvn\u00edm m\u00edst\u011b t\u0159eba zm\u00ednit skv\u011bl\u00fd v\u00fdsledek, kter\u00e9ho dos\u00e1hl Hradec Kr\u00e1lov\u00e9 v\u00a0hodnocen\u00ed webov\u00fdch str\u00e1nek z\u00a0pohledu podnikatel\u016f. Ti na nich naleznou v p\u0159ehledn\u00e9 podob\u011b informace pro komunikaci s\u00a0ve\u0159ejnou spr\u00e1vou a mnoh\u00e9 dal\u0161\u00ed odkazy, kter\u00e9 jim mohou pomoci nap\u0159\u00edklad p\u0159i zakl\u00e1d\u00e1n\u00ed podnik\u00e1n\u00ed. Po\u010det \u00fa\u0159edn\u00edch hodin, b\u011bhem nich\u017e si mohou podnikatel\u00e9, ale nejen oni, vy\u0159\u00eddit v\u0161e pot\u0159ebn\u00e9, je rovn\u011b\u017e vysoce nadpr\u016fm\u011brn\u00fd. M\u00edstn\u00ed podnikatele jist\u011b pot\u011b\u0161\u00ed n\u00edzk\u00e1 da\u0148 z\u00a0nemovitosti. Radnice vynakl\u00e1d\u00e1 nadpr\u016fm\u011brn\u00e9 finan\u010dn\u00ed prost\u0159edky zejm\u00e9na do oblasti ve\u0159ejn\u00e9 dopravy a tak\u00e9 do oblasti sportu.<\/p>\n<p><em>\u201eJsem velmi py\u0161n\u00e1 na to, co se poda\u0159ilo. Beru to jako ocen\u011bn\u00ed dlouhodob\u00e9 pr\u00e1ce na\u0161eho m\u011bsta, jednak politick\u00e9ho, tak i \u00fa\u0159ednick\u00e9ho apar\u00e1tu, proto\u017ee je to pr\u00e1ce v\u0161ech. Je jasn\u00e9, \u017ee v\u00a0Hradci Kr\u00e1lov\u00e9 se dob\u0159e \u017eije. Pro dal\u0161\u00ed rozvoj Hradce Kr\u00e1lov\u00e9 je velmi d\u016fle\u017eit\u00e9, aby se v\u00a0\u0159\u00e1du nejbli\u017e\u0161\u00edch m\u011bs\u00edc\u016f poda\u0159ilo p\u0159ijmout nov\u00fd \u00fazemn\u00ed pl\u00e1n, kter\u00fd bude p\u0159edstavovat nov\u00e9 kontury rozvoje Hradce Kr\u00e1lov\u00e9. A proto\u017ee ka\u017ed\u00e9 siln\u00e9 podnikatelsk\u00e9 prost\u0159ed\u00ed pot\u0159ebuje dostatek obyvatel, tak v\u011b\u0159\u00edm, \u017ee i nov\u00fd \u00fazemn\u00ed pl\u00e1n otev\u0159e cestu k\u00a0tomu, aby tu bylo nejen v\u00edce obyvatel, ale i slu\u017eeb a v\u00edce men\u0161\u00edch a st\u0159edn\u00edch podnik\u016f,\u201c <\/em>\u0159\u00edk\u00e1 prim\u00e1torka Hradce Kr\u00e1lov\u00e9 Pavl\u00edna Springerov\u00e1.<\/p>\n<p><span style=\"font-size: 14pt;\"><strong>Pardubice usp\u011bly v\u00a0testu elektronick\u00e9 komunikace, Brno m\u00e1 hodn\u011b podnikatel\u016f v\u00a0p\u0159epo\u010dtu na obyvatele<\/strong><\/span><\/p>\n<p>St\u0159\u00edbrn\u00e9 Pardubice se podnikatelsky rozv\u00edjej\u00ed. N\u00edzk\u00fd index st\u00e1\u0159\u00ed je p\u0159\u00edslibem pro rozvoj podnik\u00e1n\u00ed i do budouc\u00edch let. V\u00a0Pardubic\u00edch se dostate\u010dn\u011b stav\u00ed, alespo\u0148 o tom sv\u011bd\u010d\u00ed vysoce nadpr\u016fm\u011brn\u00fd po\u010det dokon\u010den\u00fdch byt\u016f v\u00a0p\u0159epo\u010dtu na 1000 obyvatel. Finan\u010dn\u00ed prost\u0159edky m\u011bsta sm\u011b\u0159uj\u00ed nadpr\u016fm\u011brn\u011b zejm\u00e9na do oblasti ve\u0159ejn\u00e9 dopravy. Skv\u011bl\u00e9ho v\u00fdsledku dos\u00e1hly Pardubice v\u00a0mystery testov\u00e1n\u00ed, kter\u00e9 prost\u0159ednictv\u00edm fiktivn\u00edch podnikatelsk\u00fdch dotaz\u016f ov\u011b\u0159uje, jak rychle a jak kvalitn\u011b na n\u011b odpov\u00eddaj\u00ed \u017eivnostensk\u00e9 \u00fa\u0159ady. T\u0159et\u00ed Brno zaznamen\u00e1v\u00e1 velmi vysok\u00fd po\u010det ekonomick\u00fdch subjekt\u016f v\u00a0p\u0159epo\u010dtu na 1000 obyvatel, jejich meziro\u010dn\u00ed n\u00e1r\u016fst je nav\u00edc vysoce nadpr\u016fm\u011brn\u00fd. Podnikatele jist\u011b pot\u011b\u0161\u00ed relativn\u00ed dostatek voln\u00fdch pracovn\u00edch sil. M\u011bsto se m\u016f\u017ee pochlubit vysoce nadpr\u016fm\u011brn\u00fdm po\u010dtem dob\u00edjec\u00edch stanic pro elektromobily. Radnice dob\u0159e hospoda\u0159\u00ed, alespo\u0148 to dokl\u00e1daj\u00ed n\u00edzk\u00e9 n\u00e1klady na dluhovou slu\u017ebu.<\/p>\n<p><em>***<\/em><\/p>\n<p><em>Srovn\u00e1vac\u00ed v\u00fdzkum M\u011bsto pro byznys ji\u017e osmn\u00e1ct\u00fdm rokem hodnot\u00ed podnikatelsk\u00fd potenci\u00e1l m\u011bst a\u00a0obc\u00ed v\u00a0\u010cesk\u00e9 republice. Detailn\u00edmu zkoum\u00e1n\u00ed jsou podrobena v\u0161echna m\u011bsta a obce s\u00a0roz\u0161\u00ed\u0159enou p\u016fsobnost\u00ed. Analytici agentury Datank, kter\u00e1 za\u00a0v\u00fdzkumem stoj\u00ed po datov\u00e9 str\u00e1nce, d\u011bl\u00ed sv\u00e9 hodnocen\u00ed do dvou hlavn\u00edch kategori\u00ed, podnikatelsk\u00e9 prost\u0159ed\u00ed a p\u0159\u00edstup ve\u0159ejn\u00e9 spr\u00e1vy. V r\u00e1mci v\u00fdzkumu jsou shrnuty v\u0161echny d\u016fle\u017eit\u00e9 informace a\u00a0statistick\u00e1 data, kter\u00e1 d\u00e1le rozv\u00edjej\u00ed diskuzi o v\u00fdvoji podnikatelsk\u00e9ho prost\u0159ed\u00ed v \u010cR. Po\u0159ad\u00ed se vyhodnocuje za jednotliv\u00e9 kraje a tak\u00e9 za celou republiku. Vyhla\u0161ovatelem v\u00fdzkumu je t\u00fdden\u00edk Ekonom. Odborn\u00fdm garantem je CRIF.<\/em><\/p>\n<h3>Podrobn\u011b v tiskov\u00e9 zpr\u00e1v\u011b:<\/h3>\n<a href=\"https:\/\/www.infokuryr.cz\/n\/wp-content\/uploads\/2025\/05\/TZ_Hradec-Kralove-je-celorepublikovym-vitezem-vyzkumu-Mesto-pro-byznys.pdf\" class=\"pdfemb-viewer\" style=\"\" data-width=\"max\" data-height=\"max\" data-toolbar=\"top\" data-toolbar-fixed=\"on\">TZ_Hradec Kr\u00e1lov\u00e9 je celorepublikov\u00fdm v\u00edt\u011bzem v\u00fdzkumu M\u011bsto pro byznys<\/a>\n<p>&nbsp;<\/p>\n<p><img decoding=\"async\" loading=\"lazy\" class=\"alignnone size-full wp-image-71983\" src=\"http:\/\/www.infokuryr.cz\/n\/wp-content\/uploads\/2025\/02\/aaa.jpg\" alt=\"\" width=\"89\" height=\"23\" \/><\/p>\n<p>&nbsp;<\/p>\n<p>&nbsp;<\/p>\n","protected":false},"excerpt":{"rendered":"<p>Fin\u00e1lov\u00e9 v\u00fdsledky srovn\u00e1vac\u00edho v\u00fdzkumu M\u011bsto pro byznys uk\u00e1zaly, \u017ee Hradec Kr\u00e1lov\u00e9 m\u00e1 nejlep\u0161\u00ed podm\u00ednky pro&#8230;<\/p>\n","protected":false},"author":2,"featured_media":78821,"comment_status":"closed","ping_status":"closed","sticky":false,"template":"","format":"standard","meta":[],"categories":[6],"tags":[9125,9126,4249,3837],"_links":{"self":[{"href":"https:\/\/www.infokuryr.cz\/n\/wp-json\/wp\/v2\/posts\/78820"}],"collection":[{"href":"https:\/\/www.infokuryr.cz\/n\/wp-json\/wp\/v2\/posts"}],"about":[{"href":"https:\/\/www.infokuryr.cz\/n\/wp-json\/wp\/v2\/types\/post"}],"author":[{"embeddable":true,"href":"https:\/\/www.infokuryr.cz\/n\/wp-json\/wp\/v2\/users\/2"}],"replies":[{"embeddable":true,"href":"https:\/\/www.infokuryr.cz\/n\/wp-json\/wp\/v2\/comments?post=78820"}],"version-history":[{"count":1,"href":"https:\/\/www.infokuryr.cz\/n\/wp-json\/wp\/v2\/posts\/78820\/revisions"}],"predecessor-version":[{"id":78823,"href":"https:\/\/www.infokuryr.cz\/n\/wp-json\/wp\/v2\/posts\/78820\/revisions\/78823"}],"wp:featuredmedia":[{"embeddable":true,"href":"https:\/\/www.infokuryr.cz\/n\/wp-json\/wp\/v2\/media\/78821"}],"wp:attachment":[{"href":"https:\/\/www.infokuryr.cz\/n\/wp-json\/wp\/v2\/media?parent=78820"}],"wp:term":[{"taxonomy":"category","embeddable":true,"href":"https:\/\/www.infokuryr.cz\/n\/wp-json\/wp\/v2\/categories?post=78820"},{"taxonomy":"post_tag","embeddable":true,"href":"https:\/\/www.infokuryr.cz\/n\/wp-json\/wp\/v2\/tags?post=78820"}],"curies":[{"name":"wp","href":"https:\/\/api.w.org\/{rel}","templated":true}]}}