{"id":78814,"date":"2025-05-15T00:16:54","date_gmt":"2025-05-14T22:16:54","guid":{"rendered":"https:\/\/www.infokuryr.cz\/n\/?p=78814"},"modified":"2025-05-14T17:07:51","modified_gmt":"2025-05-14T15:07:51","slug":"tesco-ve-vodnanech-otevrelo-modernizovanou-prodejnu-vice-pohodli-uspora-energie-a-silna-podpora-komunity","status":"publish","type":"post","link":"https:\/\/www.infokuryr.cz\/n\/2025\/05\/15\/tesco-ve-vodnanech-otevrelo-modernizovanou-prodejnu-vice-pohodli-uspora-energie-a-silna-podpora-komunity\/","title":{"rendered":"Tesco ve Vod\u0148anech otev\u0159elo modernizovanou prodejnu: v\u00edce pohodl\u00ed, \u00faspora energie a siln\u00e1 podpora komunity"},"content":{"rendered":"<div id=\"fb-root\"><\/div>\n<p><strong>Tesco pokra\u010duje v modernizaci sv\u00e9 prodejn\u00ed s\u00edt\u011b a dnes slavnostn\u011b znovuotev\u0159elo pln\u011b zrekonstruovanou prodejnu ve Vod\u0148anech. Nov\u00fd design, ekologi\u010dt\u011bj\u0161\u00ed provoz, atraktivn\u00ed nab\u00eddka i d\u016fraz na podporu m\u00edstn\u00edch \u2013 to v\u0161e je sou\u010d\u00e1st\u00ed prom\u011bny, kterou ocen\u00ed jak z\u00e1kazn\u00edci, tak zam\u011bstnanci. Na oslavu znovuotev\u0159en\u00ed prodejny Tesco p\u0159ipravilo pro dr\u017eitele Clubcard 20% slevu na cel\u00fd n\u00e1kup.<\/strong><\/p>\n<h1>Nov\u00fd design a udr\u017eiteln\u00e9 technologie<\/h1>\n<p><img decoding=\"async\" loading=\"lazy\" class=\"wp-image-78816 aligncenter\" src=\"http:\/\/www.infokuryr.cz\/n\/wp-content\/uploads\/2025\/05\/tesco-300x171.jpg\" alt=\"\" width=\"798\" height=\"455\" srcset=\"https:\/\/www.infokuryr.cz\/n\/wp-content\/uploads\/2025\/05\/tesco-300x171.jpg 300w, https:\/\/www.infokuryr.cz\/n\/wp-content\/uploads\/2025\/05\/tesco-1024x585.jpg 1024w, https:\/\/www.infokuryr.cz\/n\/wp-content\/uploads\/2025\/05\/tesco-768x439.jpg 768w, https:\/\/www.infokuryr.cz\/n\/wp-content\/uploads\/2025\/05\/tesco.jpg 1113w\" sizes=\"(max-width: 798px) 100vw, 798px\" \/><\/p>\n<p>Kompletn\u00ed rekonstrukce prodejny zahrnovala v\u00fdm\u011bnu n\u00e1bytku, reg\u00e1l\u016f, orienta\u010dn\u00edho syst\u00e9mu i celkovou modernizaci designu. Nov\u00e1 \u0161ed\u00e1 podlahov\u00e1 krytina a reg\u00e1ly dod\u00e1vaj\u00ed prodejn\u011b modern\u00ed vzhled, stejn\u011b tak jako nov\u00e1 fas\u00e1da s logem.<\/p>\n<p>\u201e<em>C\u00edlem rekonstrukce bylo nab\u00eddnout z\u00e1kazn\u00edk\u016fm nejen modern\u011bj\u0161\u00ed prost\u0159ed\u00ed, ale tak\u00e9 provoz, kter\u00fd je \u0161etrn\u011bj\u0161\u00ed k \u017eivotn\u00edmu prost\u0159ed\u00ed. Kl\u00ed\u010dov\u00e1 byla modernizace odd\u011blen\u00ed s \u010derstv\u00fdmi potravinami \u2013 ovoce, zelenina a pe\u010divo jsou nyn\u00ed sou\u010d\u00e1st\u00ed jednoho \u00faseku pro snadnou orientaci. Nov\u00e9 chladic\u00ed za\u0159\u00edzen\u00ed na b\u00e1zi CO\u2082 a lednice s<\/em><em>\u00a0<\/em><em>dve\u0159mi v\u00fdrazn\u011b sni\u017euj\u00ed spot\u0159ebu energie. \u00dasporn\u00e9 LED osv\u011btlen\u00ed jsme zavedli nejen v prodejn\u011b, ale i v<\/em><em>\u00a0<\/em><em>z\u00e1zem\u00ed,\u201c <\/em>\u0159ekl Patrik Doj\u010dinovi\u010d, provozn\u00ed \u0159editel Tesco \u010cR.<\/p>\n<p>Z\u00e1kazn\u00edci jist\u011b ocen\u00ed tak\u00e9 novou pokladn\u00ed z\u00f3nu se syst\u00e9mem Scan&amp;Shop, kter\u00fd jim umo\u017e\u0148uje rychlej\u0161\u00ed a pohodln\u011bj\u0161\u00ed n\u00e1kup. Inovac\u00ed pro\u0161lo i obl\u00edben\u00e9 m\u00f3dn\u00ed odd\u011blen\u00ed F&amp;F, kter\u00e9 l\u00e1k\u00e1 na nov\u00e9 trendy kousky za v\u00fdhodn\u00e9 ceny.<\/p>\n<h1>Podpora komunity a zam\u011bstnanc\u016f<\/h1>\n<p><img decoding=\"async\" loading=\"lazy\" class=\"wp-image-78817 aligncenter\" src=\"http:\/\/www.infokuryr.cz\/n\/wp-content\/uploads\/2025\/05\/tesco-pracovnici-300x164.jpg\" alt=\"\" width=\"827\" height=\"452\" srcset=\"https:\/\/www.infokuryr.cz\/n\/wp-content\/uploads\/2025\/05\/tesco-pracovnici-300x164.jpg 300w, https:\/\/www.infokuryr.cz\/n\/wp-content\/uploads\/2025\/05\/tesco-pracovnici-1024x559.jpg 1024w, https:\/\/www.infokuryr.cz\/n\/wp-content\/uploads\/2025\/05\/tesco-pracovnici-768x420.jpg 768w, https:\/\/www.infokuryr.cz\/n\/wp-content\/uploads\/2025\/05\/tesco-pracovnici.jpg 1155w\" sizes=\"(max-width: 827px) 100vw, 827px\" \/><\/p>\n<p>Tesco nezapomn\u011blo ani na sv\u016fj t\u00fdm \u2013 zam\u011bstnanci se nov\u011b mohou t\u011b\u0161it z\u00a0nov\u00e9ho, zrekonstruovan\u00e9ho a p\u0159\u00edjemn\u011bj\u0161\u00edho z\u00e1zem\u00ed. Prodejna nab\u00edz\u00ed pr\u00e1ci pro 15 st\u00e1l\u00fdch zam\u011bstnanc\u016f a 12 brig\u00e1dn\u00edk\u016f.<\/p>\n<p><em>\u201eNa\u0161\u00edm c\u00edlem je b\u00fdt dobr\u00fdm sousedem v ka\u017ed\u00e9 komunit\u011b, kde p\u016fsob\u00edme. P\u0159i p\u0159\u00edle\u017eitosti znovuotev\u0159en\u00ed jsme darovali 50 000 K\u010d neziskov\u00e9 organizaci Prevent 99, kter\u00e1 pom\u00e1h\u00e1 rodin\u00e1m a jednotlivc\u016fm s probl\u00e9my spojen\u00fdmi s p\u00e9\u010d\u00ed o d\u011bti, dosp\u00edv\u00e1n\u00edm a z\u00e1vislostmi. Na\u0161e grantov\u00e1 iniciativa Spr\u00e1vn\u00fd start se zam\u011b\u0159uje pr\u00e1v\u011b na podporu d\u011bt\u00ed a mlad\u00fdch lid\u00ed v obt\u00ed\u017en\u00fdch situac\u00edch. Dlouhodob\u011b tak\u00e9 darujeme potravinov\u00e9 p\u0159ebytky z t\u00e9to prodejny Potravinov\u00e9 bance Jiho\u010desk\u00e9ho kraje, kter\u00e1 je distribuuje lidem v nouzi,\u201c <\/em>uvedla p\u0159i otev\u0159en\u00ed Zuzana Grin\u010dov\u00e1, marketingov\u00e1 \u0159editelka Tesco \u010cR.<\/p>\n<h1>Otev\u0159en\u00ed s p\u0159edstaviteli m\u011bsta a l\u00e1kav\u00e9 nab\u00eddky pro z\u00e1kazn\u00edky<\/h1>\n<p><img decoding=\"async\" loading=\"lazy\" class=\"wp-image-78818 aligncenter\" src=\"http:\/\/www.infokuryr.cz\/n\/wp-content\/uploads\/2025\/05\/tesco-reditelka-300x177.jpg\" alt=\"\" width=\"822\" height=\"485\" srcset=\"https:\/\/www.infokuryr.cz\/n\/wp-content\/uploads\/2025\/05\/tesco-reditelka-300x177.jpg 300w, https:\/\/www.infokuryr.cz\/n\/wp-content\/uploads\/2025\/05\/tesco-reditelka-1024x604.jpg 1024w, https:\/\/www.infokuryr.cz\/n\/wp-content\/uploads\/2025\/05\/tesco-reditelka-768x453.jpg 768w, https:\/\/www.infokuryr.cz\/n\/wp-content\/uploads\/2025\/05\/tesco-reditelka.jpg 1148w\" sizes=\"(max-width: 822px) 100vw, 822px\" \/><\/p>\n<p>Slavnostn\u00edho znovuotev\u0159en\u00ed prodejny Tesco se z\u00fa\u010dastnili starosta m\u011bsta Vod\u0148an Martin Mach\u00e1\u010d, \u0159editel organizace Prevent 99 Martin Klajn, marketingov\u00e1 \u0159editelka spole\u010dnosti Tesco \u010cR Zuzana Grin\u010dov\u00e1, provozn\u00ed \u0159editel Tesco \u010cR Patrik Doj\u010dinovi\u010d a vedouc\u00ed prodejny Tesco Vod\u0148any Daniel Malina.<\/p>\n<p>Na oslavu znovuotev\u0159en\u00ed prodejny Tesco p\u0159ipravilo pro dr\u017eitele Clubcard 20% slevu na cel\u00fd n\u00e1kup, kter\u00e1 plat\u00ed od 14. kv\u011btna do 20. kv\u011btna. V n\u00e1sleduj\u00edc\u00edch t\u0159ech t\u00fddnech pak budou postupn\u011b p\u0159edstaveny rovn\u011b\u017e slevy 20 % s kartou Clubcard pro vybran\u00e9 kategorie produkt\u016f.<\/p>\n<p>Modernizovan\u00e1 prodejna ve Vod\u0148anech tak p\u0159in\u00e1\u0161\u00ed nejen p\u0159\u00edjemn\u011bj\u0161\u00ed nakupov\u00e1n\u00ed, ale i udr\u017eiteln\u011bj\u0161\u00ed a efektivn\u011bj\u0161\u00ed provoz, kter\u00fd ocen\u00ed nejen z\u00e1kazn\u00edci, ale i cel\u00e1 komunitn\u00ed oblast.<\/p>\n<p><img decoding=\"async\" loading=\"lazy\" class=\"alignnone size-full wp-image-71983\" src=\"http:\/\/www.infokuryr.cz\/n\/wp-content\/uploads\/2025\/02\/aaa.jpg\" alt=\"\" width=\"89\" height=\"23\" \/><\/p>\n<p>&nbsp;<\/p>\n","protected":false},"excerpt":{"rendered":"<p>Tesco pokra\u010duje v modernizaci sv\u00e9 prodejn\u00ed s\u00edt\u011b a dnes slavnostn\u011b znovuotev\u0159elo pln\u011b zrekonstruovanou prodejnu ve&#8230;<\/p>\n","protected":false},"author":2,"featured_media":78815,"comment_status":"closed","ping_status":"closed","sticky":false,"template":"","format":"standard","meta":[],"categories":[6],"tags":[4610,2726,331],"_links":{"self":[{"href":"https:\/\/www.infokuryr.cz\/n\/wp-json\/wp\/v2\/posts\/78814"}],"collection":[{"href":"https:\/\/www.infokuryr.cz\/n\/wp-json\/wp\/v2\/posts"}],"about":[{"href":"https:\/\/www.infokuryr.cz\/n\/wp-json\/wp\/v2\/types\/post"}],"author":[{"embeddable":true,"href":"https:\/\/www.infokuryr.cz\/n\/wp-json\/wp\/v2\/users\/2"}],"replies":[{"embeddable":true,"href":"https:\/\/www.infokuryr.cz\/n\/wp-json\/wp\/v2\/comments?post=78814"}],"version-history":[{"count":1,"href":"https:\/\/www.infokuryr.cz\/n\/wp-json\/wp\/v2\/posts\/78814\/revisions"}],"predecessor-version":[{"id":78819,"href":"https:\/\/www.infokuryr.cz\/n\/wp-json\/wp\/v2\/posts\/78814\/revisions\/78819"}],"wp:featuredmedia":[{"embeddable":true,"href":"https:\/\/www.infokuryr.cz\/n\/wp-json\/wp\/v2\/media\/78815"}],"wp:attachment":[{"href":"https:\/\/www.infokuryr.cz\/n\/wp-json\/wp\/v2\/media?parent=78814"}],"wp:term":[{"taxonomy":"category","embeddable":true,"href":"https:\/\/www.infokuryr.cz\/n\/wp-json\/wp\/v2\/categories?post=78814"},{"taxonomy":"post_tag","embeddable":true,"href":"https:\/\/www.infokuryr.cz\/n\/wp-json\/wp\/v2\/tags?post=78814"}],"curies":[{"name":"wp","href":"https:\/\/api.w.org\/{rel}","templated":true}]}}