{"id":78769,"date":"2025-05-14T05:02:01","date_gmt":"2025-05-14T03:02:01","guid":{"rendered":"https:\/\/www.infokuryr.cz\/n\/?p=78769"},"modified":"2025-05-14T05:02:01","modified_gmt":"2025-05-14T03:02:01","slug":"zelenskemu-tece-do-bot-a-zacal-tvrdit-ze-jeho-vlastni-dekret-z-roku-2022-zakazujici","status":"publish","type":"post","link":"https:\/\/www.infokuryr.cz\/n\/2025\/05\/14\/zelenskemu-tece-do-bot-a-zacal-tvrdit-ze-jeho-vlastni-dekret-z-roku-2022-zakazujici\/","title":{"rendered":"Zelensk\u00e9mu te\u010de do bot a za\u010dal tvrdit, \u017ee jeho vlastn\u00ed dekret z roku 2022 zakazuj\u00edc\u00ed &#8230;"},"content":{"rendered":"<div id=\"fb-root\"><\/div>\n<h4>Zelensk\u00e9mu te\u010de do bot a za\u010dal tvrdit, \u017ee jeho vlastn\u00ed dekret z roku 2022 zakazuj\u00edc\u00ed Ukrajinc\u016fm jedn\u00e1n\u00ed s Rusy o m\u00edru, dokud bude Putin u moci, pr\u00fd na n\u011bj neplat\u00ed! Jenom on pr\u00fd m\u016f\u017ee jednat o m\u00edru a suverenit\u011b, nikdo jin\u00fd! Trump\u016fv vyjednava\u010d pro Ukrajinu ozn\u00e1mil, \u017ee Zelensk\u00fd p\u0159ilet\u00ed do Istanbulu! Bude tam \u010dekat na Putina a mo\u017en\u00e1 p\u0159ilet\u00ed i Trump, kdy\u017e p\u0159ilet\u00ed Putin!<\/h4>\n<p>Ub\u011bhlo 48 hodin od nab\u00eddky Volodymyra Zelensk\u00e9ho, \u017ee se setk\u00e1 v Istanbulu osobn\u011b s Vladimirem Putinem, ale Kreml do t\u00e9to chv\u00edle person\u00e1ln\u00ed slo\u017een\u00ed m\u00edrov\u00e9 delegace neozn\u00e1mil. Mluv\u010d\u00ed Kremlu Dmitrij Peskov v \u00fater\u00fd odpoledne prohl\u00e1sil, \u017ee Kreml nebude oznamovat \u017e\u00e1dn\u00e1 jm\u00e9na, dokud prezident definitivn\u011b neozn\u00e1m\u00ed seznam lid\u00ed.\u00a0P\u0159\u00edm\u00e9 rozhovory mezi Ruskem a Ukrajinou v Istanbulu koncem tohoto t\u00fddne jsou pr\u00fd st\u00e1le mo\u017en\u00e9 a Moskva se na n\u011b p\u0159ipravuje, uvedl mluv\u010d\u00ed Kremlu Dmitrij Peskov.<\/p>\n<p><strong>Zelensk\u00fd v\u0161ak v \u00fater\u00fd \u0161okoval, kdy\u017e na tiskov\u00e9 konferenci s novin\u00e1\u0159i tvrdil, \u017ee dekret z roku 2022 o z\u00e1kazu jedn\u00e1n\u00ed s Rusy, dokud je u moci Vladimir Putin, pr\u00fd na n\u011bho neplat\u00ed.<\/strong>\u00a0A to nen\u00ed v\u0161echno. Zelensk\u00fd se v \u00fater\u00fd instaloval do role jedin\u00e9ho \u010dlov\u011bka na Ukrajin\u011b, kdo m\u016f\u017ee v\u00e9st m\u00edrov\u00e9 rozhovory. Nikdo jin\u00fd ne\u017e on pr\u00fd s Ruskem vyjedn\u00e1vat nem\u016f\u017ee. Jeho vystoupen\u00ed p\u0159ed novin\u00e1\u0159i vyvolalo poprask nejen v Moskv\u011b, proto\u017ee a\u017e dosud se Zelensk\u00fd ve\u0161ker\u00fdch m\u00edrov\u00fdch rozhovor\u016f stranil, ale najednou se stav\u00ed do jejich \u010dela.<\/p>\n<p>&nbsp;<\/p>\n<div id=\"rumble_v6r58f1\">\n<div id=\"vid_v6r58f1\" class=\"rumble_v6r58f1-Rumble-cls\" tabindex=\"-1\">\n<div class=\"bigPlayUI ctp\">\n<div class=\"bigPlayUIInner ctp\"><\/div>\n<\/div>\n<div class='videoWrapper'>\r\n\t            <iframe src='https:\/\/rumble.com\/embed\/pj.v6r58f1\/' frameborder='0' allowfullscreen><\/iframe>\r\n\t        <\/div><\/div>\n<\/div>\n<p>&nbsp;<\/p>\n<p>Je to zm\u011bna, se kterou zjevn\u011b nepo\u010d\u00edtali ani Ameri\u010dan\u00e9. V ned\u011bli rusk\u00fd prezident Vladimir Putin nab\u00eddl obnoven\u00ed p\u0159\u00edm\u00fdch jedn\u00e1n\u00ed mezi Moskvou a Kyjevem s c\u00edlem nal\u00e9zt trval\u00e9 \u0159e\u0161en\u00ed konfliktu, kter\u00e9 by \u0159e\u0161ilo jeho z\u00e1kladn\u00ed p\u0159\u00ed\u010diny. Navrhl, \u017ee by se rozhovory mohly uskute\u010dnit ve \u010dtvrtek v nejv\u011bt\u0161\u00edm tureck\u00e9m m\u011bst\u011b.<\/p>\n<p>Pot\u00e9, co Putin\u016fv n\u00e1vrh podpo\u0159il americk\u00fd prezident Donald Trump, vyj\u00e1d\u0159il p\u0159ipravenost k dialogu s Ruskem tak\u00e9 ukrajinsk\u00fd p\u0159edstavitel Vladimir Zelensk\u00fd. Op\u011bt v\u0161ak trval na tom, \u017ee jak\u00fdmkoli rozhovor\u016fm by m\u011blo p\u0159edch\u00e1zet zah\u00e1jen\u00ed 30denn\u00edho p\u0159\u00edm\u011b\u0159\u00ed \u2013 co\u017e Moskva opakovan\u011b vylou\u010dila.<\/p>\n<h3>Kellogg potvrdil, \u017ee Zelensk\u00fd p\u0159ilet\u00ed do Istanbulu, ale Putinova \u00fa\u010dast je v \u00fater\u00fd ve\u010der st\u00e1le nejasn\u00e1<\/h3>\n<p>Na \u00fatern\u00ed dotaz novin\u00e1\u0159\u016f, zda se jedn\u00e1n\u00ed v Istanbulu skute\u010dn\u011b uskute\u010dn\u00ed, Peskov odpov\u011bd\u011bl\u00a0<strong>[<a href=\"https:\/\/href.li\/?https:\/\/www.rt.com\/russia\/617461-kremlin-ukraine-talks-peskov\/\" target=\"_blank\" rel=\"nofollow noopener\">1<\/a>]<\/strong>, \u017ee \u201c<em>rusk\u00e1 strana pokra\u010duje v p\u0159\u00edprav\u00e1ch na jedn\u00e1n\u00ed, kter\u00e1 se maj\u00ed uskute\u010dnit ve \u010dtvrtek,<\/em>\u201d ale odm\u00edtl to bl\u00ed\u017ee komentovat. Peskov rovn\u011b\u017e odm\u00edtl prozradit slo\u017een\u00ed rusk\u00e9 delegace pro p\u0159\u00edpadn\u00e1 jedn\u00e1n\u00ed s t\u00edm, \u017ee \u201c<em>to ozn\u00e1m\u00edme, jakmile to prezident Putin uzn\u00e1 za nutn\u00e9<\/em>\u201c.<\/p>\n<p><strong>Mluv\u010d\u00ed Kremlu podle v\u0161eho vylou\u010dil, \u017ee by se m\u00edrov\u00e9ho procesu mezi Moskvou a Kyjevem v jak\u00e9koli form\u011b \u00fa\u010dastnili z\u00e1padoevrop\u0161t\u00ed podporovatel\u00e9 Ukrajiny.<\/strong>\u00a0Trump\u016fv vyjednava\u010d pro Ukrajinu Keith Kellogg potvrdil, \u017ee Zelensk\u00fd p\u0159ilet\u00ed do Istanbulu osobn\u011b i s ministrem obrany. Tyto zm\u011bny v sestav\u011b ukrajinsk\u00e9 delegace nebyly v pl\u00e1nu je\u0161t\u011b o minul\u00e9m v\u00edkendu.<\/p>\n<p>&nbsp;<\/p>\n<div id=\"rumble_v6r58ql\">\n<div id=\"vid_v6r58ql\" class=\"rumble_v6r58ql-Rumble-cls\" tabindex=\"-1\">\n<div class=\"bigPlayUI ctp\">\n<div class=\"bigPlayUIInner ctp\"><\/div>\n<\/div>\n<div class='videoWrapper'>\r\n\t            <iframe src='https:\/\/rumble.com\/embed\/pj.v6r58ql\/' frameborder='0' allowfullscreen><\/iframe>\r\n\t        <\/div><\/div>\n<\/div>\n<p>&nbsp;<\/p>\n<p>\u201c<em>Z\u00e1padn\u00ed Evropa je koneckonc\u016f zcela na stran\u011b Ukrajiny. Nem\u016f\u017ee tvrdit, \u017ee m\u00e1 nestrann\u00fd p\u0159\u00edstup\u2026 Jej\u00ed p\u0159\u00edstup nen\u00ed vyv\u00e1\u017een\u00fd, je sp\u00ed\u0161e pro-v\u00e1le\u010dn\u00fd, zam\u011b\u0159en\u00fd na pokra\u010dov\u00e1n\u00ed boj\u016f, co\u017e je v p\u0159\u00edkr\u00e9m rozporu s p\u0159\u00edstupem, kter\u00fd p\u0159edv\u00e1d\u00ed nap\u0159\u00edklad Moskva nebo Washington,\u201d<\/em>\u00a0vysv\u011btlil Peskov.<\/p>\n<p>A ani v \u00fater\u00fd Peskov necht\u011bl odpov\u011bd\u011bt na ot\u00e1zku, kterou mu novin\u00e1\u0159i polo\u017eili 4x po sob\u011b, jestli Vladimir Putin p\u0159ilet\u00ed, a to t\u0159eba i jen na okraj jedn\u00e1n\u00ed m\u00edrov\u00e9 delegace, jestli p\u0159ilet\u00ed do Istanbulu jako projev dobr\u00e9 v\u016fle ve vztahu k prezidentu Trumpovi, kter\u00fd s Putinovou \u00fa\u010dast\u00ed po\u010d\u00edt\u00e1 a cht\u011bl by se pr\u00fd s Putinem na okraj m\u00edrov\u00e9ho summitu sej\u00edt.<\/p>\n<h3>V z\u00e1kulis\u00ed se pr\u00fd zva\u017euje uspo\u0159\u00e1d\u00e1n\u00ed monstr-summitu 4 prezident\u016f v Istanbulu<\/h3>\n<p>Podle exkluzivn\u00edch informac\u00ed redakce Aeronetu od na\u0161ich rusk\u00fdch koleg\u016f novin\u00e1\u0159\u016f prob\u00edh\u00e1 od pond\u011bl\u00ed hore\u010dn\u00e9 diplomatick\u00e9 a z\u00e1kulisn\u00ed jedn\u00e1n\u00ed mezi Kremlem, B\u00edl\u00fdm domem a Erdoganov\u00fdm prezidentsk\u00fdm pal\u00e1cem na zaji\u0161t\u011bn\u00ed bezpe\u010dnosti\u00a0<strong>monstr-summitu v sestav\u011b\u00a0<em>velk\u00e9 \u010dty\u0159ky<\/em>.<\/strong><\/p>\n<p><strong>Tedy summitu\u00a0Putin \u2013 Trump \u2013 Zelensk\u00fd \u2013 Erdogan, co\u017e by bylo nejv\u011bt\u0161\u00ed setk\u00e1n\u00ed sv\u00e9ho druhu v posledn\u00ed dob\u011b<\/strong>, a to podle v\u0161eho jako gesto m\u00edru, nic v\u00edc, proto\u017ee vyjedn\u00e1v\u00e1n\u00ed o m\u00edru povedou vyjednava\u010di a ne prezidenti. Probl\u00e9m je v tom, \u017ee jde o \u0161ibeni\u010dn\u00ed term\u00edn, kter\u00fd by Kreml norm\u00e1ln\u011b okam\u017eit\u011b odm\u00edtl, ale m\u00e1 to velk\u00fd h\u00e1\u010dek.<\/p>\n<figure id=\"attachment_20237\" class=\"wp-caption aligncenter\" style=\"width: 687px;\"><a href=\"https:\/\/aeronet.news\/wp-content\/uploads\/160721_POL_trump-putin.jpg.CROP_.promo-xlarge2.jpg\"><img decoding=\"async\" loading=\"lazy\" class=\"wp-image-20237 \" src=\"https:\/\/aeronet.news\/wp-content\/uploads\/160721_POL_trump-putin.jpg.CROP_.promo-xlarge2-1024x731.jpg\" sizes=\"(max-width: 700px) 100vw, 700px\" srcset=\"https:\/\/aeronet.news\/wp-content\/uploads\/160721_POL_trump-putin.jpg.CROP_.promo-xlarge2-1024x731.jpg 1024w, https:\/\/aeronet.news\/wp-content\/uploads\/160721_POL_trump-putin.jpg.CROP_.promo-xlarge2-300x214.jpg 300w, https:\/\/aeronet.news\/wp-content\/uploads\/160721_POL_trump-putin.jpg.CROP_.promo-xlarge2-768x548.jpg 768w, https:\/\/aeronet.news\/wp-content\/uploads\/160721_POL_trump-putin.jpg.CROP_.promo-xlarge2-700x499.jpg 700w, https:\/\/aeronet.news\/wp-content\/uploads\/160721_POL_trump-putin.jpg.CROP_.promo-xlarge2-500x357.jpg 500w, https:\/\/aeronet.news\/wp-content\/uploads\/160721_POL_trump-putin.jpg.CROP_.promo-xlarge2-677x483.jpg 677w, https:\/\/aeronet.news\/wp-content\/uploads\/160721_POL_trump-putin.jpg.CROP_.promo-xlarge2.jpg 1180w\" alt=\"\" width=\"687\" height=\"491\" \/><\/a><figcaption class=\"wp-caption-text\">Istanbul by se mohl st\u00e1t m\u00edstem summitu Donalda Trumpa a Vladimira Putina + Volodymyra Zelensk\u00e9ho a jejich hostitele Tayyipa Erdogana<\/figcaption><\/figure>\n<p>Pokud toti\u017e bez p\u0159\u00edprav a jen tak narychlo dok\u00e1\u017ee do Istanbulu p\u0159ilet\u011bt Zelensk\u00fd se svoj\u00ed delegac\u00ed, a pokud by p\u0159ilet\u011bl i Trump s ministrem zahrani\u010d\u00ed Marco Rubiem, potom by pro Vladimira Putina z geopolitick\u00e9ho hlediska byla jeho ne\u00fa\u010dast v Istanbulu mezin\u00e1rodn\u011b interpretov\u00e1na jako slabost, strach, obavy z cesty, ale ze v\u0161eho nejv\u00edce jako \u201c<em>neochota<\/em>\u201d Putina ke skute\u010dn\u00e9mu m\u00edru.<\/p>\n<p>Ru\u0161t\u00ed novin\u00e1\u0159i n\u00e1m potvrdili, \u017ee v Kremlu je od pond\u011bl\u00ed doslova bo\u017e\u00ed dopu\u0161t\u011bn\u00ed a nikdo nev\u00ed, jak na tohle Putin bude reagovat. Jde toti\u017e o strategick\u00fd moment, kter\u00fd m\u016f\u017ee ovlivnit obraz Vladimira Putina v o\u010d\u00edch jeho spojenc\u016f. Kdy\u017e m\u016f\u017ee p\u0159ilet\u011bt Zelensk\u00fd, pro\u010d nechce p\u0159ilet\u011bt Putin? To bude ot\u00e1zka, kter\u00e1 bude vrtat v hlav\u011b nejen odp\u016frc\u016fm Vladimira Putina.<\/p>\n<h3>Ne\u00fa\u010dast Putina v Istanbulu, pokud tam p\u0159ilet\u00ed Zelensk\u00fd, bude velmi zl\u00fdm sign\u00e1lem pro obraz Moskvy u sv\u00fdch partner\u016f<\/h3>\n<p>Tady v\u016fbec nejde o to, co si mysl\u00ed nebo nemysl\u00ed z\u00e1padn\u00ed kolektivist\u00e9, ale jde o to, jak si Putinovu ne\u00fa\u010dast vylo\u017e\u00ed t\u0159eba Peking. Vylo\u017eit si Putinovu ne\u00fa\u010dast jako neochotu k m\u00edru, by nebylo dobr\u00e9. Ale vylo\u017eit si to jako strach nebo obavy z cesty, by bylo pro obraz Vladimira Putina devastuj\u00edc\u00ed a katastrof\u00e1ln\u00ed. Putin to mus\u00ed v\u011bd\u011bt.<\/p>\n<p>Jen\u017ee ka\u017ed\u00e9mu je jasn\u00e9, \u017ee takov\u00e1 cesta m\u016f\u017ee b\u00fdt vysoce nebezpe\u010dn\u00e1.\u00a0<strong>M\u016f\u017ee b\u00fdt vyvinuta snaha o atent\u00e1t na Putina v dostate\u010dn\u011b nezaji\u0161t\u011bn\u00e9m a nep\u0159ipraven\u00e9m pl\u00e1nu summitu v Istanbulu.<\/strong>\u00a0P\u0159edstavte si, \u017ee by Putina n\u011bkdo v Istanbulu zast\u0159elil. Kdo by nesl vinu? Ukrajinci? Hostitelsk\u00e9 Turecko? Nebo Kreml, \u017ee nezajistil bezpe\u010dnost Putina na summitu?<\/p>\n<figure id=\"attachment_21604\" class=\"wp-caption aligncenter\" style=\"width: 689px;\"><a href=\"https:\/\/aeronet.news\/wp-content\/uploads\/erdogan-putin-1.jpg\"><img decoding=\"async\" loading=\"lazy\" class=\"wp-image-21604 \" src=\"https:\/\/aeronet.news\/wp-content\/uploads\/erdogan-putin-1-1024x721.jpg\" sizes=\"(max-width: 700px) 100vw, 700px\" srcset=\"https:\/\/aeronet.news\/wp-content\/uploads\/erdogan-putin-1-1024x721.jpg 1024w, https:\/\/aeronet.news\/wp-content\/uploads\/erdogan-putin-1-300x211.jpg 300w, https:\/\/aeronet.news\/wp-content\/uploads\/erdogan-putin-1-768x541.jpg 768w, https:\/\/aeronet.news\/wp-content\/uploads\/erdogan-putin-1-700x493.jpg 700w, https:\/\/aeronet.news\/wp-content\/uploads\/erdogan-putin-1-507x357.jpg 507w, https:\/\/aeronet.news\/wp-content\/uploads\/erdogan-putin-1-686x483.jpg 686w\" alt=\"\" width=\"689\" height=\"485\" \/><\/a><figcaption class=\"wp-caption-text\">Vladimir Putin a Recep Tayyip Erdogan<\/figcaption><\/figure>\n<p>Tomu ml\u010den\u00ed Kremlu se nelze divit, proto\u017ee jde o obrovsk\u00e9 dilema, kter\u00e9 je postaveno v\u00edce do propagandistick\u00e9 ne\u017e v\u011bcn\u00e9 roviny m\u00edrov\u00fdch jedn\u00e1n\u00ed, proto\u017ee Zelensk\u00fd m\u00edr samoz\u0159ejm\u011b nedojedn\u00e1, na n\u011bm to nebude, bez ohledu na to, co \u0159\u00edkal v Kyjev\u011b v \u00fater\u00fd novin\u00e1\u0159\u016fm, proto\u017ee ta jedn\u00e1n\u00ed budou na vyjednava\u010d\u00edch.<\/p>\n<p>Zelensk\u00fd se ale chce podle v\u0161eho vlo\u017eit do \u010dela vyjedn\u00e1v\u00e1n\u00ed, proto\u017ee m\u00e1 strach, \u017ee proces m\u00edrov\u00fdch rozhovor\u016f se za\u010dne odehr\u00e1vat bez jeho kontroly, co\u017e by pro n\u011bj bylo katastrofou. Ur\u010dit\u011b si uv\u011bdomuje, \u017ee kdy\u017e nejde vyhr\u00e1t v\u00e1lku, je pot\u0159eba b\u00fdt osobn\u011b u m\u00edrov\u00fdch rozhovor\u016f, aby se n\u00e1hodou Zelensk\u00fd nestal ob\u011bt\u00ed t\u011bch rozhovor\u016f, prost\u011b n\u011bk\u00fdm, kdo polo\u017e\u00ed hlavu na \u0161palek m\u00edru. Proto se tak moc a tak agresivn\u011b te\u010f Zelensk\u00fd cpe do m\u00edrov\u00fdch rozhovor\u016f a chce to \u0159e\u0161it osobn\u011b jako vrchn\u00ed boss Kyjeva.<\/p>\n<h3>P\u016fvodn\u011b m\u011bl ruskou delegaci v Istanbulu v\u00e9st Sergej Lavrov, ale te\u010f je v\u0161echno znovu nejasn\u00e9<\/h3>\n<p>Podle informac\u00ed z \u00fatern\u00edho ve\u010dera a podle pl\u00e1nu z minul\u00e9 ned\u011ble by m\u011bl ruskou delegaci v\u00e9st Sergej Lavrov jako \u0161\u00e9f vyjednava\u010d\u016f, d\u00e1le poradce Putina pro zahrani\u010dn\u00ed v\u011bci Jurij U\u0161akov a dal\u0161\u00ed \u010dlenov\u00e9. Jen\u017ee ten pl\u00e1n je podle informac\u00ed nyn\u00ed v trosk\u00e1ch, proto\u017ee \u00fa\u010dast Zelensk\u00e9ho v Istanbulu, kterou ji\u017e potvrdil Trump\u016fv vyjednava\u010d pro Ukrajinu Keith Kellogg na televizi Fox News, zcela m\u011bn\u00ed form\u00e1t m\u00edrov\u00fdch rozhovor\u016f.<\/p>\n<p><strong>Pokud se toti\u017e Zelensk\u00fd designoval a instaloval do funkce hlavn\u00edho vyjednava\u010de za Ukrajinu, potom to zcela m\u011bn\u00ed status cel\u00e9ho jedn\u00e1n\u00ed<\/strong>, proto\u017ee u\u017e nejde o jedn\u00e1n\u00ed na \u00farovni vyjednava\u010d\u016f, ale o vrcholn\u00fd summit, i kdy\u017e samoz\u0159ejm\u011b m\u016f\u017eeme nam\u00edtat, \u017ee Zelensk\u00fd ji\u017e nen\u00ed legitimn\u00ed prezident Ukrajiny. Pokud Zelensk\u00fd m\u00e1 b\u00fdt v \u010dele ukrajinsk\u00e9 delegace vyjednava\u010d\u016f, potom ministr zahrani\u010d\u00ed Ruska nem\u00e1 pro jedn\u00e1n\u00ed stejnou \u00farove\u0148.<\/p>\n<figure id=\"attachment_62684\" class=\"wp-caption aligncenter\" style=\"width: 697px;\"><a href=\"https:\/\/aeronet.news\/wp-content\/uploads\/LavrovPresserFeat.jpg\"><img decoding=\"async\" loading=\"lazy\" class=\"wp-image-62684 \" src=\"https:\/\/aeronet.news\/wp-content\/uploads\/LavrovPresserFeat-1024x683.jpg\" sizes=\"(max-width: 700px) 100vw, 700px\" srcset=\"https:\/\/aeronet.news\/wp-content\/uploads\/LavrovPresserFeat-1024x683.jpg 1024w, https:\/\/aeronet.news\/wp-content\/uploads\/LavrovPresserFeat-300x200.jpg 300w, https:\/\/aeronet.news\/wp-content\/uploads\/LavrovPresserFeat-768x512.jpg 768w, https:\/\/aeronet.news\/wp-content\/uploads\/LavrovPresserFeat-700x467.jpg 700w, https:\/\/aeronet.news\/wp-content\/uploads\/LavrovPresserFeat-535x357.jpg 535w, https:\/\/aeronet.news\/wp-content\/uploads\/LavrovPresserFeat-724x483.jpg 724w, https:\/\/aeronet.news\/wp-content\/uploads\/LavrovPresserFeat.jpg 1280w\" alt=\"\" width=\"697\" height=\"465\" \/><\/a><figcaption class=\"wp-caption-text\">Sergej Lavrov, ministr zahrani\u010d\u00ed<\/figcaption><\/figure>\n<p>Jen\u017ee, to nehraje te\u010f roli, proto\u017ee te\u010f jde o projev ochoty k m\u00edru. A pokud tam Zelensk\u00fd p\u0159ijede v roli, do jak\u00e9 se s\u00e1m dosadil v \u00fater\u00fd p\u0159ed novin\u00e1\u0159i, tedy v roli jedin\u00e9ho vyjednava\u010de, kter\u00fd m\u00e1 mand\u00e1t jednat za Ukrajinu, tak potom to nabour\u00e1v\u00e1 cel\u00fd pl\u00e1n Moskvy. Mus\u00ed se potom zm\u011bnit slo\u017een\u00ed delegace, a to bu\u010f na delegaci n\u00edzk\u00e9 \u00farovn\u011b jen n\u00edzk\u00fdch diplomat\u016f, anebo se mus\u00ed jedn\u00e1ni z\u00fa\u010dastnit p\u0159\u00edmo Putin.<\/p>\n<p><strong>Zelensk\u00fd se prost\u011b sna\u017e\u00ed vyjedn\u00e1v\u00e1n\u00ed\u00a0p\u0159eklopit do modelu vrcholn\u00e9ho summitu Zelensk\u00fd \u2013 Putin\u00a0a v\u0161echny p\u0159\u00edpadn\u00e9 rusk\u00e9 \u00fastupky bude cht\u00edt vykreslovat potom jako svoji obrovskou s\u00edlu<\/strong>\u00a0a dovednost vyjedn\u00e1v\u00e1n\u00ed, a naopak slabost Putina. V kone\u010dn\u00e9m d\u016fsledku by si Zelensk\u00fd dojedn\u00e1n\u00edm m\u00edru paradoxn\u011b vyboxoval d\u016fv\u011bru u Ukrajinc\u016f jako ten, kdo v\u00e1lku pomohl ukon\u010dit.<\/p>\n<h3>Zelensk\u00fd se z\u0159ejm\u011b pokou\u0161\u00ed o tzv. kr\u00e1lovsk\u00fd gambit<\/h3>\n<p>Nen\u00ed jist\u00e9, jestli by mu to pomohlo vyhr\u00e1t volby, kter\u00e9 nevyhnuteln\u011b brzy mus\u00ed prob\u011bhnout na Ukrajin\u011b, ale ka\u017edop\u00e1dn\u011b by m\u011bl status m\u00edrotvorce. U\u017e by nem\u011bl n\u00e1lepku toho, kdo cht\u011bl hn\u00e1t posledn\u00edho invalidu nebo mlad\u00e9 studenty do z\u00e1kop\u016f, ale m\u011bl by n\u00e1lepku toho, kdo dojednal m\u00edr. A podle m\u00e9ho n\u00e1zoru p\u0159esn\u011b o toto Zelensk\u00fd usiluje. De facto se to d\u00e1 p\u0159irovnat ke kr\u00e1lovsk\u00e9mu gambitu.<\/p>\n<p>Te\u010de mu do bot ze v\u0161ech sm\u011br\u016f a pouze transformace do m\u00edrotvorce, kter\u00fd dohodne za celou Ukrajinu, jen on a nikdo jin\u00fd, kone\u010dn\u00fd m\u00edr, mu zaru\u010d\u00ed bezpe\u010dnost po v\u00e1lce a v\u011b\u010dnou sl\u00e1vu, i kdy\u017e v\u00e1lku de facto prohr\u00e1l. Kdy\u017e ale m\u00edr dohodne za Ukrajinu n\u011bkdo jin\u00fd, tak to budou Ukrajinci vn\u00edmat tak, jak to vn\u00edmali dosud \u2013 \u017ee v\u0161ichni na Ukrajin\u011b cht\u011bli m\u00edr, ale jenom Zelensk\u00fd tomu do posledn\u00ed chv\u00edle br\u00e1nil.<\/p>\n<figure id=\"attachment_58222\" class=\"wp-caption aligncenter\" style=\"width: 700px;\"><a href=\"https:\/\/aeronet.news\/wp-content\/uploads\/ZelenskyNewYear2024.jpg\"><img decoding=\"async\" loading=\"lazy\" class=\"wp-image-58222 \" src=\"https:\/\/aeronet.news\/wp-content\/uploads\/ZelenskyNewYear2024-1024x576.jpg\" sizes=\"(max-width: 700px) 100vw, 700px\" srcset=\"https:\/\/aeronet.news\/wp-content\/uploads\/ZelenskyNewYear2024-1024x576.jpg 1024w, https:\/\/aeronet.news\/wp-content\/uploads\/ZelenskyNewYear2024-300x169.jpg 300w, https:\/\/aeronet.news\/wp-content\/uploads\/ZelenskyNewYear2024-768x432.jpg 768w, https:\/\/aeronet.news\/wp-content\/uploads\/ZelenskyNewYear2024-700x394.jpg 700w, https:\/\/aeronet.news\/wp-content\/uploads\/ZelenskyNewYear2024-635x357.jpg 635w, https:\/\/aeronet.news\/wp-content\/uploads\/ZelenskyNewYear2024-859x483.jpg 859w, https:\/\/aeronet.news\/wp-content\/uploads\/ZelenskyNewYear2024.jpg 1280w\" alt=\"\" width=\"700\" height=\"394\" \/><\/a><figcaption class=\"wp-caption-text\">Volodymyr Zelensk\u00fd<\/figcaption><\/figure>\n<p>A to by znamenalo pro Zelensk\u00e9ho rozsudek smrti po nastolen\u00ed m\u00edru. Proto transformace m\u00edrov\u00fdch jedn\u00e1n\u00ed v Istanbulu do modelu vrcholn\u00e9ho summitu je logick\u00fdm vy\u00fast\u011bn\u00edm pokusu Zelensk\u00e9ho o jeho vlastn\u00ed z\u00e1chranu.\u00a0<strong>Pokud Putin p\u0159ilet\u00ed, legitimizuje t\u00edm Zelensk\u00e9ho jako hlavn\u00edho vyjednava\u010de Ukrajiny.<\/strong>\u00a0<strong>Pokud Putin nep\u0159ilet\u00ed, vykoleduje si t\u00edm nebezpe\u010dnou n\u00e1lepku, jednu nebo v\u00edce z n\u011bkolika.<\/strong>\u00a0Ani jedno \u0159e\u0161en\u00ed tak nen\u00ed dobr\u00e9.<\/p>\n<p>Kdy\u017e nep\u0159ilet\u00ed, bude obvin\u011bn, \u017ee nechce m\u00edrov\u00fd proces, \u017ee se nechce setkat se Zelensk\u00fdm. V hor\u0161\u00edm p\u0159\u00edpad\u011b bude vykreslen jako n\u011bkdo, kdo m\u00e1 strach bez dlouh\u00e9 a mnoham\u011bs\u00ed\u010dn\u00ed p\u0159\u00edpravy jen tak a\u00a0<em>na blint<\/em>\u00a0a narychlo p\u0159ilet\u011bt do Istanbulu a setkat se tv\u00e1\u0159\u00ed v tv\u00e1\u0159 s \u201c<em>gerojem<\/em>\u201d Zelensk\u00fdm. Ani jedna z variant pro Kreml nen\u00ed dobr\u00e1. Proto se nedivte tomu neuv\u011b\u0159iteln\u00e9mu ml\u010den\u00ed Kremlu o tom, kdo vlastn\u011b do Istanbulu pojede.<\/p>\n<p><a href=\"https:\/\/aeronet.news\/zelenskemu-tece-do-bot-a-zacal-tvrdit-ze-jeho-vlastni-dekret-z-roku-2022-zakazujici-ukrajincum-jednani-s-rusy-o-miru-dokud-bude-putin-u-moci-pry-na-nej-neplati-jenom-on-pry-muze-jednat-o-miru\/\">-VK-<\/a><\/p>\n<p>&nbsp;<\/p>\n","protected":false},"excerpt":{"rendered":"<p>Zelensk\u00e9mu te\u010de do bot a za\u010dal tvrdit, \u017ee jeho vlastn\u00ed dekret z roku 2022 zakazuj\u00edc\u00ed&#8230;<\/p>\n","protected":false},"author":2,"featured_media":78770,"comment_status":"closed","ping_status":"closed","sticky":false,"template":"","format":"standard","meta":[],"categories":[6],"tags":[1042,2018,1060,22,26,1000],"_links":{"self":[{"href":"https:\/\/www.infokuryr.cz\/n\/wp-json\/wp\/v2\/posts\/78769"}],"collection":[{"href":"https:\/\/www.infokuryr.cz\/n\/wp-json\/wp\/v2\/posts"}],"about":[{"href":"https:\/\/www.infokuryr.cz\/n\/wp-json\/wp\/v2\/types\/post"}],"author":[{"embeddable":true,"href":"https:\/\/www.infokuryr.cz\/n\/wp-json\/wp\/v2\/users\/2"}],"replies":[{"embeddable":true,"href":"https:\/\/www.infokuryr.cz\/n\/wp-json\/wp\/v2\/comments?post=78769"}],"version-history":[{"count":0,"href":"https:\/\/www.infokuryr.cz\/n\/wp-json\/wp\/v2\/posts\/78769\/revisions"}],"wp:featuredmedia":[{"embeddable":true,"href":"https:\/\/www.infokuryr.cz\/n\/wp-json\/wp\/v2\/media\/78770"}],"wp:attachment":[{"href":"https:\/\/www.infokuryr.cz\/n\/wp-json\/wp\/v2\/media?parent=78769"}],"wp:term":[{"taxonomy":"category","embeddable":true,"href":"https:\/\/www.infokuryr.cz\/n\/wp-json\/wp\/v2\/categories?post=78769"},{"taxonomy":"post_tag","embeddable":true,"href":"https:\/\/www.infokuryr.cz\/n\/wp-json\/wp\/v2\/tags?post=78769"}],"curies":[{"name":"wp","href":"https:\/\/api.w.org\/{rel}","templated":true}]}}