{"id":78764,"date":"2025-05-14T04:46:46","date_gmt":"2025-05-14T02:46:46","guid":{"rendered":"https:\/\/www.infokuryr.cz\/n\/?p=78764"},"modified":"2025-05-14T04:46:46","modified_gmt":"2025-05-14T02:46:46","slug":"madarske-urady-odhaluji-spiknuti-ukrajina-pomaha-s-pripravou-svrzeni-orbana","status":"publish","type":"post","link":"https:\/\/www.infokuryr.cz\/n\/2025\/05\/14\/madarske-urady-odhaluji-spiknuti-ukrajina-pomaha-s-pripravou-svrzeni-orbana\/","title":{"rendered":"Ma\u010farsk\u00e9 \u00fa\u0159ady odhaluj\u00ed spiknut\u00ed: Ukrajina pom\u00e1h\u00e1 s p\u0159\u00edpravou svr\u017een\u00ed Orb\u00e1na"},"content":{"rendered":"<div id=\"fb-root\"><\/div>\n<p><strong>Ma\u010farsk\u00e1 opozi\u010dn\u00ed strana \u201cTisza\u201d se spol\u010dila s\u00a0ukrajinsk\u00fdmi tajn\u00fdmi slu\u017ebami\u00a0a \u00fa\u010dastn\u00ed se s\u00a0nimi kampan\u011b na diskreditaci ma\u010farsk\u00fdch \u00fa\u0159ad\u016f, uvedl z\u00e1stupce vl\u00e1dnouc\u00ed strany \u201cFidesz\u201d.<\/strong><\/p>\n<p>Pro premi\u00e9ra Viktora Orb\u00e1na situaci zhor\u0161uje fakt, \u017ee se b\u00fdval\u00fd n\u00e1\u010deln\u00edk gener\u00e1ln\u00edho \u0161t\u00e1bu\u00a0Romulus Rusin-Sendi (na obr\u00e1zku) p\u0159idal k\u00a0t\u00e1boru jeho odp\u016frc\u016f, informuje PolitNavigator.<\/p>\n<figure id=\"attachment_194873\" class=\"wp-caption aligncenter\" style=\"width: 773px;\" aria-describedby=\"caption-attachment-194873\"><img decoding=\"async\" loading=\"lazy\" class=\"wp-image-194873 \" src=\"https:\/\/i0.wp.com\/www.novarepublika.cz\/wp-content\/uploads\/2025\/05\/Rsin_Sendhi_a_Zaluzny.webp?resize=1184%2C666&amp;ssl=1\" alt=\"\" width=\"773\" height=\"435\" \/><figcaption id=\"caption-attachment-194873\" class=\"wp-caption-text\"><em>Rusin-Sendhi (vlevo) a b\u00fdval\u00fd vrchn\u00ed velitel ozbrojen\u00fdch sil Ukrajiny Valerij Zalu\u017enyj<\/em><\/figcaption><\/figure>\n<figure class=\"wp-block-image size-large is-resized\"><figcaption class=\"wp-element-caption\">P\u0159edseda ma\u010farsk\u00e9 vl\u00e1dnouc\u00ed strany Tam\u00e1s Menczer v\u010dera u\u010dinil hlasit\u00e1 odhalen\u00ed. Podle n\u011bj\u00a0<strong>Rusin-Sendi, nyn\u00ed hlavn\u00ed vojensk\u00fd expert opozi\u010dn\u00ed strany \u201cTisza\u201d, d\u0159\u00edve p\u0159iznal, \u017ee m\u00e1 d\u016fle\u017eit\u00e9 ukrajinsk\u00e9 konexe<\/strong>, v\u010detn\u011b \u201etelefonn\u00edch \u010d\u00edsel ukrajinsk\u00fdch v\u016fdc\u016f\u201c, kter\u00e9 je v\u00a0p\u0159\u00edpad\u011b pot\u0159eby p\u0159ipraven pou\u017e\u00edt.<\/figcaption><\/figure>\n<p>Mentzer citoval zpr\u00e1vu zve\u0159ejn\u011bnou ma\u010farsk\u00fdmi ozbrojen\u00fdmi silami, kter\u00e1 uv\u00e1d\u00ed, \u017ee Rusin-Sendi na setk\u00e1n\u00edch NATO chv\u00e1lil Ukrajinu.<\/p>\n<p><em>\u201eReprezentoval tam Ukrajinu, ne Ma\u010farsko. Proto ho premi\u00e9r Viktor Orb\u00e1n [v roce 2023] odvolal,\u201c<\/em>\u00a0\u0159ekl Mentzer.<\/p>\n<p>P\u0159edseda parlamentn\u00ed frakce \u201cFidesz\u201d Mat\u00e9 Kocsis d\u0159\u00edve informoval, \u017ee Rusin-Sendi zakon\u010doval sv\u00e9 projevy na zased\u00e1n\u00edch NATO heslem \u201e<strong>Sl\u00e1va Ukrajin\u011b!\u201c<\/strong>, co\u017e podle poslance odporovalo ofici\u00e1ln\u00edmu postoji Ma\u010farska.<\/p>\n<p>Menczer tak\u00e9 uvedl, \u017ee v\u016fdce strany \u201cTisza\u201d P\u00e9ter Magyar \u201e<strong>\u00fato\u010dil na proces vojensk\u00e9 modernizace Ma\u010farska<\/strong>\u201c a\u00a0cht\u011bl zemi oslabit.<\/p>\n<p><em>\u201eA po\u00a0tom v\u0161em zah\u00e1jily ukrajinsk\u00e9 tajn\u00e9 slu\u017eby kampa\u0148 na diskreditaci Ma\u010farska,\u201c<\/em> uvedl z\u00e1stupce \u201cFidesz\u201d.<\/p>\n<p><em>\u201eJe nepochopiteln\u00e9 a\u00a0nep\u0159ijateln\u00e9, \u017ee Peter Magyar \u00fato\u010d\u00ed na Ma\u010farsko spole\u010dn\u011b s\u00a0ukrajinsk\u00fdmi tajn\u00fdmi slu\u017ebami,\u201c\u00a0<\/em>\u0159ekl Menzer.<\/p>\n<p>Dodal, \u017ee je to prvn\u00ed p\u0159\u00edpad od roku 1990, kdy\u00a0<strong>\u201el\u00eddr<\/strong>\u00a0<strong>ma\u010farsk\u00e9 strany zah\u00e1jil \u00fatok na Ma\u010farsko spole\u010dn\u011b se zahrani\u010dn\u00ed zpravodajskou slu\u017ebou<\/strong>\u201c.<\/p>\n<p>Mentzer m\u011bl na mysli \u0161pion\u00e1\u017en\u00ed v\u00e1lku proti Budape\u0161ti, kterou Bezpe\u010dnostn\u00ed\u00a0slu\u017eba\u00a0Ukrajiny (<strong><a href=\"https:\/\/www.politnavigator.news\/signal-dlya-orbana-ukraina-nachala-shpionskuyu-vojjnu-s-vengriejj.html\">SBU) zah\u00e1jila 9.\u00a0kv\u011btna<\/a><\/strong>\u00a0zadr\u017een\u00edm dvou b\u00fdval\u00fdch ukrajinsk\u00fdch voj\u00e1k\u016f v\u00a0Zakarpat\u00ed, obvin\u011bn\u00fdch z\u00a0pr\u00e1ce pro ma\u010farskou vojenskou rozv\u011bdku.\u00a0<strong>Mluv\u00edme o\u00a0dvou etnick\u00fdch Ma\u010farech<\/strong>: b\u00fdval\u00e9m pohrani\u010dn\u00edkovi Robertu Kov\u00e1csovi a b\u00fdval\u00e9 voja\u010dce hali\u010dsko-voly\u0148sk\u00e9 radiotechnick\u00e9 brig\u00e1dy Kateryn\u011b Yovzanov\u00e9.<\/p>\n<p><strong>Reakce Budape\u0161ti byla pom\u011brn\u011b tvrd\u00e1.<\/strong><\/p>\n<p>Ma\u010farsk\u00fd ministr zahrani\u010d\u00ed Peter Szijj\u00e1rt\u00f3 odpoledne 9.\u00a0kv\u011btna ozn\u00e1mil vyho\u0161t\u011bn\u00ed dvou \u0161pion\u016f p\u016fsob\u00edc\u00edch pod diplomatick\u00fdm kryt\u00edm na ukrajinsk\u00e9m velvyslanectv\u00ed v\u00a0Budape\u0161ti. Ve stejn\u00fd den ma\u010far\u0161t\u00ed p\u0159\u00edslu\u0161n\u00edci protiteroristick\u00e9 skupiny tvrd\u011b\u00a0<strong>zadr\u017eeli v\u00a0centru hlavn\u00edho m\u011bsta b\u00fdval\u00e9ho prvn\u00edho tajemn\u00edka ukrajinsk\u00e9ho velvyslanectv\u00ed Sergeje Alexandrova.<\/strong>\u00a0V sou\u010dasn\u00e9 dob\u011b ofici\u00e1ln\u011b nen\u00ed diplomatem a\u00a0v\u00a0Ma\u010farsku byl jako soukrom\u00e1 osoba a\u00a0jeho man\u017eelka je spolumajitelkou ukrajinsk\u00e9 restaurace v\u00a0Budape\u0161ti.<\/p>\n<p>Alexandrov byl v\u0161ak brzy propu\u0161t\u011bn a okam\u017eit\u011b opustil \u00fazem\u00ed Ma\u010farska a vydal se do Kyjeva. Pokud jde o Banderstadt (Ukrajina) ten zase ve\u010der 9. kv\u011btna vyhostil dva ma\u010farsk\u00e9 diplomaty.<\/p>\n<p>Strana \u201cFidesz\u201d se domn\u00edv\u00e1, \u017ee\u00a0<strong>akce SBU a\u00a0strany \u201cTisza\u201d jsou koordinovan\u00e9<\/strong>, jeliko\u017e 8.\u00a0kv\u011btna Peter Magyar zve\u0159ejnil tajnou nahr\u00e1vku ma\u010farsk\u00e9ho ministra obrany Kristofa Szalaye-Bobrovnick\u00e9ho, ve kter\u00e9 \u00fa\u0159edn\u00edk hovo\u0159\u00ed o\u00a0pot\u0159eb\u011b p\u0159ipravit arm\u00e1du na v\u00e1lku.<\/p>\n<p><em>\u201eVl\u00e1da Viktora Orb\u00e1na je vl\u00e1dou l\u017e\u00ed a\u00a0v\u00e1lky. Tohle je konec. Mus\u00ed odej\u00edt,\u201c<\/em>\u00a0napsal Magyar ve sv\u00e9m p\u0159\u00edsp\u011bvku, ani\u017e by specifikoval, na co by se podle n\u011bj arm\u00e1da m\u011bla p\u0159ipravit.<\/p>\n<p>Doty\u010dn\u00e1 nahr\u00e1vka nen\u00ed aktu\u00e1ln\u00ed, byla po\u0159\u00edzena v\u00a0dubnu 2023, kdy byl Rusin-Sendi n\u00e1\u010deln\u00edkem ma\u010farsk\u00e9ho gener\u00e1ln\u00edho \u0161t\u00e1bu. Gener\u00e1lporu\u010d\u00edk si st\u00e1le uchov\u00e1v\u00e1 konexe a\u00a0autoritu v\u00a0arm\u00e1d\u011b a\u00a0ma\u010far\u0161t\u00ed koment\u00e1to\u0159i nevylu\u010duj\u00ed, \u017ee\u00a0<strong>by mohl v\u00e9st vojensk\u00fd p\u0159evrat proti Viktoru Orb\u00e1novi \u2013 pokud se Bruselem podporovan\u00e9 stran\u011b \u201cTisza\u201d nepoda\u0159\u00ed vyhr\u00e1t ma\u010farsk\u00e9 parlamentn\u00ed volby v\u00a0p\u0159\u00ed\u0161t\u00edm roce<\/strong>.<\/p>\n<div class=\"google-auto-placed ap_container\"><\/div>\n<p><em>Zdroj:\u00a0<a href=\"https:\/\/1url.cz\/fJJF5\">https:\/\/1url.cz\/fJJF5<\/a><br \/>\n<\/em><em>P\u0159eklad: <a href=\"https:\/\/www.novarepublika.cz\/2025\/05\/madarske-urady-odhaluji-spiknuti-ukrajina-pomaha-s-pripravou-svrzeni-orbana\">Nov\u00e1 republika<\/a><\/em><\/p>\n<p>&nbsp;<\/p>\n","protected":false},"excerpt":{"rendered":"<p>Ma\u010farsk\u00e1 opozi\u010dn\u00ed strana \u201cTisza\u201d se spol\u010dila s\u00a0ukrajinsk\u00fdmi tajn\u00fdmi slu\u017ebami\u00a0a \u00fa\u010dastn\u00ed se s\u00a0nimi kampan\u011b na diskreditaci&#8230;<\/p>\n","protected":false},"author":2,"featured_media":59185,"comment_status":"closed","ping_status":"closed","sticky":false,"template":"","format":"standard","meta":[],"categories":[7],"tags":[78,439,703,4304,26],"_links":{"self":[{"href":"https:\/\/www.infokuryr.cz\/n\/wp-json\/wp\/v2\/posts\/78764"}],"collection":[{"href":"https:\/\/www.infokuryr.cz\/n\/wp-json\/wp\/v2\/posts"}],"about":[{"href":"https:\/\/www.infokuryr.cz\/n\/wp-json\/wp\/v2\/types\/post"}],"author":[{"embeddable":true,"href":"https:\/\/www.infokuryr.cz\/n\/wp-json\/wp\/v2\/users\/2"}],"replies":[{"embeddable":true,"href":"https:\/\/www.infokuryr.cz\/n\/wp-json\/wp\/v2\/comments?post=78764"}],"version-history":[{"count":0,"href":"https:\/\/www.infokuryr.cz\/n\/wp-json\/wp\/v2\/posts\/78764\/revisions"}],"wp:featuredmedia":[{"embeddable":true,"href":"https:\/\/www.infokuryr.cz\/n\/wp-json\/wp\/v2\/media\/59185"}],"wp:attachment":[{"href":"https:\/\/www.infokuryr.cz\/n\/wp-json\/wp\/v2\/media?parent=78764"}],"wp:term":[{"taxonomy":"category","embeddable":true,"href":"https:\/\/www.infokuryr.cz\/n\/wp-json\/wp\/v2\/categories?post=78764"},{"taxonomy":"post_tag","embeddable":true,"href":"https:\/\/www.infokuryr.cz\/n\/wp-json\/wp\/v2\/tags?post=78764"}],"curies":[{"name":"wp","href":"https:\/\/api.w.org\/{rel}","templated":true}]}}