{"id":78757,"date":"2025-05-14T04:35:17","date_gmt":"2025-05-14T02:35:17","guid":{"rendered":"https:\/\/www.infokuryr.cz\/n\/?p=78757"},"modified":"2025-05-14T04:35:17","modified_gmt":"2025-05-14T02:35:17","slug":"disent-ve-svete-jednostranneho-mysleni-jak-zustat-svobodny-v-uniformni-spolecnosti","status":"publish","type":"post","link":"https:\/\/www.infokuryr.cz\/n\/2025\/05\/14\/disent-ve-svete-jednostranneho-mysleni-jak-zustat-svobodny-v-uniformni-spolecnosti\/","title":{"rendered":"Disent ve sv\u011bt\u011b jednostrann\u00e9ho my\u0161len\u00ed: jak z\u016fstat svobodn\u00fd v uniformn\u00ed spole\u010dnosti?"},"content":{"rendered":"<div id=\"fb-root\"><\/div>\n<p><strong>V dob\u011b, kdy v\u0161e sm\u011b\u0159uje k uniformit\u011b my\u0161len\u00ed, se odv\u00e1\u017en\u00e9 samostatn\u00e9 uva\u017eov\u00e1n\u00ed stalo formou disidence. Sokrates, Orwell, Snowden: v\u0161ichni zaplatili za pravdu. A ty, jsi p\u0159ipraven vystoupit z \u0159ady?<\/strong><\/p>\n<p>V sv\u011bt\u011b p\u0159esycen\u00e9m informacemi, p\u0159edem p\u0159ipraven\u00fdmi narativy a spole\u010densk\u00fdm tlakem se samostatn\u00e9 uva\u017eov\u00e1n\u00ed stalo aktem odporu. Toto um\u011bn\u00ed, kter\u00e9 je nezbytn\u00e9 pro individu\u00e1ln\u00ed rozvoj a vitalitu spole\u010dnosti, je v\u0161ak ohro\u017eeno v\u0161udyp\u0159\u00edtomn\u00fdm konformismem. Jak p\u011bstovat nez\u00e1visl\u00e9 my\u0161len\u00ed tv\u00e1\u0159\u00ed v tv\u00e1\u0159 mechanism\u016fm spole\u010dnosti, kter\u00e1 up\u0159ednost\u0148uje uniformitu? Tento \u010dl\u00e1nek zkoum\u00e1 mechanismy konformismu, p\u0159ek\u00e1\u017eky svobodn\u00e9ho my\u0161len\u00ed a navrhuje konkr\u00e9tn\u00ed zp\u016fsoby, jak znovu z\u00edskat intelektu\u00e1ln\u00ed autonomii.<\/p>\n<h2>Ko\u0159eny konformismu: dob\u0159e promazan\u00fd stroj<\/h2>\n<p>Stejn\u011b jako byl S\u00f3krat\u00e9s odsouzen za zpochyb\u0148ov\u00e1n\u00ed ath\u00e9nsk\u00fdch v\u00edr, byli myslitel\u00e9 jako Galileo Galilei (\u201e\u0158\u00edct, \u017ee Zem\u011b je kulat\u00e1, znamenalo j\u00edt do v\u011bzen\u00ed\u201c) pron\u00e1sledov\u00e1ni za to, \u017ee se vzep\u0159eli dogmat\u016fm sv\u00e9 doby. Konformismus nen\u00ed nic nov\u00e9ho, m\u011bn\u00ed se pouze jeho forma. V ka\u017ed\u00e9 dob\u011b ti, kte\u0159\u00ed se odv\u00e1\u017e\u00ed vystoupit z \u0159ady, vyvol\u00e1vaj\u00ed neklid, a to natolik, \u017ee se je sna\u017e\u00ed uml\u010det.<\/p>\n<h3>1. Soci\u00e1ln\u00ed a vzd\u011bl\u00e1vac\u00ed podm\u00edn\u011bnost<\/h3>\n<p>Od d\u011btstv\u00ed n\u00e1m \u0161kola, a\u010dkoli je nezbytn\u00e1, v\u0161t\u011bpuje standardizovan\u00fd zp\u016fsob my\u0161len\u00ed. U\u010debn\u00ed pl\u00e1ny \u010dasto up\u0159ednost\u0148uj\u00ed memorov\u00e1n\u00ed na \u00fakor kritick\u00e9ho my\u0161len\u00ed a vedou \u017e\u00e1ky k tomu, aby odpov\u00eddali spr\u00e1vn\u011b, m\u00edsto aby se ptali. Tento r\u00e1mec, kter\u00fd klade d\u016fraz na konformitu, m\u016f\u017ee potla\u010dit p\u0159irozenou zv\u011bdavost n\u011bkter\u00fdch d\u011bt\u00ed. Mezi takzvan\u00fdmi \u201e\u0161patn\u00fdmi\u201c nebo probl\u00e9mov\u00fdmi \u017e\u00e1ky je mnoho t\u011bch, kte\u0159\u00ed maj\u00ed potenci\u00e1l, ale nud\u00ed se nebo instinktivn\u011b rebeluj\u00ed proti syst\u00e9mu, kter\u00fd neuspokojuje jejich touhu u\u010dit se jinak nebo j\u00edt hloub\u011bji. Tato dynamika pokra\u010duje i v dosp\u011blosti, kde konformismus posiluje strach ze soci\u00e1ln\u00edho odm\u00edtnut\u00ed. Jak napsal John Stuart Mill, \u201etyranie ve\u0159ejn\u00e9ho m\u00edn\u011bn\u00ed\u201c nut\u00ed jednotlivce p\u0159izp\u016fsobovat se, aby se vyhnuli vylou\u010den\u00ed.<\/p>\n<p>\u201eJedin\u00e1 svoboda, kter\u00e1 si zaslou\u017e\u00ed toto jm\u00e9no, je svoboda usilovat o vlastn\u00ed dobro sv\u00fdm vlastn\u00edm zp\u016fsobem, pokud t\u00edm nebr\u00e1n\u00edme ostatn\u00edm v tom, aby \u010dinili tot\u00e9\u017e.\u201c ~ John Stuart Mill.<\/p>\n<h3>2. M\u00e9dia a algoritmy<\/h3>\n<p>Masov\u00e1 m\u00e9dia a soci\u00e1ln\u00ed s\u00edt\u011b hraj\u00ed \u00fast\u0159edn\u00ed roli v \u0161\u00ed\u0159en\u00ed dominantn\u00edch narativ\u016f. Algoritmy filtruj\u00ed obsah podle na\u0161ich preferenc\u00ed a vytv\u00e1\u0159ej\u00ed tak kognitivn\u00ed bubliny, kter\u00e9 omezuj\u00ed kontakt s odli\u0161n\u00fdmi n\u00e1zory.\u00a0<a href=\"https:\/\/news.syr.edu\/blog\/2023\/07\/31\/new-research-examines-echo-chambers-and-political-attitudes-on-social-media\/\" target=\"_blank\" rel=\"external noopener\">Studie z roku 2023<\/a>\u00a0odhalila, \u017ee 70 % u\u017eivatel\u016f soci\u00e1ln\u00edch s\u00edt\u00ed konzumuje p\u0159ev\u00e1\u017en\u011b obsah, kter\u00fd je v souladu s jejich st\u00e1vaj\u00edc\u00edmi p\u0159esv\u011bd\u010den\u00edmi, \u010d\u00edm\u017e posiluje jejich zaujatost.<\/p>\n<p>\u201eTyto v\u00fdsledky poukazuj\u00ed na obt\u00ed\u017enost zm\u011bny politick\u00fdch n\u00e1zor\u016f,\u201c uvedla Emily Thorson, odborn\u00e1 asistentka politologie na Maxwell School na Syracuse University.<\/p>\n<p>Krize Covid-19 byla v tomto ohledu z\u00e1sadn\u00ed zkou\u0161kou: zpo\u010d\u00e1tku velk\u00e1 \u010d\u00e1st populace vyjad\u0159ovala v\u016f\u010di o\u010dkov\u00e1n\u00ed zdr\u017eenlivost, co\u017e odr\u00e1\u017eelo instinktivn\u00ed ned\u016fv\u011bru. Intenzivn\u00ed medi\u00e1ln\u00ed kampa\u0148 v kombinaci se soci\u00e1ln\u00edm a politick\u00fdm tlakem v\u0161ak sta\u010dila k tomu, aby se n\u00e1zor ve\u0159ejnosti obr\u00e1til ve prosp\u011bch masov\u00e9 akceptace, co\u017e ilustruje s\u00edlu jednotn\u00e9ho narativu p\u0159i formov\u00e1n\u00ed chov\u00e1n\u00ed. Tento jev ukazuje, jak mohou m\u00e9dia, zes\u00edlen\u00e1 algoritmy, v rekordn\u00edm \u010dase prom\u011bnit kolektivn\u00ed pochybnosti v konformitu.<\/p>\n<h3>3. Strach z nesouhlasu<\/h3>\n<p>\u0158\u00edkat, co si mysl\u00edme, zejm\u00e9na pokud je to v rozporu s n\u00e1zorem v\u011bt\u0161iny, m\u00e1 soci\u00e1ln\u00ed, profesn\u00ed a dokonce i pr\u00e1vn\u00ed d\u016fsledky. P\u0159\u00edpady whistleblower\u016f, jako jsou\u00a0<a href=\"https:\/\/lemediaen442.fr\/?s=Edward+Snowden\" target=\"_blank\" rel=\"external noopener\">Edward Snowden<\/a>\u00a0nebo\u00a0<a href=\"https:\/\/lemediaen442.fr\/julian-assange-le-journaliste-qui-defia-tous-les-empires-du-mensonge\/\" target=\"_blank\" rel=\"external noopener\">Julian Assange<\/a>, ukazuj\u00ed, jakou cenu je t\u0159eba zaplatit za to, \u017ee se \u010dlov\u011bk postav\u00ed proti status quo. V\u011bt\u0161ina lid\u00ed se ze strachu nebo z pohodlnosti rad\u011bji p\u0159izp\u016fsob\u00ed a vyhne se tak finan\u010dn\u00edm, soci\u00e1ln\u00edm nebo dokonce existen\u010dn\u00edm ob\u011btem, kter\u00e9 disidence s sebou nese. V\u00fdrazn\u00fdm p\u0159\u00edkladem je francouzsk\u00fd odboj b\u011bhem druh\u00e9 sv\u011btov\u00e9 v\u00e1lky: pouze 2 a\u017e 3 % obyvatelstva se aktivn\u011b postavilo proti nacistick\u00e9 okupaci a riskovalo sv\u016fj \u017eivot. V\u011bt\u0161ina se ze strachu nebo z touhy po zachov\u00e1n\u00ed stability rozhodla pro p\u0159izp\u016fsoben\u00ed nebo ml\u010den\u00ed. Bez t\u011bchto disident\u016f by v\u0161ak cena byla je\u0161t\u011b vy\u0161\u0161\u00ed: kolob\u011bh konformismu, pokud nen\u00ed p\u0159eru\u0161en, vede k diktatu\u0159e, kde je individu\u00e1ln\u00ed svoboda zni\u010den\u00e1. Tento \u010dasto nev\u011bdom\u00fd strach vede k autocenzu\u0159e, subtiln\u00edmu, ale mocn\u00e9mu mechanismu konformismu.<\/p>\n<h2>P\u0159ek\u00e1\u017eky nez\u00e1visl\u00e9ho my\u0161len\u00ed<\/h2>\n<h3>1. Kognitivn\u00ed zkreslen\u00ed<\/h3>\n<p>Samostatn\u00e9 my\u0161len\u00ed nen\u00ed obt\u00ed\u017en\u00e9 jen kv\u016fli vn\u011bj\u0161\u00edm tlak\u016fm; komplikuj\u00ed ho tak\u00e9 vnit\u0159n\u00ed p\u0159ek\u00e1\u017eky. N\u00e1\u0161 mozek je navr\u017een tak, aby zjednodu\u0161oval sv\u011bt, co\u017e n\u00e1s \u010din\u00ed n\u00e1chyln\u00fdmi k zaujatosti, jako je potvrzovac\u00ed zkreslen\u00ed (hled\u00e1n\u00ed informac\u00ed, kter\u00e9 potvrzuj\u00ed na\u0161e p\u0159esv\u011bd\u010den\u00ed) nebo skupinov\u00fd efekt (p\u0159ij\u00edm\u00e1n\u00ed v\u011bt\u0161inov\u00e9ho n\u00e1zoru). Tyto ment\u00e1ln\u00ed zkratky n\u00e1s vzdaluj\u00ed od autentick\u00e9ho uva\u017eov\u00e1n\u00ed. Politick\u00e9 strany, a\u0165 u\u017e levicov\u00e9, pravicov\u00e9 nebo jin\u00e9, tento jev je\u0161t\u011b zesiluj\u00ed t\u00edm, \u017ee n\u00e1s nut\u00ed omezovat kritick\u00e9 my\u0161len\u00ed. Z loajality k jedn\u00e9 stran\u011b \u010dasto odm\u00edt\u00e1me pravdu jen proto, \u017ee ji zast\u00e1vaj\u00ed na\u0161i oponenti, a uzav\u00edr\u00e1me se tak do bin\u00e1rn\u00ed logiky, kde n\u00e1sledujeme skupinu, m\u00edsto abychom se sna\u017eili povzn\u00e9st nad rozd\u00edly. Toto dobrovoln\u00e9 ob\u011btov\u00e1n\u00ed kritick\u00e9ho my\u0161len\u00ed m\u011bn\u00ed debatu v ringu, kde c\u00edlem je porazit druh\u00e9ho, nikoli odhalit pravdu. V\u00fdsledkem je, \u017ee m\u00edsto aby slou\u017eily spole\u010dn\u00e9mu z\u00e1jmu n\u00e1roda, tyto steriln\u00ed stranick\u00e9 souboje prohlubuj\u00ed rozd\u011blen\u00ed a vzdaluj\u00ed n\u00e1s od spole\u010dn\u00e9 reflexe. Tyto p\u0159edsudky, umocn\u011bn\u00e9 polarizac\u00ed, n\u00e1s uv\u011bz\u0148uj\u00ed v protich\u016fdn\u00fdch t\u00e1borech a nez\u00e1visl\u00e9 my\u0161len\u00ed tak je\u0161t\u011b v\u00edce zt\u011b\u017euj\u00ed.<\/p>\n<h3>2. Pohodl\u00ed konformity<\/h3>\n<p>Myslet jinak vy\u017eaduje \u00fasil\u00ed. Je t\u0159eba zpochybnit sv\u00e9 jistoty, \u010delit nejistot\u011b a n\u011bkdy se vyrovnat s intelektu\u00e1ln\u00ed osam\u011blost\u00ed. Naopak konformita nab\u00edz\u00ed pocit soun\u00e1le\u017eitosti a bezpe\u010d\u00ed. Jak \u0159ekl Nietzsche: \u201e\u0160\u00edlenstv\u00ed je u jednotlivce vz\u00e1cn\u00e9, u skupin, stran, n\u00e1rod\u016f a epoch je pravidlem.\u201c<\/p>\n<h3>3. Nedostatek \u010dasu a n\u00e1stroj\u016f<\/h3>\n<p>V spole\u010dnosti, kde je \u010das vz\u00e1cnou komoditou, m\u00e1lokdo m\u00e1 \u010das se zastavit a hloub\u011bji p\u0159em\u00fd\u0161let. Vezm\u011bme si nap\u0159\u00edklad zedn\u00edka, kter\u00fd se po dlouh\u00e9m pracovn\u00edm dni vrac\u00ed dom\u016f vy\u010derpan\u00fd. M\u00edsto toho, aby se pono\u0159il do t\u0159\u00edhodinov\u00e9 p\u0159edn\u00e1\u0161ky o izraelsko-palestinsk\u00e9m konfliktu nebo v\u00e1lce mezi Ruskem a Ukrajinou, bude p\u0159irozen\u011b l\u00e1k\u00e1n lehkou z\u00e1bavou, jako je sledov\u00e1n\u00ed televizn\u00edho po\u0159adu Touche pas \u00e0 mon poste. Tato volba, a\u010dkoli pochopiteln\u00e1, omezuje p\u0159\u00edstup ke kritick\u00e9mu my\u0161len\u00ed. Krom\u011b toho jsou analytick\u00e9 n\u00e1stroje (filozofie, logika, v\u011bdeck\u00e1 metodologie) \u010dasto nedostupn\u00e9 nebo vn\u00edm\u00e1ny jako elit\u00e1\u0159sk\u00e9, co\u017e jednotlivce ponech\u00e1v\u00e1 bezradn\u00e9 tv\u00e1\u0159\u00ed v tv\u00e1\u0159 slo\u017eitosti sv\u011bta. Pr\u00e1v\u011b zde hraje kl\u00ed\u010dovou roli disidence. Postavy jako\u00a0<a href=\"https:\/\/lemediaen442.fr\/?s=AuBonTouite\" target=\"_blank\" rel=\"external noopener\">AuBonTouite<\/a>\u00a0nebo\u00a0<a href=\"https:\/\/lemediaen442.fr\/rubrique\/marcel\/\" target=\"_blank\" rel=\"external noopener\">Marcel D.<\/a>, kter\u00e9 m\u00eds\u00ed humor, politiku a geopolitiku, p\u0159etv\u00e1\u0159ej\u00ed zp\u016fsob, jak\u00fdm se komplexn\u00ed my\u0161lenky p\u0159ed\u00e1vaj\u00ed, a to prost\u0159ednictv\u00edm sm\u00edchu. Jejich p\u0159\u00edstup slou\u017e\u00ed jako odrazov\u00fd m\u016fstek pro seri\u00f3zn\u011bj\u0161\u00ed autory a otev\u00edr\u00e1 cestu k hlub\u0161\u00edmu zamy\u0161len\u00ed.<\/p>\n<p>D\u00edky podpo\u0159e lidu maj\u00ed tito disidenti odpov\u011bdnost profesionalizovat se, konkurovat kvalit\u011b mainstreamov\u00fdch m\u00e9di\u00ed a u\u010dinit hled\u00e1n\u00ed pravdy p\u0159\u00edstupn\u00fdm a poutav\u00fdm i pro ty, kte\u0159\u00ed nemaj\u00ed dostatek \u010dasu nebo prost\u0159edk\u016f.<\/p>\n<h2>Osobnosti svobodn\u00e9ho my\u0161len\u00ed: inspirativn\u00ed vzory<\/h2>\n<p>Historie je pln\u00e1 p\u0159\u00edklad\u016f myslitel\u016f, kte\u0159\u00ed se postavili proti konformismu, aby h\u00e1jili sv\u00e9 my\u0161lenky. S\u00f3krat\u00e9s sv\u00fdm neust\u00e1l\u00fdm kladen\u00edm ot\u00e1zek polo\u017eil z\u00e1klady z\u00e1padn\u00ed filozofie. V 20. stolet\u00ed\u00a0<a href=\"https:\/\/lemediaen442.fr\/george-orwell-la-novlangue-appauvrir-la-langue-pour-eradiquer-la-contestation\/\" target=\"_blank\" rel=\"external noopener\">George Orwell<\/a>\u00a0ve sv\u00e9m rom\u00e1nu \u201e1984\u201c odhalil manipulaci s pravdou totalitn\u00edmi re\u017eimy a vyslal varov\u00e1n\u00ed, kter\u00e9 je st\u00e1le aktu\u00e1ln\u00ed: \u201e<i>\u0158\u00edkat pravdu v dob\u011b l\u017e\u00ed je revolu\u010dn\u00ed \u010din<\/i>\u201c. V ned\u00e1vn\u00e9 dob\u011b riskovali svou svobodu nap\u0159\u00edklad Julian Assange, aby odhalili skryt\u00e9 pravdy.<\/p>\n<p>Tyto p\u0159\u00edklady ukazuj\u00ed, \u017ee nez\u00e1visl\u00e9 my\u0161len\u00ed nen\u00ed luxus, ale nutnost. Umo\u017e\u0148uje rozb\u00edt kolektivn\u00ed iluze a posunout spole\u010dnost vp\u0159ed. Jak \u0159ekl Kant: \u201e<i>Sapere aude<\/i>\u201c \u2013 \u201e<i>Odva\u017e se v\u011bd\u011bt<\/i>\u201c, \u201e<i>M\u011bj odvahu pou\u017e\u00edvat sv\u016fj vlastn\u00ed rozum<\/i>\u201c \u2013 v\u00fdzva, kter\u00e1 dnes zn\u00ed siln\u011bji ne\u017e kdy jindy.<\/p>\n<h2>Pro\u010d je d\u016fle\u017eit\u00e9 myslet samostatn\u011b<\/h2>\n<p>V konformn\u00ed spole\u010dnosti je nez\u00e1visl\u00e9 my\u0161len\u00ed aktem odvahy. Umo\u017e\u0148uje:<\/p>\n<ul>\n<li><b>Zachovat si svobodu<\/b>: Odm\u00edtnut\u00edm delegovat sv\u00e9 \u00fasudky chr\u00e1n\u00edme svou autonomii.<\/li>\n<li><b>P\u0159isp\u00edvat k pokroku:<\/b>\u00a0Velk\u00e9 pokroky (v\u011bdeck\u00e9, soci\u00e1ln\u00ed, kulturn\u00ed) jsou \u010dasto v\u00fdsledkem pr\u00e1ce disidentsk\u00fdch myslitel\u016f.<\/li>\n<li><b>\u017d\u00edt autenticky:<\/b>\u00a0Myslet samostatn\u011b znamen\u00e1 sladit sv\u00e9 \u010diny se sv\u00fdmi hodnotami, daleko od kolektivn\u00edch p\u0159\u00edkaz\u016f.<\/li>\n<\/ul>\n<h2>Z\u00e1v\u011brem: \u0160t\u011bst\u00ed pravdy, boj, kter\u00fd povzn\u00e1\u0161\u00ed<\/h2>\n<p>Myslet samostatn\u011b nen\u00ed jen projevem odvahy, ale tak\u00e9 zdrojem hlubok\u00e9 radosti. V hled\u00e1n\u00ed pravdy, jakkoli je to obt\u00ed\u017en\u00e9, spo\u010d\u00edv\u00e1 jedine\u010dn\u00e1 radost, \u0161t\u011bst\u00ed, kter\u00e9 n\u00e1s povzn\u00e1\u0161\u00ed nad iluze a umo\u017e\u0148uje n\u00e1m nahl\u00ed\u017eet na realitu v cel\u00e9 jej\u00ed slo\u017eitosti. I kdy\u017e pravda odhaluje hr\u016fzy, spojuje n\u00e1s s prvky sv\u011bta, kter\u00fd n\u00e1s obklopuje, a ukotvuje n\u00e1s v autentick\u00e9 realit\u011b. Toto hled\u00e1n\u00ed, kter\u00e9 nen\u00ed zdaleka povinnost\u00ed, p\u0159in\u00e1\u0161\u00ed uspokojen\u00ed z toho, \u017ee se r\u00e1no probouz\u00edme s \u00fasm\u011bvem a ve\u010der ul\u00e9h\u00e1me s pocitem spln\u011bn\u00e9 povinnosti. \u017d\u00e1dn\u00fd kou\u010dink ani z\u00e1zra\u010dn\u00fd recept se nem\u016f\u017ee rovnat t\u00e9to napln\u011bnosti. Spokojit se s polopravdami znamen\u00e1 sm\u00ed\u0159it se s \u00fatr\u017eky radosti, daleko od bohatstv\u00ed \u017eivota v souladu s pravdou. Jak \u0159ekl Albert Camus: \u201e<i>Svoboda nen\u00ed dar, je t\u0159eba si ji vybojovat.<\/i>\u201c Je na v\u00e1s, abyste si vybojovali tu svou, krok za krokem, a objevili \u0161t\u011bst\u00ed, kter\u00e9 tento boj p\u0159in\u00e1\u0161\u00ed.<\/p>\n<p><b>Marcel D.<\/b><\/p>\n<div class=\"podcarou\">\n<p><a href=\"https:\/\/lemediaen442.fr\/la-dissidence-dans-un-monde-de-pensee-unique-comment-rester-libre-dans-une-societe-uniforme\/\" target=\"_blank\" rel=\"external noopener\">La dissidence dans un monde de pens\u00e9e unique: comment rester libre dans une soci\u00e9t\u00e9 uniforme?<\/a> vy\u0161el 13.5.2025 na lemediaen442.fr. P\u0159eklad <a href=\"https:\/\/zvedavec.news\/komentare\/2025\/05\/10504-disent-ve-svete-jednostranneho-mysleni-jak-zustat-svobodny-v-uniformni-spolecnosti.htm\">Zv\u011bdavec<\/a><\/p>\n<\/div>\n","protected":false},"excerpt":{"rendered":"<p>V dob\u011b, kdy v\u0161e sm\u011b\u0159uje k uniformit\u011b my\u0161len\u00ed, se odv\u00e1\u017en\u00e9 samostatn\u00e9 uva\u017eov\u00e1n\u00ed stalo formou disidence&#8230;.<\/p>\n","protected":false},"author":2,"featured_media":78758,"comment_status":"closed","ping_status":"closed","sticky":false,"template":"","format":"standard","meta":[],"categories":[7],"tags":[834,1503,851,158,276,553],"_links":{"self":[{"href":"https:\/\/www.infokuryr.cz\/n\/wp-json\/wp\/v2\/posts\/78757"}],"collection":[{"href":"https:\/\/www.infokuryr.cz\/n\/wp-json\/wp\/v2\/posts"}],"about":[{"href":"https:\/\/www.infokuryr.cz\/n\/wp-json\/wp\/v2\/types\/post"}],"author":[{"embeddable":true,"href":"https:\/\/www.infokuryr.cz\/n\/wp-json\/wp\/v2\/users\/2"}],"replies":[{"embeddable":true,"href":"https:\/\/www.infokuryr.cz\/n\/wp-json\/wp\/v2\/comments?post=78757"}],"version-history":[{"count":0,"href":"https:\/\/www.infokuryr.cz\/n\/wp-json\/wp\/v2\/posts\/78757\/revisions"}],"wp:featuredmedia":[{"embeddable":true,"href":"https:\/\/www.infokuryr.cz\/n\/wp-json\/wp\/v2\/media\/78758"}],"wp:attachment":[{"href":"https:\/\/www.infokuryr.cz\/n\/wp-json\/wp\/v2\/media?parent=78757"}],"wp:term":[{"taxonomy":"category","embeddable":true,"href":"https:\/\/www.infokuryr.cz\/n\/wp-json\/wp\/v2\/categories?post=78757"},{"taxonomy":"post_tag","embeddable":true,"href":"https:\/\/www.infokuryr.cz\/n\/wp-json\/wp\/v2\/tags?post=78757"}],"curies":[{"name":"wp","href":"https:\/\/api.w.org\/{rel}","templated":true}]}}