{"id":78737,"date":"2025-05-14T00:20:46","date_gmt":"2025-05-13T22:20:46","guid":{"rendered":"https:\/\/www.infokuryr.cz\/n\/?p=78737"},"modified":"2025-05-13T12:31:06","modified_gmt":"2025-05-13T10:31:06","slug":"ochrana-klimatu-na-ukor-obcanu-svedsko-planuje-masivni-zatez-pro-majitele-domu","status":"publish","type":"post","link":"https:\/\/www.infokuryr.cz\/n\/2025\/05\/14\/ochrana-klimatu-na-ukor-obcanu-svedsko-planuje-masivni-zatez-pro-majitele-domu\/","title":{"rendered":"\u201eOchrana klimatu\u201c na \u00fakor ob\u010dan\u016f: \u0160v\u00e9dsko pl\u00e1nuje masivn\u00ed z\u00e1t\u011b\u017e pro majitele dom\u016f"},"content":{"rendered":"<div id=\"fb-root\"><\/div>\n<p><strong><span>Pokud jde o \u00fadajnou \u201eochranu klimatu\u201c, stoupenci klimatick\u00e9ho kultu o\u010dividn\u011b neznaj\u00ed mez\u00ed. Ve \u0160v\u00e9dsku nyn\u00ed majitel\u016fm dom\u016f hroz\u00ed probl\u00e9my. Jak dlouho bude trvat, ne\u017e s takov\u00fdmi n\u00e1pady p\u0159ijdou i tady klimati\u010dt\u00ed fanatici?<\/span><\/strong><\/p>\n<p><span>\u0160v\u00e9dsk\u00e1 vl\u00e1da p\u0159ipravuje drz\u00fd \u00fatok na majetek sv\u00fdch ob\u010dan\u016f.\u00a0<\/span><a href=\"https:\/\/www.aftonbladet.se\/nyheter\/a\/pPe8zV\/husagare-kan-tvingas-betala-for-klimatatgarder\"><span>Podle zpr\u00e1v \u0161v\u00e9dsk\u00fdch m\u00e9di\u00ed<\/span><\/a><span>\u00a0nov\u00e1 studie po\u017eaduje, aby\u00a0n\u00e1klady na tzv. opat\u0159en\u00ed na ochranu klimatu byly p\u0159\u00edmo ulo\u017eeny majitel\u016fm dom\u016f a nemovitost\u00ed. Pl\u00e1n je jednoduch\u00fd:\u00a0<\/span><strong><span>obce by m\u011bly m\u00edt pravomoc po\u017eadovat od vlastn\u00edk\u016f nemovitost\u00ed platby za financov\u00e1n\u00ed drah\u00fdch p\u0159ehrad a protipovod\u0148ov\u00fdch syst\u00e9m\u016f.<\/span><\/strong><\/p>\n<p><span>Johan Hjalmarsson, mozek stoj\u00edc\u00ed za touto studi\u00ed, navrhl liber\u00e1ln\u00edmu ministrovi Pourmokhtarimu, aby obce mohly od vlastn\u00edk\u016f vyb\u00edrat a\u017e polovinu celkov\u00fdch n\u00e1klad\u016f na takov\u00e9 projekty. \u00dadajn\u00e9 omezen\u00ed na 10 procent hodnoty nemovitosti je pr\u016fhledn\u00fd trik \u2013 finan\u010dn\u00ed d\u016fsledky budou pro mnoho rodin naprosto zni\u010duj\u00edc\u00ed.<\/span><\/p>\n<p><span>V Arvice je u\u017e jasn\u00e9, s \u010d\u00edm majitel\u00e9 dom\u016f se pot\u00fdkaj\u00ed: po v\u00fdstavb\u011b t\u0159\u00ed p\u0159ehrad za 140 milion\u016f \u0161v\u00e9dsk\u00fdch korun (12,8 milionu eur) mohli majitel\u00e9 dostat pokutu a\u017e 70 milion\u016f \u0161v\u00e9dsk\u00fdch korun. Jednotliv\u00e9 dom\u00e1cnosti by \u010delily \u00fa\u010dt\u016fm ve v\u00fd\u0161i 800 000 SEK \u2013 co\u017e je ekvivalent v\u00edce ne\u017e 73 000 EUR! Hjalmarsson dokonce p\u0159ipou\u0161t\u00ed: \u201eTo jsou \u010d\u00e1stky, kter\u00e9 mnoho dom\u00e1cnost\u00ed nem\u00e1 k dispozici.\u201c Jeho \u0159e\u0161en\u00ed? Dluh! Spl\u00e1tkov\u00e9 platby a nov\u00e9 p\u016fj\u010dky maj\u00ed za c\u00edl uvrhnout ob\u010dany do finan\u010dn\u00ed z\u00e1vislosti.<\/span><\/p>\n<p><span>Pl\u00e1novan\u00fd z\u00e1kon o st\u00e1tn\u00ed ochran\u011b pob\u0159e\u017e\u00ed je je\u0161t\u011b hroziv\u011bj\u0161\u00ed.\u00a0<\/span><strong><span>Vl\u00e1d\u011b by to dalo neomezenou pravomoc ozna\u010dovat \u201ecelost\u00e1tn\u011b d\u016fle\u017eit\u00e9\u201c pob\u0159e\u017en\u00ed oblasti a zasahovat do nich dle libosti.<\/span><\/strong><span> Je\u0161t\u011b v\u011bt\u0161\u00ed st\u00e1tn\u00ed zv\u016fle ve jm\u00e9nu dystopick\u00e9ho klimatick\u00e9ho n\u00e1bo\u017eenstv\u00ed.<\/span><\/p>\n<p><span>Ka\u017ed\u00fd, kdo si mysl\u00ed, \u017ee N\u011bmecko nebo Rakousko jsou v\u016f\u010di takov\u00fdm pl\u00e1n\u016fm imunn\u00ed, je naivn\u00ed. Tyt\u00e9\u017e globalistick\u00e9 s\u00edly p\u016fsob\u00edc\u00ed ve \u0160v\u00e9dsku u\u017e d\u00e1vno roz\u0161\u00ed\u0159ily sv\u00e9 z\u00e1b\u011bry do st\u0159edn\u00ed Evropy. Je jen ot\u00e1zkou \u010dasu, kdy n\u011bme\u010dt\u00ed a rakou\u0161t\u00ed politici budou po\u017eadovat podobn\u00e1 opat\u0159en\u00ed \u2013 v\u017edy ve jm\u00e9nu posv\u00e1tn\u00e9 ochrany klimatu. V N\u011bmecku\u00a0se ji\u017e diskutuje\u00a0<\/span><a href=\"https:\/\/report24.news\/pflichtversicherung-wegen-klima-hausbesitzern-und-mietern-droht-naechste-kostenexplosion\/\"><span>o povinn\u00e9m poji\u0161t\u011bn\u00ed budov proti \u017eiveln\u00fdm pohrom\u00e1m .<\/span><\/a><\/p>\n<p><span>Pravda je: Nejde o ochranu \u017eivotn\u00edho prost\u0159ed\u00ed, ale o kontrolu a p\u0159erozd\u011blov\u00e1n\u00ed. Elity vytv\u00e1\u0159ej\u00ed syst\u00e9m, v n\u011bm\u017e jsou majetkov\u00e1 pr\u00e1va systematicky naru\u0161ov\u00e1na, zat\u00edmco ob\u010dan\u00e9 mus\u00ed s\u00e1hnout st\u00e1le hloub\u011bji do kapsy. \u0160v\u00e9dsk\u00e9 pl\u00e1ny jsou jen za\u010d\u00e1tkem nebezpe\u010dn\u00e9ho trendu, kter\u00fd by se brzy mohl roz\u0161\u00ed\u0159it po cel\u00e9 Evrop\u011b.<\/span><\/p>\n<p><img decoding=\"async\" loading=\"lazy\" class=\"alignnone size-full wp-image-71983\" src=\"http:\/\/www.infokuryr.cz\/n\/wp-content\/uploads\/2025\/02\/aaa.jpg\" alt=\"\" width=\"89\" height=\"23\" \/><\/p>\n<p>&nbsp;<\/p>\n","protected":false},"excerpt":{"rendered":"<p>Pokud jde o \u00fadajnou \u201eochranu klimatu\u201c, stoupenci klimatick\u00e9ho kultu o\u010dividn\u011b neznaj\u00ed mez\u00ed. Ve \u0160v\u00e9dsku nyn\u00ed&#8230;<\/p>\n","protected":false},"author":2,"featured_media":78738,"comment_status":"closed","ping_status":"closed","sticky":false,"template":"","format":"standard","meta":[],"categories":[7],"tags":[4099,873,124,48],"_links":{"self":[{"href":"https:\/\/www.infokuryr.cz\/n\/wp-json\/wp\/v2\/posts\/78737"}],"collection":[{"href":"https:\/\/www.infokuryr.cz\/n\/wp-json\/wp\/v2\/posts"}],"about":[{"href":"https:\/\/www.infokuryr.cz\/n\/wp-json\/wp\/v2\/types\/post"}],"author":[{"embeddable":true,"href":"https:\/\/www.infokuryr.cz\/n\/wp-json\/wp\/v2\/users\/2"}],"replies":[{"embeddable":true,"href":"https:\/\/www.infokuryr.cz\/n\/wp-json\/wp\/v2\/comments?post=78737"}],"version-history":[{"count":0,"href":"https:\/\/www.infokuryr.cz\/n\/wp-json\/wp\/v2\/posts\/78737\/revisions"}],"wp:featuredmedia":[{"embeddable":true,"href":"https:\/\/www.infokuryr.cz\/n\/wp-json\/wp\/v2\/media\/78738"}],"wp:attachment":[{"href":"https:\/\/www.infokuryr.cz\/n\/wp-json\/wp\/v2\/media?parent=78737"}],"wp:term":[{"taxonomy":"category","embeddable":true,"href":"https:\/\/www.infokuryr.cz\/n\/wp-json\/wp\/v2\/categories?post=78737"},{"taxonomy":"post_tag","embeddable":true,"href":"https:\/\/www.infokuryr.cz\/n\/wp-json\/wp\/v2\/tags?post=78737"}],"curies":[{"name":"wp","href":"https:\/\/api.w.org\/{rel}","templated":true}]}}