{"id":78735,"date":"2025-05-14T00:18:11","date_gmt":"2025-05-13T22:18:11","guid":{"rendered":"https:\/\/www.infokuryr.cz\/n\/?p=78735"},"modified":"2025-05-13T13:16:23","modified_gmt":"2025-05-13T11:16:23","slug":"peter-haisenko-proc-roste-odpor-vuci-zidum","status":"publish","type":"post","link":"https:\/\/www.infokuryr.cz\/n\/2025\/05\/14\/peter-haisenko-proc-roste-odpor-vuci-zidum\/","title":{"rendered":"Peter Haisenko: Pro\u010d roste odpor v\u016f\u010di \u017did\u016fm?"},"content":{"rendered":"<div id=\"fb-root\"><\/div>\n<div class=\"csc-textpic-text\">\n<p class=\"bodytext\">Kdy\u017e si etnick\u00e1 men\u0161ina u\u017e\u00edv\u00e1 zvl\u00e1\u0161tn\u00edch pr\u00e1v a po\u017eaduje je, vytv\u00e1\u0159\u00ed to konflikt. Pokud se toto nesm\u00ed kritizovat, podporuje to podprahovou z\u00e1\u0161\u0165. Nen\u00ed p\u0159ijateln\u00e9, \u017ee se \u010dlov\u011bk mus\u00ed pod\u0159\u00eddit. T\u00edm se v kotli vytvo\u0159\u00ed tlak, kter\u00fd v ur\u010dit\u00e9m okam\u017eiku ji\u017e nelze udr\u017eet.<\/p>\n<p class=\"bodytext\"><img decoding=\"async\" loading=\"lazy\" class=\"aligncenter\" src=\"https:\/\/i0.wp.com\/www.anderweltonline.com\/fileadmin\/_processed_\/d\/4\/csm_Khasaren_5a65199352.png?fit=500%2C446&amp;ssl=1\" width=\"608\" height=\"542\" \/><\/p>\n<p class=\"bodytext\">Spou\u0161t\u011b\u010dem pro n\u00e1sleduj\u00edc\u00ed pozorov\u00e1n\u00ed je tato report\u00e1\u017e na NTV:<br \/>\n<a href=\"https:\/\/www.n-tv.de\/panorama\/Deutsche-stehen-Israel-zunehmend-kritisch-gegenueber-article25758174.html\" target=\"_blank\" rel=\"noopener\">https:\/\/www.n-tv.de\/panorama\/Deutsche-stehen-Israel-zunehmend-kritisch-gegenueber-article25758174.html<\/a><\/p>\n<p class=\"bodytext\">V z\u00e1padn\u00edm sv\u011bt\u011b se \u017did\u00e9 t\u011b\u0161\u00ed zvl\u00e1\u0161tn\u00edmu postaven\u00ed. Jejich kritika je obecn\u011b ozna\u010dov\u00e1na za antisemitismus. V tom spo\u010d\u00edv\u00e1 prvn\u00ed z\u00e1sadn\u00ed chyba. V\u00edce ne\u017e 80 procent t\u011bch, kte\u0159\u00ed se naz\u00fdvaj\u00ed \u017didy, nejsou Semit\u00e9, nejsou arabsk\u00e9ho p\u016fvodu. Jsou to Chaza\u0159i, jejich\u017e p\u016fvodn\u00ed domovina le\u017e\u00ed na jihov\u00fdchod\u011b Ukrajiny. Jsou to lid\u00e9 \u017eidovsk\u00e9 v\u00edry, kterou p\u0159ijali jako lidov\u00e9 n\u00e1bo\u017eenstv\u00ed p\u0159ed 1000 lety. V t\u00e9 dob\u011b byli Chaza\u0159i v\u00e1le\u010dn\u00fdm n\u00e1rodem, kter\u00fd t\u00e9m\u011b\u0159 neust\u00e1le v\u00e1l\u010dil se sv\u00fdmi sousedy. Kdy\u017e Varjagov\u00e9, ran\u00ed p\u0159edkov\u00e9 Rus\u016f, porazili tyto Chazary, necht\u011bli \u017e\u00edt pod jejich vl\u00e1dou a migrovali na z\u00e1pad, pozd\u011bji do Ameriky a Palestiny. Odnesli si s sebou nen\u00e1vist k Varjag\u016fm a Rus\u016fm. Zelenskyj je chazarsk\u00e9ho p\u016fvodu.<\/p>\n<p class=\"bodytext\">Je \u0161\u00edlen\u00e9 naz\u00fdvat Araby antisemity, kdy\u017e kritizuj\u00ed \u017didy. Arabov\u00e9 jsou Semit\u00e9, v\u011bt\u0161ina \u017did\u016f ne. Antisemitismus je bojov\u00fd pok\u0159ik, jeho\u017e c\u00edlem je stigmatizovat jakoukoli kritiku \u017did\u016f, a to je kontraproduktivn\u00ed. Mus\u00ed to vyvolat nevoli, pokud se vybran\u00e1 etnick\u00e1 skupina nesm\u00ed kritizovat. Nez\u00e1le\u017e\u00ed na tom, zda je kritika opr\u00e1vn\u011bn\u00e1. V otev\u0159en\u00e9 demokratick\u00e9 spole\u010dnosti mus\u00ed b\u00fdt kritika v\u0161eho a v\u0161ech povolena, pokud nen\u00ed hrub\u011b ur\u00e1\u017eliv\u00e1. Pokud to nen\u00ed povoleno, vede to k tajn\u00e9mu vytv\u00e1\u0159en\u00ed hrub\u011b ur\u00e1\u017eliv\u00fdch formulac\u00ed. \u010clov\u011bk by se m\u011bl tak\u00e9 zamyslet nad \u010dasto z\u00e1hadn\u00fdmi vtipy, kter\u00e9 byly a jsou ve v\u0161ech diktatur\u00e1ch ventilem nespokojenosti, proto\u017ee nenech\u00e1vaj\u00ed prostor pro kritiku. Ka\u017ed\u00fd, kdo zakazuje otev\u0159enou kritiku, v\u00ed, \u017ee si kritiku i s\u00e1m zaslou\u017e\u00ed. Jen si vzpome\u0148te na Hitlera nebo jak\u00e9hokoli komunistick\u00e9ho dikt\u00e1tora.<\/p>\n<h3 class=\"bodytext\"><strong>Jsem \u017did a m\u00e1m st\u00e1l\u00e9 zam\u011bstn\u00e1n\u00ed<\/strong><\/h3>\n<p class=\"bodytext\">Ve Spolkov\u00e9 republice N\u011bmecko je \u201eklub antisemitismu\u201c obl\u00edben\u00fdm prost\u0159edkem k uml\u010den\u00ed i legitimn\u00ed kritiky. I s hrozbou trestu. To je nehodn\u00e9 svobodn\u00e9 demokracie. Stejn\u011b ned\u016fstojn\u00e9 je, kdy\u017e se zatajuj\u00ed informace o preferenc\u00edch dan\u00fdch ur\u010dit\u00e9 etnick\u00e9 skupin\u011b. Dovolte mi uv\u00e9st p\u0159\u00edklad. V roce 2014, b\u011bhem m\u00e9 anal\u00fdzy sest\u0159elen\u00ed letu MH17, m\u011b nav\u0161t\u00edvil t\u00fdm z Bavorsk\u00e9ho vys\u00edl\u00e1n\u00ed. Bylo to o tomto \u010dl\u00e1nku:<br \/>\n<a href=\"https:\/\/www.anderweltonline.com\/wissenschaft-und-technik\/luftfahrt-2015\/schockierende-analyse-zum-abschuss-der-malaysian-mh-17\/\" target=\"_blank\" rel=\"noopener\">https:\/\/www.anderweltonline.com\/wissenschaft-und-technik\/luftfahrt-2015\/schockierende-analyse-zum-abschuss-der-malaysian-mh-17\/<\/a><br \/>\nV m\u00e9m byt\u011b byli t\u0159i zam\u011bstnanci, kter\u00fdm bylo n\u011bco p\u0159es t\u0159icet. Ze zv\u011bdavosti jsem se mana\u017eerky zeptal, jestli je na voln\u00e9 noze, nebo m\u00e1 trval\u00fd zam\u011bstnanec. Mana\u017eerova odpov\u011b\u010f zn\u011bla: \u201eJsem \u017did! Samoz\u0159ejm\u011b, \u017ee m\u00e1m st\u00e1l\u00e9 m\u00edsto.\u201c Jejich spole\u010dn\u00edky byli \u201esvobodn\u00ed mu\u017ei\u201c. Kl\u00ed\u010dov\u00fd rozd\u00edl spo\u010d\u00edv\u00e1 v tom, \u017ee trvale zam\u011bstnan\u00e1 \u017eidovsk\u00e1 \u017eena m\u00e1 n\u00e1rok na firemn\u00ed d\u016fchod z BR, zat\u00edmco \u201etrvale zam\u011bstnan\u00e9 osoby na voln\u00e9 noze\u201c nikoli. Je divu, \u017ee existuje tajn\u00e1 z\u00e1\u0161\u0165?<br \/>\n<strong>Pozn\u00e1mka:<\/strong>\u00a0Z t\u00e9to n\u00e1v\u0161t\u011bvy jsem se tak\u00e9 dozv\u011bd\u011bl, \u017ee v\u011bt\u0161ina redaktor\u016f BR zast\u00e1vala n\u00e1zor, \u017ee moje verze sest\u0159elen\u00ed letu MH17 je nejpravd\u011bpodobn\u011bj\u0161\u00ed, ale nesm\u011bli to ve\u0159ejn\u011b \u0159\u00edct.<\/p>\n<h3 class=\"bodytext\"><strong>Zvl\u00e1\u0161tn\u00ed pr\u00e1va \u017did\u016f ve Spolkov\u00e9 republice N\u011bmecko<\/strong><\/h3>\n<p class=\"bodytext\">Zvl\u00e1\u0161tn\u00ed pr\u00e1va \u017did\u016f ve Spolkov\u00e9 republice N\u011bmecko existovala ji\u017e v 90. letech 20. stolet\u00ed. \u017did\u016fm z v\u00fdchodn\u00ed Evropy byl jednodu\u0161e povolen vstup do zem\u011b a po dosa\u017een\u00ed d\u016fchodov\u00e9ho v\u011bku okam\u017eit\u011b obdr\u017eeli n\u011bmeck\u00e9 ob\u010danstv\u00ed a vysok\u00e9 d\u016fchody. Mimochodem, v\u011bk odchodu do d\u016fchodu, kter\u00fd platil v jejich zemi p\u016fvodu. Stejn\u011b jako se te\u010f zach\u00e1z\u00ed s Ukrajinci. Moji p\u0159\u00e1tel\u00e9 ze Lvova\/Ukrajina zu\u0159ili. Ti, kte\u0159\u00ed byli vysoce kvalifikovan\u00ed, m\u011bli velk\u00e9 pot\u00ed\u017ee i se z\u00edsk\u00e1n\u00edm povolen\u00ed k pobytu. Jedna z jej\u00edch kamar\u00e1dek tyto probl\u00e9my nem\u011bla. Je \u017didovka. A hn\u011bv z t\u00e9to situace se op\u011bt projevoval v vtipech: Sta\u010d\u00ed m\u00edt \u017eidovsk\u00e9ho psa a v\u0161echno se vy\u0159e\u0161\u00ed. Tyto mlad\u00e9 ukrajinsk\u00e9 \u017eeny si je\u0161t\u011b neosvojily antisemitsk\u00fd obu\u0161ek.<\/p>\n<p class=\"bodytext\">Ale i p\u0159ed rokem 1990 se \u017did\u00e9 ve Spolkov\u00e9 republice N\u011bmecko t\u011b\u0161ili ur\u010dit\u00e9 m\u00ed\u0159e svobody. Vzpome\u0148te si na Ignatze Bubise, b\u00fdval\u00e9ho p\u0159edsedu \u00dast\u0159edn\u00ed rady \u017did\u016f v N\u011bmecku. Nechal postavit obrovsk\u00e9 bytov\u00e9 domy ve Frankfurtu nad Mohanem-Sachsenhausenu bez \u0159\u00e1dn\u00e9ho stavebn\u00edho povolen\u00ed. Tak\u017ee se jedn\u00e1 o neleg\u00e1ln\u00ed stavby. Tyto domy stoj\u00ed dodnes a nikdo z toho Bubise neobvinil. Porovnejte \u0159\u00edzen\u00ed proti N\u011bmc\u016fm, kte\u0159\u00ed si p\u0159ed des\u00edtkami let postavili mal\u00fd d\u016fm na okraji m\u011bsta, a jeden detail se li\u0161\u00ed, nap\u0159\u00edklad stavebn\u00ed povolen\u00ed nebo jeho \u00fapln\u00e1 chyb\u011bj\u00edc\u00ed hodnota \u2013 p\u0159ed 70 lety, kdy bylo bydlen\u00ed skute\u010dn\u011b nal\u00e9hav\u011b pot\u0159eba. Tyto domy mus\u00ed b\u00fdt zbour\u00e1ny \u2013 op\u011bt po 70 letech. Jsou si v\u0161ichni p\u0159ed z\u00e1konem rovni? Rusk\u00fd \u017did Kaminer to u\u017e v\u011bd\u011bl l\u00e9pe. V jedn\u00e9 ze sv\u00fdch knih napsal: Pro \u017didy z v\u00fdchodn\u00ed Evropy byl Berl\u00edn oblast\u00ed bezpr\u00e1v\u00ed. Tak\u00e9 v\u00edm o stavebn\u00edch povolen\u00edch v Mnichov\u011b, kter\u00e1 by ne\u017eid nedostal.<\/p>\n<h3 class=\"bodytext\"><strong>N\u011bmci jsou ob\u010dan\u00e9 druh\u00e9 kategorie<\/strong><\/h3>\n<p class=\"bodytext\">Skute\u010dnost, \u017ee \u017did\u00e9 v mlad\u00e9 Spolkov\u00e9 republice N\u011bmecko byli obecn\u011b osvobozeni od placen\u00ed dan\u00ed, je zaml\u010dov\u00e1na. Ale to mi potvrdil jeden star\u00fd \u017did. D\u00e1 se tedy \u0159\u00edci, \u017ee s N\u011bmci ve Spolkov\u00e9 republice N\u011bmecko se ve srovn\u00e1n\u00ed s \u017didy zach\u00e1z\u00ed jako s ob\u010dany druh\u00e9 kategorie. Stejn\u011b jako se justice Spolkov\u00e9 republiky N\u011bmecko chov\u00e1 k migrant\u016fm u\u017e 10 let tak \u0161etrn\u011b. N\u011bkdo by si mohl myslet, \u017ee to ve skute\u010dnosti vyvol\u00e1v\u00e1 hn\u011bv ve\u0159ejnosti. Ne\u0159\u00edk\u00e1 \u00fastava, \u017ee se se v\u0161emi m\u00e1 zach\u00e1zet stejn\u011b? Ale stejn\u011b jako v komunismu, i ve Spolkov\u00e9 republice N\u011bmecko existuj\u00ed lid\u00e9, kte\u0159\u00ed jsou si prost\u011b \u201erovn\u011bj\u0161\u00ed\u201c. Kdykoli je ignorov\u00e1na z\u00e1sada rovn\u00e9ho zach\u00e1zen\u00ed, vyvol\u00e1 to p\u0159inejmen\u0161\u00edm tichou nelibost. \u017d\u00e1dn\u00fd syst\u00e9m tohle dlouho nevydr\u017e\u00ed.<\/p>\n<h3 class=\"bodytext\"><strong>M\u016f\u017ee b\u00fdt semita antisemitou?<\/strong><\/h3>\n<p class=\"bodytext\">Ale zp\u011bt k v\u00e1le\u010dnick\u00fdm Chazar\u016fm. Neust\u00e1le v\u00e1l\u010dili se sv\u00fdmi sousedy. Stejn\u011b jako chazarsk\u00fd st\u00e1t Izrael \u017eije od sv\u00e9ho zalo\u017een\u00ed v neust\u00e1l\u00e9m konfliktu se sv\u00fdmi sousedy. U\u017e jen neust\u00e1l\u00e9 zab\u00edr\u00e1n\u00ed p\u016fdy Palestinc\u016fm mluv\u00ed za v\u0161e, mimo jin\u00e9 i proto, \u017ee se vysm\u00edv\u00e1 v\u0161em rezoluc\u00edm OSN. Ka\u017ed\u00fd, kdo toto kritizuje, je zdiskreditov\u00e1n jako antisemita. Nyn\u00ed se v\u0161ak cel\u00fd sv\u011bt mus\u00ed d\u00edvat, jak Izrael bombarduje palestinsk\u00e9 domy v Gaze a nech\u00e1v\u00e1 lidi um\u00edrat hlady. Zat\u00edmco organizace OSN ji\u017e bij\u00ed na poplach a Netanjahua hled\u00e1 soud v Haagu, vl\u00e1da Spolkov\u00e9 republiky N\u011bmecko st\u00e1le pevn\u011b stoj\u00ed na stran\u011b Izraele. Ka\u017ed\u00fd, kdo to kritizuje, je antisemita. Tohle se d\u00e1 nazvat jedin\u011b zvr\u00e1cenost\u00ed. Chazarsk\u00fd st\u00e1t Izrael vra\u017ed\u00ed semitsk\u00e9 Palestince a ka\u017ed\u00fd, kdo to kritizuje, je antisemita? Ve skute\u010dnosti je to naopak. Ti, kdo napom\u00ednaj\u00ed chazarsk\u00e9 nesemity, aby se k semitsk\u00fdm Palestinc\u016fm chovali slu\u0161n\u011b, tak \u010din\u00ed proto, aby Semity p\u0159ed nesemity chr\u00e1nili. Je \u201eprosemita\u201c.<\/p>\n<p class=\"bodytext\">Mo\u017en\u00e1 byste to nazvali hloupost\u00ed, ale George Orwell u\u017e popsal, jak se moc uplat\u0148uje skrze zkreslov\u00e1n\u00ed jazyka. A pravidlo zn\u00ed: Pokud v\u00e1m nen\u00ed dovoleno n\u011bkoho kritizovat, uplat\u0148uje nad v\u00e1mi (neopr\u00e1vn\u011bnou) moc. Koho nelze ve Spolkov\u00e9 republice N\u011bmecko kritizovat beztrestn\u011b? Zelen\u00ed minist\u0159i, v\u00e1le\u010dn\u00ed \u0161tv\u00e1\u010di a \u017did\u00e9. Nav\u00edc je tu tolik vychvalovan\u00e1 \u201ekultura vzpom\u00ednky\u201c. Tohle nen\u00ed kultura, tohle je zn\u00e1siln\u011bn\u00ed pam\u011bti. Zejm\u00e9na v posledn\u00edch letech jsme neust\u00e1le zaplavov\u00e1ni dokumenty ve ve\u0159ejnopr\u00e1vn\u00ed televizi o Hitlerovi a hrozn\u00fdch \u010dinech v\u0161ech N\u011bmc\u016f. \u201eU\u017e nikdy\u201c a \u201ezastavit to v z\u00e1rodku\u201c je kr\u00e9do. Ale p\u0159esn\u011b v tom spo\u010d\u00edv\u00e1 probl\u00e9m. Nezapom\u00ednejme: Hitler\u016fv n\u00e1stup k moci za\u010dal z\u00e1kazem SPD v roce 1933. Co v\u00e1s napadne, kdy\u017e m\u00e1 b\u00fdt zak\u00e1z\u00e1na AfD?<\/p>\n<h3 class=\"bodytext\"><strong>Co bychom m\u011bli d\u011blat d\u00e1l?<\/strong><\/h3>\n<p class=\"bodytext\">Jak tedy lze p\u0159ekonat \u201eantisemitismus\u201c? Vid\u00edm to docela jednodu\u0161e, ale to je jist\u011b op\u011bt pravicov\u00fd radik\u00e1l. Zach\u00e1zejte se \u017didy jako se v\u0161emi ostatn\u00edmi, nejen v N\u011bmecku. \u017d\u00e1dn\u00e9 zvl\u00e1\u0161tn\u00ed postaven\u00ed a \u017e\u00e1dn\u00e9 preferen\u010dn\u00ed zach\u00e1zen\u00ed. \u017d\u00e1dn\u00e9 v\u00fdjime\u010dn\u011b p\u0159\u00edsn\u00e9 tresty, pokud jde o zlo\u010diny proti \u017did\u016fm nebo \u017eidovsk\u00fdm instituc\u00edm. Ukon\u010dete ten otravn\u00fd kult viny, proto\u017ee nikdo \u017eij\u00edc\u00ed v N\u011bmecku na n\u011bm nem\u011bl sebemen\u0161\u00ed pod\u00edl. V demokraci\u00edch neexistuje d\u011bdi\u010dn\u00e1 vina. Po\u017eaduji prost\u011b rovn\u00e9 zach\u00e1zen\u00ed se v\u0161emi, jak p\u0159edepisuje Z\u00e1kladn\u00ed z\u00e1kon. A samoz\u0159ejm\u011b respekt ke svobod\u011b projevu, kter\u00e1 je tak\u00e9 zakotvena v Z\u00e1kladn\u00edm z\u00e1kon\u011b jako platn\u00e9 pr\u00e1vo. P\u0159esta\u0148te neust\u00e1le pomlouvat N\u011bmce a uct\u00edvejte ty, kte\u0159\u00ed bombardovali, dobyli, okupovali a okradli N\u011bmecko.<\/p>\n<p class=\"bodytext\"><strong>Z\u00e1v\u011bre\u010dn\u00e1 v\u011bta:<\/strong>\u00a0Ne\u017e m\u011b n\u011bkdo nazve antisemitou, doporu\u010duji si nejprve\u00a0p\u0159e\u010d\u00edst mou knihu\u00a0<strong>\u201eAnglie, N\u011bmci, \u017did\u00e9 a 20. stolet\u00ed\u201c<\/strong>\u00a0. To mu u\u0161et\u0159\u00ed trapnou omluvu. Objednejte si sv\u016fj v\u00fdtisk\u00a0<strong><a href=\"https:\/\/anderweltverlag.com\/p\/england-die-deutschen-die-juden-und-das-20-jahrhundert\" target=\"_blank\" rel=\"noopener\">p\u0159\u00edmo od vydavatele zde<\/a>\u00a0<\/strong>nebo si jej zakupte ve va\u0161em m\u00edstn\u00edm knihkupectv\u00ed. Tuto knihu si ji\u017e zakoupilo v\u00edce ne\u017e 15 000 \u010dten\u00e1\u0159\u016f. Na tohle nejsou \u017e\u00e1dn\u00e9 negativn\u00ed recenze. D\u00edlo je jednodu\u0161e utajov\u00e1no, proto\u017ee nen\u00ed zraniteln\u00e9.<\/p>\n<p class=\"bodytext\">Pro\u010d nos\u00ed \u0161\u00e9f Spolkov\u00e9ho \u00fa\u0159adu pro ochranu \u00fastavy Haldenwang kravatu s Davidovou hv\u011bzdou?<\/p>\n<\/div>\n<div class=\"csc-textpic-imagewrap\" data-csc-images=\"2\" data-csc-cols=\"2\">\n<div class=\"csc-textpic-imagerow csc-textpic-imagerow-last\">\n<div class=\"csc-textpic-imagecolumn csc-textpic-firstcol\">\n<figure class=\"csc-textpic-image csc-textpic-last\"><img decoding=\"async\" loading=\"lazy\" class=\"aligncenter\" src=\"https:\/\/www.anderweltonline.com\/fileadmin\/_processed_\/4\/f\/csm_Haldenwang_2aa0f01212.jpg\" alt=\"\" width=\"399\" height=\"300\" \/><\/figure>\n<p><a href=\"https:\/\/www.anderweltonline.com\/klartext\/klartext-20251\/warum-gibt-es-vermehrt-ressentiments-gegenueber-juden\/\">Peter Haisenko<\/a><\/p>\n<p>&nbsp;<\/p>\n<\/div>\n<\/div>\n<\/div>\n","protected":false},"excerpt":{"rendered":"<p>Kdy\u017e si etnick\u00e1 men\u0161ina u\u017e\u00edv\u00e1 zvl\u00e1\u0161tn\u00edch pr\u00e1v a po\u017eaduje je, vytv\u00e1\u0159\u00ed to konflikt. Pokud se&#8230;<\/p>\n","protected":false},"author":2,"featured_media":38885,"comment_status":"closed","ping_status":"closed","sticky":false,"template":"","format":"standard","meta":[],"categories":[7],"tags":[1042,217,429,92],"_links":{"self":[{"href":"https:\/\/www.infokuryr.cz\/n\/wp-json\/wp\/v2\/posts\/78735"}],"collection":[{"href":"https:\/\/www.infokuryr.cz\/n\/wp-json\/wp\/v2\/posts"}],"about":[{"href":"https:\/\/www.infokuryr.cz\/n\/wp-json\/wp\/v2\/types\/post"}],"author":[{"embeddable":true,"href":"https:\/\/www.infokuryr.cz\/n\/wp-json\/wp\/v2\/users\/2"}],"replies":[{"embeddable":true,"href":"https:\/\/www.infokuryr.cz\/n\/wp-json\/wp\/v2\/comments?post=78735"}],"version-history":[{"count":1,"href":"https:\/\/www.infokuryr.cz\/n\/wp-json\/wp\/v2\/posts\/78735\/revisions"}],"predecessor-version":[{"id":78736,"href":"https:\/\/www.infokuryr.cz\/n\/wp-json\/wp\/v2\/posts\/78735\/revisions\/78736"}],"wp:featuredmedia":[{"embeddable":true,"href":"https:\/\/www.infokuryr.cz\/n\/wp-json\/wp\/v2\/media\/38885"}],"wp:attachment":[{"href":"https:\/\/www.infokuryr.cz\/n\/wp-json\/wp\/v2\/media?parent=78735"}],"wp:term":[{"taxonomy":"category","embeddable":true,"href":"https:\/\/www.infokuryr.cz\/n\/wp-json\/wp\/v2\/categories?post=78735"},{"taxonomy":"post_tag","embeddable":true,"href":"https:\/\/www.infokuryr.cz\/n\/wp-json\/wp\/v2\/tags?post=78735"}],"curies":[{"name":"wp","href":"https:\/\/api.w.org\/{rel}","templated":true}]}}