{"id":78731,"date":"2025-05-14T00:17:40","date_gmt":"2025-05-13T22:17:40","guid":{"rendered":"https:\/\/www.infokuryr.cz\/n\/?p=78731"},"modified":"2025-05-13T12:17:28","modified_gmt":"2025-05-13T10:17:28","slug":"nemecka-vlada-chce-za-kazdou-cenu-zabranit-fullmichovu-navratu-do-verejneho-zivota-proces-ktery-dalece-presahuje-hranice-zakona","status":"publish","type":"post","link":"https:\/\/www.infokuryr.cz\/n\/2025\/05\/14\/nemecka-vlada-chce-za-kazdou-cenu-zabranit-fullmichovu-navratu-do-verejneho-zivota-proces-ktery-dalece-presahuje-hranice-zakona\/","title":{"rendered":"N\u011bmeck\u00e1 vl\u00e1da chce za ka\u017edou cenu zabr\u00e1nit F\u00fcllmichovu n\u00e1vratu do ve\u0159ejn\u00e9ho \u017eivota \u2013 proces, kter\u00fd dalece p\u0159esahuje hranice z\u00e1kona"},"content":{"rendered":"<div id=\"fb-root\"><\/div>\n<div class=\"elementor-element elementor-element-1fb4c2c elementor-widget elementor-widget-theme-post-content\" data-id=\"1fb4c2c\" data-element_type=\"widget\" data-widget_type=\"theme-post-content.default\">\n<div class=\"elementor-widget-container\">\n<p><span>Dne 24. dubna 2025 byl zn\u00e1m\u00fd n\u011bmeck\u00fd pr\u00e1vn\u00edk a spoluzakladatel Korona v\u00fdboru Reiner F\u00fcllmich odsouzen zemsk\u00fdm soudem v G\u00f6ttingenu ke t\u0159em let\u016fm a dev\u00edti m\u011bs\u00edc\u016fm v\u011bzen\u00ed. Je obvin\u011bn ze zpronev\u011bry dvou \u010d\u00e1stek v celkov\u00e9 v\u00fd\u0161i 700 000 eur. Ale co pozorovatele znepokojuje mnohem v\u00edce ne\u017e samotn\u00e1 obvin\u011bn\u00ed, jsou okolnosti procesu \u2013 a to, co nyn\u00ed n\u00e1sleduje.<\/span><\/p>\n<h3 class=\"wp-block-heading\"><span>Verdikt za sporn\u00fdch okolnost\u00ed<\/span><\/h3>\n<p><span>P\u0159esto\u017ee obhajoba m\u011bla je\u0161t\u011b \u010das na z\u00e1v\u011bre\u010dnou \u0159e\u010d a n\u00e1vrh na vylou\u010den\u00ed soudu, p\u0159edseda sen\u00e1tu Carsten Schindler p\u0159ekvapiv\u011b stanovil vynesen\u00ed rozsudku na 17:00. Kr\u00e1tce p\u0159edt\u00edm byla hlavn\u00edm m\u00e9di\u00edm rozesl\u00e1na p\u0159ipraven\u00e1 tiskov\u00e1 zpr\u00e1va \u2013 je\u0161t\u011b ne\u017e se F\u00fcllmich v\u016fbec mohl vyj\u00e1d\u0159it. N\u00e1vrh na vylou\u010den\u00ed byl sou\u010dasn\u011b zam\u00edtnut jinou komorou.<\/span><\/p>\n<p><span>Ulo\u017een\u00fd trest odn\u011bt\u00ed svobody p\u0159esn\u011b odpov\u00eddal \u017e\u00e1dosti st\u00e1tn\u00edho z\u00e1stupce. P\u0159esto\u017ee F\u00fcllmich v dob\u011b vynesen\u00ed rozsudku ji\u017e str\u00e1vil 18 m\u011bs\u00edc\u016f ve vy\u0161et\u0159ovac\u00ed vazb\u011b, soud p\u011bt z t\u011bchto m\u011bs\u00edc\u016f nezapo\u010d\u00edtal. D\u016fvod: Obhajoba odd\u00e1lila hlavn\u00ed l\u00ed\u010den\u00ed. Obzvl\u00e1\u0161t\u011b v\u00fdbu\u0161n\u00e9: Nebyly br\u00e1ny v \u00favahu m\u011bs\u00edce samovazby pod p\u0159\u00edsnou str\u00e1\u017e\u00ed, b\u011bhem nich\u017e byl F\u00fcllmich n\u011bkdy spout\u00e1n a v poutech.<\/span><\/p>\n<h3 class=\"wp-block-heading\"><span>Izolace kv\u016fli pr\u00e1vn\u00edmu poradenstv\u00ed \u2013 skand\u00e1l?<\/span><\/h3>\n<p><span>Podle pozorovatel\u016f \u00fadajn\u00e9 \u201epodn\u011bcov\u00e1n\u00ed\u201c ostatn\u00edch v\u011bz\u0148\u016f, kter\u00e9 vedlo k jejich izolaci, spo\u010d\u00edvalo pouze v tom, \u017ee F\u00fcllmich poskytoval sv\u00fdm spoluv\u011bz\u0148\u016fm pr\u00e1vn\u00ed poradenstv\u00ed a zaji\u0161\u0165oval jim pr\u00e1vn\u00edky. Z\u00e1konn\u00e1 maxim\u00e1ln\u00ed doba samovazby v N\u011bmecku \u2013 15 dn\u00ed \u2013 byla masivn\u011b p\u0159ekro\u010dena. Kritici hovo\u0159\u00ed o psychick\u00e9m mu\u010den\u00ed. B\u00fdval\u00fd zvl\u00e1\u0161tn\u00ed zpravodaj OSN Nils Melzer vyhodnotil podm\u00ednky ve v\u011bznic\u00edch jako z\u00e1va\u017en\u00e9 poru\u0161en\u00ed lidsk\u00fdch pr\u00e1v.<\/span><\/p>\n<h3 class=\"wp-block-heading\"><span>Co bude n\u00e1sledovat: T\u0159i kl\u00ed\u010dov\u00e9 ud\u00e1losti<\/span><\/h3>\n<p><strong><span>1. Prob\u00edh\u00e1 druh\u00fd proces<\/span><\/strong><span>\u00a0a F\u00fcllmich se mus\u00ed zodpov\u00eddat v dal\u0161\u00edm p\u0159\u00edpad\u011b \u2013 tentokr\u00e1t ze 16 ob\u017ealob souvisej\u00edc\u00edch s \u00fadajn\u00fdmi neleg\u00e1ln\u00edmi platbami. Obzvl\u00e1\u0161t\u011b v\u00fdbu\u0161n\u00e9 je, \u017ee tento proces bude veden stejnou komorou, kter\u00e1 ji\u017e vynesla prvn\u00ed rozsudek. Nad\u011bje na spravedliv\u00fd a nestrann\u00fd proces nad\u00e1le sl\u00e1bne.<\/span><\/p>\n<p><strong><span>2. Je mo\u017en\u00e9 podat odvol\u00e1n\u00ed nebo \u00fastavn\u00ed st\u00ed\u017enost.<\/span><\/strong><span>\u00a0Obhajoba se mohla proti rozsudku odvolat. Pokud by se to nepoda\u0159ilo, je otev\u0159en\u00e1 i cesta k \u00fastavn\u00ed st\u00ed\u017enosti. Doch\u00e1z\u00ed k masivn\u00edmu poru\u0161ov\u00e1n\u00ed z\u00e1kladn\u00edch pr\u00e1v \u2013 zejm\u00e9na pr\u00e1va na spravedliv\u00fd proces a na hum\u00e1nn\u00ed podm\u00ednky zadr\u017eov\u00e1n\u00ed.<\/span><\/p>\n<p><strong><span>3. Rostouc\u00ed mezin\u00e1rodn\u00ed pozornost.<\/span><\/strong><span>\u00a0S ka\u017ed\u00fdm nov\u00fdm odhalen\u00edm roste mezin\u00e1rodn\u00ed z\u00e1jem o tento p\u0159\u00edpad. Organizace pro lidsk\u00e1 pr\u00e1va a pr\u00e1vn\u00ed pozorovatel\u00e9 \u2013 v\u010detn\u011b t\u011bch ze zahrani\u010d\u00ed \u2013 vn\u00edmaj\u00ed \u0159\u00edzen\u00ed proti F\u00fcllmichovi jako p\u0159\u00edklad politick\u00e9 spravedlnosti v z\u00e1padn\u00edm pr\u00e1vn\u00edm st\u00e1t\u011b. Pokud N\u011bmecko na obvin\u011bn\u00ed p\u0159esv\u011bd\u010div\u011b nereaguje, riskuje ztr\u00e1tu d\u016fv\u011bryhodnosti i na diplomatick\u00e9 \u00farovni.<\/span><\/p>\n<h3 class=\"wp-block-heading\"><span>Symbol pr\u00e1vn\u00edho st\u00e1tu?<\/span><\/h3>\n<p><span>Po vynesen\u00ed rozsudku se F\u00fcllmich tv\u00e1\u0159il klidn\u011b a usm\u00edval se, kdy\u017e zvolal ke stoj\u00edc\u00edm div\u00e1k\u016fm: \u201eJeden za v\u0161echny, v\u0161ichni za jednoho!\u201c Pro mnoh\u00e9 je tento obraz symbolem soudn\u00edho syst\u00e9mu, kter\u00fd v politick\u00e9m p\u0159\u00edpad\u011b nejedn\u00e1 nez\u00e1visle, ale sp\u00ed\u0161e represivn\u011b.<\/span><\/p>\n<div class=\"wp-block-image\" style=\"text-align: center;\">\n<figure class=\"aligncenter size-large\"><img decoding=\"async\" loading=\"lazy\" class=\"aligncenter\" src=\"https:\/\/i0.wp.com\/pinchofsoot.nl\/wp-content\/uploads\/2025\/05\/Screenshot-2025-05-03-at-17.08.59-300x416.png?resize=300%2C416&amp;ssl=1\" alt=\"\" width=\"433\" height=\"600\" data-recalc-dims=\"1\" \/><figcaption class=\"wp-element-caption\"><em>Zdroj:\u00a0<a href=\"https:\/\/pinchofsoot.nl\/straf-reiner-fuellmich-is-even-hard-en-disproportioneel-als-zijn-voorarrest\/\" target=\"_blank\" rel=\"noreferrer noopener\" data-type=\"link\" data-id=\"https:\/\/pinchofsoot.nl\/straf-reiner-fuellmich-is-even-hard-en-disproportioneel-als-zijn-voorarrest\/\">pinchofsoot.nl<\/a><\/em><\/figcaption><\/figure>\n<\/div>\n<p><span>Vzhledem k druh\u00e9mu soudn\u00edmu \u0159\u00edzen\u00ed p\u0159ed stejn\u00fdm sen\u00e1tem, senza\u010dn\u00ed izolaci a \u010d\u00e1ste\u010dn\u00e9mu odm\u00edtnut\u00ed zapo\u010d\u00edt\u00e1n\u00ed doby odn\u011bt\u00ed svobody se st\u00e1le \u010dast\u011bji vyn\u00e1\u0161\u00ed ot\u00e1zka: Je to st\u00e1le ot\u00e1zka pr\u00e1va \u2013 nebo se to u\u017e d\u00e1vno stalo ot\u00e1zkou politick\u00e9ho odstra\u0161ov\u00e1n\u00ed?<\/span><\/p>\n<p><span>P\u0159\u00edpad F\u00fcllmich by se mohl st\u00e1t testovac\u00edm p\u0159\u00edpadem pro stav n\u011bmeck\u00e9ho pr\u00e1vn\u00edho st\u00e1tu \u2013 a vyvolat pozornost a kritiku daleko za jeho hranicemi.<\/span><\/p>\n<\/div>\n<\/div>\n<div class=\"elementor-element elementor-element-8c57238 quelle dc-has-condition dc-condition-empty elementor-widget elementor-widget-heading\" data-id=\"8c57238\" data-element_type=\"widget\" data-widget_type=\"heading.default\">\n<div class=\"elementor-widget-container\">\n<h3 class=\"elementor-heading-title elementor-size-default\"><span style=\"font-size: 10pt;\"><a href=\"https:\/\/pinchofsoot.nl\/straf-reiner-fuellmich-is-even-hard-en-disproportioneel-als-zijn-voorarrest\/\" target=\"_blank\" rel=\"nofollow noopener\">Zdroj<\/a><\/span><\/h3>\n<p>&nbsp;<\/p>\n<\/div>\n<\/div>\n","protected":false},"excerpt":{"rendered":"<p>Dne 24. dubna 2025 byl zn\u00e1m\u00fd n\u011bmeck\u00fd pr\u00e1vn\u00edk a spoluzakladatel Korona v\u00fdboru Reiner F\u00fcllmich odsouzen&#8230;<\/p>\n","protected":false},"author":2,"featured_media":78732,"comment_status":"closed","ping_status":"closed","sticky":false,"template":"","format":"standard","meta":[],"categories":[7],"tags":[9118,8989,84,1288,99],"_links":{"self":[{"href":"https:\/\/www.infokuryr.cz\/n\/wp-json\/wp\/v2\/posts\/78731"}],"collection":[{"href":"https:\/\/www.infokuryr.cz\/n\/wp-json\/wp\/v2\/posts"}],"about":[{"href":"https:\/\/www.infokuryr.cz\/n\/wp-json\/wp\/v2\/types\/post"}],"author":[{"embeddable":true,"href":"https:\/\/www.infokuryr.cz\/n\/wp-json\/wp\/v2\/users\/2"}],"replies":[{"embeddable":true,"href":"https:\/\/www.infokuryr.cz\/n\/wp-json\/wp\/v2\/comments?post=78731"}],"version-history":[{"count":0,"href":"https:\/\/www.infokuryr.cz\/n\/wp-json\/wp\/v2\/posts\/78731\/revisions"}],"wp:featuredmedia":[{"embeddable":true,"href":"https:\/\/www.infokuryr.cz\/n\/wp-json\/wp\/v2\/media\/78732"}],"wp:attachment":[{"href":"https:\/\/www.infokuryr.cz\/n\/wp-json\/wp\/v2\/media?parent=78731"}],"wp:term":[{"taxonomy":"category","embeddable":true,"href":"https:\/\/www.infokuryr.cz\/n\/wp-json\/wp\/v2\/categories?post=78731"},{"taxonomy":"post_tag","embeddable":true,"href":"https:\/\/www.infokuryr.cz\/n\/wp-json\/wp\/v2\/tags?post=78731"}],"curies":[{"name":"wp","href":"https:\/\/api.w.org\/{rel}","templated":true}]}}