{"id":78723,"date":"2025-05-14T00:13:26","date_gmt":"2025-05-13T22:13:26","guid":{"rendered":"https:\/\/www.infokuryr.cz\/n\/?p=78723"},"modified":"2025-05-13T12:05:14","modified_gmt":"2025-05-13T10:05:14","slug":"digitalni-diktatura-na-ceste-g20-a-globalni-generalni-plan-pro-totalni-kontrolu","status":"publish","type":"post","link":"https:\/\/www.infokuryr.cz\/n\/2025\/05\/14\/digitalni-diktatura-na-ceste-g20-a-globalni-generalni-plan-pro-totalni-kontrolu\/","title":{"rendered":"Digit\u00e1ln\u00ed diktatura na cest\u011b: G20 a glob\u00e1ln\u00ed gener\u00e1ln\u00ed pl\u00e1n pro tot\u00e1ln\u00ed kontrolu"},"content":{"rendered":"<div id=\"fb-root\"><\/div>\n<h4><strong><em>Od infrastruktury k dohledu \u2013 jak se pod rou\u0161kou \u201edigit\u00e1ln\u00ed inkluze\u201c vytv\u00e1\u0159\u00ed glob\u00e1ln\u00ed kontroln\u00ed s\u00ed\u0165<\/em><\/strong><\/h4>\n<p><span>Zat\u00edmco ve\u0159ejnost a m\u00e9dia jsou zanepr\u00e1zdn\u011bny v\u00e1lkami, klimatick\u00fdmi diskusemi a um\u011blou inteligenc\u00ed,\u00a0<\/span><a href=\"https:\/\/sociable.co\/government-and-policy\/g20-south-africa-digital-public-infrastructure\/\" data-type=\"link\" data-id=\"https:\/\/sociable.co\/government-and-policy\/g20-south-africa-digital-public-infrastructure\/\"><span>G20<\/span><\/a><span>\u00a0\u2013 za sou\u010dasn\u00e9ho p\u0159edsednictv\u00ed Jihoafrick\u00e9 republiky \u2013 p\u0159ipravuje v pozad\u00ed pravd\u011bpodobn\u011b nejv\u00fdznamn\u011bj\u0161\u00ed restrukturalizaci na\u0161ich spole\u010dnost\u00ed: glob\u00e1ln\u00ed expanzi tzv.\u00a0<\/span><strong><span>digit\u00e1ln\u00ed ve\u0159ejn\u00e9 infrastruktury (DPI)<\/span><\/strong><span>\u00a0.<\/span><\/p>\n<p><span>To, co se v ofici\u00e1ln\u00edch dokumentech a\u00a0<\/span><a href=\"https:\/\/g20.org\/g20-media\/minister-solly-malatsi-during-the-opening-ceremony-of-the-second-g20-meeting-of-the-digital-economy-working-group\/\" target=\"_blank\" rel=\"noreferrer noopener\" data-type=\"link\" data-id=\"https:\/\/g20.org\/g20-media\/minister-solly-malatsi-during-the-opening-ceremony-of-the-second-g20-meeting-of-the-digital-economy-working-group\/\"><span>projevech<\/span><\/a><span>\u00a0prod\u00e1v\u00e1 jako \u201einkluze\u201c, \u201einovace\u201c a \u201eetick\u00e1 um\u011bl\u00e1 inteligence\u201c, se p\u0159i bli\u017e\u0161\u00edm zkoum\u00e1n\u00ed uk\u00e1\u017ee jako\u00a0<\/span><strong><span>z\u00e1klad celoplanet\u00e1rn\u00edho syst\u00e9mu dohledu, kontroly a cenzury,<\/span><\/strong><span>\u00a0v n\u011bm\u017e je ka\u017ed\u00fd \u010dlov\u011bk digit\u00e1ln\u011b zaznamen\u00e1n, ekonomicky kontrolovateln\u00fd a v p\u0159\u00edpad\u011b pot\u0159eby politicky deaktivov\u00e1n.<\/span><\/p>\n<h3 class=\"wp-block-heading\"><span>Co je DPI \u2013 a pro\u010d bychom m\u011bli b\u00fdt znepokojeni?<\/span><\/h3>\n<p><span>Digit\u00e1ln\u00ed ve\u0159ejn\u00e1 infrastruktura se skl\u00e1d\u00e1 ze t\u0159\u00ed \u00fast\u0159edn\u00edch prvk\u016f:<\/span><\/p>\n<ol>\n<li><strong><span>Digit\u00e1ln\u00ed identita<\/span><\/strong><\/li>\n<li><strong><span>Programovan\u00e9 platebn\u00ed syst\u00e9my (nap\u0159. CBDC)<\/span><\/strong><\/li>\n<li><strong><span>Masivn\u00ed v\u00fdm\u011bna dat mezi vl\u00e1dami a korporacemi<\/span><\/strong><\/li>\n<\/ol>\n<p><span>Podle G20 by tato infrastruktura m\u011bla b\u00fdt zp\u0159\u00edstupn\u011bna v\u0161em lidem na planet\u011b \u2013 pot\u00e9, co jim bude poskytnuta\u00a0<\/span><strong><span>elekt\u0159ina<\/span><\/strong><span>\u00a0a\u00a0<\/span><strong><span>internet<\/span><\/strong><span>\u00a0. Co zn\u00ed jako pomoc rozvojov\u00fdm zem\u00edm, je ve skute\u010dnosti vytvo\u0159en\u00ed technick\u00e9 s\u00edt\u011b, v n\u00ed\u017e\u00a0<\/span><strong><span>nikdo nen\u00ed mimo syst\u00e9m<\/span><\/strong><span>\u00a0.<\/span><\/p>\n<h3 class=\"wp-block-heading\"><span>Iluze \u00fa\u010dasti \u2013 cenou je svoboda<\/span><\/h3>\n<p><span>Jihoafrick\u00fd ministr Solly Malatsi hrd\u011b prohla\u0161uje, \u017ee c\u00edlem DPI je \u201ep\u0159eklenout digit\u00e1ln\u00ed propast\u201c. Prvn\u00ed krok: p\u0159ipojen\u00ed v\u0161ech k elekt\u0159in\u011b a internetu. Druh\u00e1:\u00a0<\/span><strong><span>povinn\u00e9 digit\u00e1ln\u00ed identifika\u010dn\u00ed \u010d\u00edslo<\/span><\/strong><span>\u00a0\u2013 z\u00e1klad pro ka\u017edou transakci v nov\u00e9m syst\u00e9mu. T\u0159et\u00ed:\u00a0<\/span><strong><span>propojen\u00ed s programovateln\u00fdmi m\u011bnov\u00fdmi syst\u00e9my<\/span><\/strong><span>\u00a0.<\/span><\/p>\n<p><span>Nen\u00ed zm\u00edn\u011bno, \u017ee kdokoli, kdo ztrat\u00ed sv\u016fj digit\u00e1ln\u00ed identifika\u010dn\u00ed \u00fadaj \u2013 kv\u016fli blokov\u00e1n\u00ed ze strany vl\u00e1dy, politick\u00fdm repres\u00edm nebo technick\u00e9 poru\u0161e \u2013\u00a0<\/span><strong><span>ztrat\u00ed ve\u0161ker\u00fd p\u0159\u00edstup k pen\u011bz\u016fm, slu\u017eb\u00e1m, cestov\u00e1n\u00ed a svobod\u011b projevu<\/span><\/strong><span>\u00a0.<\/span><\/p>\n<h3 class=\"wp-block-heading\"><span>Kritika = Dezinformace = Vylou\u010den\u00ed<\/span><\/h3>\n<p><span>Soub\u011b\u017en\u011b s iniciativou DPI se\u00a0spou\u0161t\u00ed\u00a0<\/span><strong><span>\u201eGlob\u00e1ln\u00ed iniciativa pro integritu informac\u00ed o zm\u011bn\u011b klimatu\u201c<\/span><\/strong><span>\u00a0. C\u00edl: \u201eBojovat proti dezinformac\u00edm\u201c, kter\u00e9 \u00fadajn\u011b br\u00e1n\u00ed opat\u0159en\u00edm na z\u00e1chranu planety.<\/span><\/p>\n<p><span>Konkr\u00e9tn\u011b to znamen\u00e1, \u017ee\u00a0<\/span><strong><span>narativy, kter\u00e9 nejsou v souladu s agendou OSN, G20 nebo Sv\u011btov\u00e9 banky, by m\u011bly b\u00fdt algoritmicky potla\u010deny nebo smaz\u00e1ny<\/span><\/strong><span>\u00a0. Dezinformace jsou nov\u00fdm m\u00f3dn\u00edm slovem pro disent \u2013 \u200b\u200bkritika syst\u00e9mu je delegitimizov\u00e1na, nikoliv diskutov\u00e1na.<\/span><\/p>\n<h3 class=\"wp-block-heading\"><span>Digit\u00e1ln\u00ed infrastruktura jako zbra\u0148<\/span><\/h3>\n<p><span>Skupina G20 otev\u0159en\u011b p\u0159izn\u00e1v\u00e1, \u017ee ve\u0161ker\u00e1 data z digit\u00e1ln\u00edch identifika\u010dn\u00edch doklad\u016f a platebn\u00edch syst\u00e9m\u016f jsou vym\u011b\u0148ov\u00e1na mezi ve\u0159ejn\u00fdmi org\u00e1ny a soukrom\u00fdmi spole\u010dnostmi. Tak vznik\u00e1\u00a0<\/span><strong><span>f\u00faze vl\u00e1dn\u00ed moci a moci korporac\u00ed<\/span><\/strong><span>\u00a0, kterou italsk\u00fd filozof Giorgio Agamben popisuje jako charakteristick\u00fd znak digit\u00e1ln\u00edho v\u00fdjime\u010dn\u00e9ho stavu.<\/span><\/p>\n<p><strong><span>Kdo plat\u00ed, ten ovl\u00e1d\u00e1 \u2013 kdo ovl\u00e1d\u00e1, ten cenzuruje.<\/span><\/strong><\/p>\n<h3 class=\"wp-block-heading\"><span>Z\u00e1v\u011br: Infrastruktura pro dokonal\u00fd re\u017eim poslu\u0161nosti<\/span><\/h3>\n<p><span>To, co se zde buduje, nen\u00ed neutr\u00e1ln\u00ed pokrok, ale\u00a0<\/span><strong><span>technick\u00fd z\u00e1klad pro syst\u00e9m tot\u00e1ln\u00ed kontroly chov\u00e1n\u00ed<\/span><\/strong><span>\u00a0. Za\u010d\u00edn\u00e1 to p\u0159\u00edstupem pro v\u0161echny \u2013 a kon\u010d\u00ed to vylou\u010den\u00edm pro nekonformn\u00ed.<\/span><\/p>\n<p><span>G20 hovo\u0159\u00ed o inovac\u00edch. Ve skute\u010dnosti vytv\u00e1\u0159\u00ed n\u00e1stroj, kter\u00fd po sv\u00e9m zaveden\u00ed\u00a0<\/span><strong><span>ji\u017e nelze demokraticky zvr\u00e1tit<\/span><\/strong><span>\u00a0.<\/span><\/p>\n<p><span>Co se dnes prod\u00e1v\u00e1 jako pokrok, bude z\u00edtra digit\u00e1ln\u00ed klec\u00ed.<br \/>\n<\/span><br \/>\n<strong><span>Ti, kte\u0159\u00ed dnes nebudou m\u00edt n\u00e1mitky, budou z\u00edtra vy\u0159\u00edzeni.<\/span><\/strong><\/p>\n<p><img decoding=\"async\" loading=\"lazy\" class=\"alignnone size-full wp-image-71983\" src=\"http:\/\/www.infokuryr.cz\/n\/wp-content\/uploads\/2025\/02\/aaa.jpg\" alt=\"\" width=\"89\" height=\"23\" \/><\/p>\n<p>&nbsp;<\/p>\n","protected":false},"excerpt":{"rendered":"<p>Od infrastruktury k dohledu \u2013 jak se pod rou\u0161kou \u201edigit\u00e1ln\u00ed inkluze\u201c vytv\u00e1\u0159\u00ed glob\u00e1ln\u00ed kontroln\u00ed s\u00ed\u0165&#8230;<\/p>\n","protected":false},"author":2,"featured_media":78724,"comment_status":"closed","ping_status":"closed","sticky":false,"template":"","format":"standard","meta":[],"categories":[7],"tags":[8658,50,279,794],"_links":{"self":[{"href":"https:\/\/www.infokuryr.cz\/n\/wp-json\/wp\/v2\/posts\/78723"}],"collection":[{"href":"https:\/\/www.infokuryr.cz\/n\/wp-json\/wp\/v2\/posts"}],"about":[{"href":"https:\/\/www.infokuryr.cz\/n\/wp-json\/wp\/v2\/types\/post"}],"author":[{"embeddable":true,"href":"https:\/\/www.infokuryr.cz\/n\/wp-json\/wp\/v2\/users\/2"}],"replies":[{"embeddable":true,"href":"https:\/\/www.infokuryr.cz\/n\/wp-json\/wp\/v2\/comments?post=78723"}],"version-history":[{"count":0,"href":"https:\/\/www.infokuryr.cz\/n\/wp-json\/wp\/v2\/posts\/78723\/revisions"}],"wp:featuredmedia":[{"embeddable":true,"href":"https:\/\/www.infokuryr.cz\/n\/wp-json\/wp\/v2\/media\/78724"}],"wp:attachment":[{"href":"https:\/\/www.infokuryr.cz\/n\/wp-json\/wp\/v2\/media?parent=78723"}],"wp:term":[{"taxonomy":"category","embeddable":true,"href":"https:\/\/www.infokuryr.cz\/n\/wp-json\/wp\/v2\/categories?post=78723"},{"taxonomy":"post_tag","embeddable":true,"href":"https:\/\/www.infokuryr.cz\/n\/wp-json\/wp\/v2\/tags?post=78723"}],"curies":[{"name":"wp","href":"https:\/\/api.w.org\/{rel}","templated":true}]}}