{"id":78715,"date":"2025-05-13T05:06:08","date_gmt":"2025-05-13T03:06:08","guid":{"rendered":"https:\/\/www.infokuryr.cz\/n\/?p=78715"},"modified":"2025-05-13T05:06:08","modified_gmt":"2025-05-13T03:06:08","slug":"prohlaseni-ruskeho-prezidenta-pro-media","status":"publish","type":"post","link":"https:\/\/www.infokuryr.cz\/n\/2025\/05\/13\/prohlaseni-ruskeho-prezidenta-pro-media\/","title":{"rendered":"Prohl\u00e1\u0161en\u00ed rusk\u00e9ho prezidenta pro m\u00e9dia"},"content":{"rendered":"<div id=\"fb-root\"><\/div>\n<p><strong>Na z\u00e1v\u011br slavnostn\u00edch akc\u00ed v\u011bnovan\u00fdch 80. v\u00fdro\u010d\u00ed v\u00edt\u011bzstv\u00ed ve Velk\u00e9 vlasteneck\u00e9 v\u00e1lce u\u010dinil Vladimir Putin prohl\u00e1\u0161en\u00ed pro m\u00e9dia, v n\u011bm\u017e shrnul pr\u00e1ci od 7. do 10. kv\u011btna.<\/strong><\/p>\n<p>Video\u00a0<a href=\"http:\/\/kremlin.ru\/events\/president\/news\/76899\" target=\"_blank\" rel=\"external noopener\">zde<\/a>.<\/p>\n<p><b>V. Putin:<\/b>\u00a0Dobr\u00fd ve\u010der, nebo snad u\u017e dobrou noc. Cht\u011bl bych v\u0161echny pozdravit. V\u00e1\u017een\u00e9 d\u00e1my a p\u00e1nov\u00e9! V\u00e1\u017een\u00ed kolegov\u00e9!<\/p>\n<p>Je\u0161t\u011b jednou bych v\u00e1m v\u0161em cht\u011bl poblahop\u0159\u00e1t k Velk\u00e9mu Dni v\u00edt\u011bzstv\u00ed! R\u00e1di bychom pod\u011bkovali na\u0161im p\u0159\u00e1tel\u016fm a zahrani\u010dn\u00edm partner\u016fm, kte\u0159\u00ed s n\u00e1mi byli v t\u011bchto dnech v Moskv\u011b na oslav\u00e1ch v\u00fdro\u010d\u00ed, aby vzdali hold generaci v\u00edt\u011bz\u016f.<\/p>\n<p>Ct\u00edme v\u0161echny, kte\u0159\u00ed p\u0159isp\u011bli ke spole\u010dn\u00e9mu v\u00edt\u011bzstv\u00ed nad nacismem, v\u010detn\u011b na\u0161ich spojenc\u016f v protihitlerovsk\u00e9 koalici, voj\u00e1k\u016f \u010c\u00edny, \u00fa\u010dastn\u00edk\u016f protifa\u0161istick\u00e9ho odboje v Evrop\u011b, bojovn\u00edk\u016f lidov\u011b osvobozeneck\u00e9ho hnut\u00ed v Africe, v asijsko-pacifick\u00e9m regionu a dobrovoln\u00edk\u016f z latinskoamerick\u00fdch zem\u00ed.<\/p>\n<p>S na\u0161imi p\u0159\u00e1teli a podobn\u011b sm\u00fd\u0161lej\u00edc\u00edmi lidmi n\u00e1s spojuje spole\u010dn\u00e1 pam\u011b\u0165 a \u00facta k historii, k \u010dinu opravdov\u00fdch hrdin\u016f, kte\u0159\u00ed bojovali za svobodu, a samoz\u0159ejm\u011b i na\u0161e odpov\u011bdnost za budoucnost, za budov\u00e1n\u00ed spravedliv\u011bj\u0161\u00edho a bezpe\u010dn\u011bj\u0161\u00edho sv\u011bta. Pr\u00e1v\u011b ot\u00e1zky, na kter\u00fdch p\u0159\u00edmo z\u00e1vis\u00ed stabiln\u00ed a udr\u017eiteln\u00fd rozvoj cel\u00e9ho sv\u011btov\u00e9ho spole\u010denstv\u00ed \u2013 Eurasie a dal\u0161\u00edch region\u016f sv\u011bta \u2013 byly \u00fast\u0159edn\u00edm bodem dvoustrann\u00fdch a mnohostrann\u00fdch setk\u00e1n\u00ed konan\u00fdch v Moskv\u011b.<\/p>\n<p>Ty se samoz\u0159ejm\u011b konaly ve zvl\u00e1\u0161tn\u00ed, slavnostn\u00ed, sv\u00e1te\u010dn\u00ed atmosf\u00e9\u0159e, ale z\u00e1rove\u0148 byly mimo\u0159\u00e1dn\u011b bohat\u00e9 a smyslupln\u00e9, napln\u011bn\u00e9 t\u00e9maty politick\u00e9, ekonomick\u00e9 a humanit\u00e1rn\u00ed agendy.<\/p>\n<p>Abych to shrnul, a r\u00e1d bych to u\u010dinil hned te\u010f, \u0159eknu, \u017ee b\u011bhem \u010dty\u0159 dn\u016f \u2013 od 7. do 10. kv\u011btna \u2013 jsme hostili ofici\u00e1ln\u00ed n\u00e1v\u0161t\u011bvy vedouc\u00edch p\u0159edstavitel\u016f t\u0159\u00ed ciz\u00edch zem\u00ed: \u010c\u00ednsk\u00e9 lidov\u00e9 republiky, Venezuelsk\u00e9 bol\u00edvarovsk\u00e9 republiky a Vietnamsk\u00e9 socialistick\u00e9 republiky.<\/p>\n<p>Krom\u011b toho se uskute\u010dnilo 20 bilater\u00e1ln\u00edch setk\u00e1n\u00ed s hlavami st\u00e1t\u016f SNS, Asie, Afriky, Bl\u00edzk\u00e9ho v\u00fdchodu, Evropy a Latinsk\u00e9 Ameriky. Celkem se oslav z\u00fa\u010dastnilo 27 hlav st\u00e1t\u016f ze SNS, Asie, Afriky, Bl\u00edzk\u00e9ho v\u00fdchodu, Evropy, Latinsk\u00e9 Ameriky a tak\u00e9 asi 10 \u0161\u00e9f\u016f mezin\u00e1rodn\u00edch organizac\u00ed. Na vysok\u00e9 \u00farovni bylo zastoupeno dal\u0161\u00edch \u0161est zem\u00ed.<\/p>\n<p>V tak \u0161irok\u00e9 \u00fa\u010dasti delegac\u00ed ze zahrani\u010dn\u00edch zem\u00ed a mezin\u00e1rodn\u00edch organizac\u00ed vid\u00edme inspirativn\u00ed sv\u011bdectv\u00ed o skute\u010dn\u00e9 konsolidaci kolem trval\u00fdch my\u0161lenek a hodnot na\u0161eho spole\u010dn\u00e9ho Velk\u00e9ho v\u00edt\u011bzstv\u00ed.<\/p>\n<p>Jsme vd\u011b\u010dn\u00ed v\u016fdc\u016fm 13 st\u00e1t\u016f, kter\u00e9 vyslaly jednotky sv\u00fdch n\u00e1rodn\u00edch ozbrojen\u00fdch sil k \u00fa\u010dasti na p\u0159ehl\u00eddce na Rud\u00e9m n\u00e1m\u011bst\u00ed. Jejich pochod bok po boku s na\u0161imi p\u0159ehl\u00eddkov\u00fdmi jednotkami naplnil v\u0161eobecn\u00e9 oslavy zvl\u00e1\u0161tn\u00ed energi\u00ed, duchem vojensk\u00e9ho bratrstv\u00ed, zm\u00edrn\u011bn\u00e9ho v letech druh\u00e9 sv\u011btov\u00e9 v\u00e1lky.<\/p>\n<p>S pot\u011b\u0161en\u00edm jsem osobn\u011b pod\u011bkoval vojensk\u00fdm v\u016fdc\u016fm Korejsk\u00e9 lidov\u00e9 arm\u00e1dy a vyj\u00e1d\u0159il ta nejteplej\u0161\u00ed slova voj\u00e1k\u016fm a velitel\u016fm jednotek speci\u00e1ln\u00edch sil Korejsk\u00e9 lidov\u011b demokratick\u00e9 republiky, kte\u0159\u00ed spolu s na\u0161imi bojovn\u00edky profesion\u00e1ln\u011b, a to chci zd\u016fraznit, sv\u011bdomit\u011b plnili \u00fakoly p\u0159i osvobozov\u00e1n\u00ed pohrani\u010dn\u00edch oblast\u00ed Kursk\u00e9 oblasti od formac\u00ed kyjevsk\u00e9ho re\u017eimu. Dovolte mi zd\u016fraznit: projevili odvahu a hrdinstv\u00ed, jednali \u2013 chci to zopakovat \u2013 vysoce profesion\u00e1ln\u00edm zp\u016fsobem, prok\u00e1zali dobr\u00fd v\u00fdcvik a p\u0159\u00edpravu.<\/p>\n<p>A samoz\u0159ejm\u011b pro v\u0161echny p\u0159edstavitele st\u00e1t\u016f bylo zvl\u00e1\u0161tn\u00ed ct\u00ed p\u0159iv\u00edtat na tribun\u00e1ch hlavn\u00ed hrdiny v\u00fdro\u010d\u00ed V\u00edt\u011bzstv\u00ed \u2013 veter\u00e1ny druh\u00e9 sv\u011btov\u00e9 v\u00e1lky z Ruska, Izraele, Arm\u00e9nie a Mongolska.<\/p>\n<p>R\u00e1d bych poznamenal, \u017ee navzdory hrozb\u00e1m, vyd\u00edr\u00e1n\u00ed a p\u0159ek\u00e1\u017ek\u00e1m, v\u010detn\u011b uzav\u0159en\u00ed vzdu\u0161n\u00e9ho prostoru, do Moskvy p\u0159ijeli i l\u00edd\u0159i n\u011bkter\u00fdch evropsk\u00fdch zem\u00ed: Srbska, Slovenska, Bosny a Hercegoviny. Dovolte mi zopakovat: ch\u00e1peme obrovsk\u00fd tlak, kter\u00e9mu \u010delili, a proto si up\u0159\u00edmn\u011b v\u00e1\u017e\u00edme jejich politick\u00e9 odvahy, jejich pevn\u00e9ho mor\u00e1ln\u00edho postoje, jejich rozhodnut\u00ed sd\u00edlet s n\u00e1mi sv\u00e1tek, vzd\u00e1t hold pam\u00e1tce hrdin\u016f Velk\u00e9 vlasteneck\u00e9 v\u00e1lky, druh\u00e9 sv\u011btov\u00e9 v\u00e1lky, kte\u0159\u00ed bojovali jak za sv\u016fj rodov\u00fd domov, tak za vysvobozen\u00ed cel\u00e9ho sv\u011bta, cel\u00e9ho lidstva, bez nads\u00e1zky, od hn\u011bd\u00e9ho moru.<\/p>\n<p>Je pro n\u00e1s d\u016fle\u017eit\u00e9, aby si to pamatovaly miliony Evropan\u016f, l\u00eddr\u016f zem\u00ed, kter\u00e9 prosazuj\u00ed suver\u00e9nn\u00ed politiku. To n\u00e1m d\u00e1v\u00e1 optimismus a nad\u011bji, \u017ee d\u0159\u00edve \u010di pozd\u011bji, a to i s vyu\u017eit\u00edm ponau\u010den\u00ed z historie a n\u00e1zor\u016f na\u0161ich n\u00e1rod\u016f, se za\u010dneme ub\u00edrat sm\u011brem k obnov\u011b konstruktivn\u00edch vztah\u016f se st\u00e1ty Evropy. V\u010detn\u011b t\u011bch, kte\u0159\u00ed se dnes st\u00e1le nevzd\u00e1vaj\u00ed protirusk\u00e9 r\u00e9toriky a jasn\u011b agresivn\u00edch akc\u00ed v\u016f\u010di n\u00e1m. St\u00e1le se s n\u00e1mi sna\u017e\u00ed \u2013 a to vid\u00edme pr\u00e1v\u011b te\u010f \u2013 mluvit v podstat\u011b hrub\u00fdm zp\u016fsobem a s pomoc\u00ed ultim\u00e1t.<\/p>\n<p>Skute\u010dn\u00fdm p\u0159\u00edkladem modern\u00edch rovnopr\u00e1vn\u00fdch vztah\u016f v 21. stolet\u00ed je na\u0161e komplexn\u00ed partnerstv\u00ed a strategick\u00e1 interakce s \u010c\u00ednskou lidovou republikou. \u010c\u00ednsk\u00fd prezident Si \u0164in-pching byl hlavn\u00edm hostem oslav v\u011bnovan\u00fdch 80. v\u00fdro\u010d\u00ed Velk\u00e9ho v\u00edt\u011bzstv\u00ed.<\/p>\n<p>Vedli jsme mimo\u0159\u00e1dn\u011b plodn\u00e1 jedn\u00e1n\u00ed , p\u0159ijali jsme dv\u011b spole\u010dn\u00e1 prohl\u00e1\u0161en\u00ed na \u00farovni hlav st\u00e1t\u016f, podepsali jsme \u0159adu mezivl\u00e1dn\u00edch a meziresortn\u00edch dohod, kter\u00e9 se t\u00fdkaj\u00ed oblast\u00ed, jako je energetika, obchod, finance, v\u011bda, kultura a mnoho dal\u0161\u00edch. Jak jsem ji\u017e \u0159ekl, bylo dohodnuto, \u017ee v z\u00e1\u0159\u00ed uskute\u010dn\u00edm op\u011btovnou ofici\u00e1ln\u00ed n\u00e1v\u0161t\u011bvu \u010c\u00edny u p\u0159\u00edle\u017eitosti oslav 80. v\u00fdro\u010d\u00ed v\u00edt\u011bzstv\u00ed nad militaristick\u00fdm Japonskem.<\/p>\n<p>Je hluboce symbolick\u00e9 a logick\u00e9, \u017ee hlavn\u00ed, v podstat\u011b nejd\u016fle\u017eit\u011bj\u0161\u00ed vzpom\u00ednkov\u00e9 akce spojen\u00e9 s 80. v\u00fdro\u010d\u00edm konce druh\u00e9 sv\u011btov\u00e9 v\u00e1lky v Evrop\u011b a Asii se uskute\u010dn\u00ed v Moskv\u011b a Pekingu \u2013 v hlavn\u00edch m\u011bstech st\u00e1t\u016f, jejich\u017e n\u00e1rody pro\u0161ly nejt\u011b\u017e\u0161\u00edmi zkou\u0161kami a zaplatily nejvy\u0161\u0161\u00ed cenu ve jm\u00e9nu spole\u010dn\u00e9ho v\u00edt\u011bzstv\u00ed.<\/p>\n<p>V\u00e1\u017een\u00ed kolegov\u00e9, mysl\u00edm, \u017ee je to ka\u017ed\u00e9mu z\u0159ejm\u00e9: b\u011bhem jedn\u00e1n\u00ed a sch\u016fzek konan\u00fdch v Moskv\u011b se dot\u00fdkala i ot\u00e1zky \u0159e\u0161en\u00ed konfliktu na Ukrajin\u011b. Jsme vd\u011b\u010dn\u00ed v\u0161em na\u0161im host\u016fm, na\u0161im p\u0159\u00e1tel\u016fm, za pozornost, kterou tomuto konfliktu v\u011bnuj\u00ed, a za \u00fasil\u00ed, kter\u00e9 vynakl\u00e1daj\u00ed k zaji\u0161t\u011bn\u00ed jeho ukon\u010den\u00ed. V tomto ohledu pova\u017euji za nutn\u00e9 se tomuto t\u00e9matu v\u011bnovat samostatn\u011b.<\/p>\n<p>V t\u00e9to souvislosti bych r\u00e1d \u0159ekl: jak je dob\u0159e zn\u00e1mo, Rusko v minulosti opakovan\u011b p\u0159edkl\u00e1dalo iniciativy k p\u0159\u00edm\u011b\u0159\u00ed, ale tyto iniciativy byly ukrajinskou stranou opakovan\u011b sabotov\u00e1ny. Kyjevsk\u00fd re\u017eim tak demonstrativn\u011b poru\u0161il 30denn\u00ed \u2013 chci to zd\u016fraznit \u2013 30denn\u00ed moratorium na \u00fatoky na energetick\u00e9 objekty, kter\u00e9 bylo vyhl\u00e1\u0161eno v souladu s na\u0161\u00ed dohodou s prezidentem Spojen\u00fdch st\u00e1t\u016f americk\u00fdch Donaldem Trumpem, a to asi 130kr\u00e1t.<\/p>\n<p>Velikono\u010dn\u00ed p\u0159\u00edm\u011b\u0159\u00ed iniciovan\u00e9 Ruskem tak\u00e9 nebylo dodr\u017eeno: ukrajinsk\u00e9 s\u00edly p\u0159\u00edm\u011b\u0159\u00ed poru\u0161ily t\u00e9m\u011b\u0159 p\u011bt tis\u00edckr\u00e1t. P\u0159esto jsme u p\u0159\u00edle\u017eitosti Dne v\u00edt\u011bzstv\u00ed \u2013 a pova\u017eujeme to za pro n\u00e1s svat\u00fd sv\u00e1tek, lze si to jen p\u0159edstavit, na\u0161e ztr\u00e1ty jsou 27 milion\u016f \u2013 vyhl\u00e1sili pot\u0159et\u00ed p\u0159\u00edm\u011b\u0159\u00ed v tento pro n\u00e1s svat\u00fd sv\u00e1tek.<\/p>\n<p>Z\u00e1rove\u0148 jsme t\u011bm na\u0161im koleg\u016fm na Z\u00e1pad\u011b, kte\u0159\u00ed podle m\u00e9ho n\u00e1zoru up\u0159\u00edmn\u011b hledaj\u00ed cesty k \u0159e\u0161en\u00ed situace, sd\u011blili n\u00e1\u0161 postoj k t\u00e9to ot\u00e1zce, k p\u0159\u00edm\u011b\u0159\u00ed v Den v\u00edt\u011bzstv\u00ed, \u017ee v budoucnu nevylu\u010dujeme mo\u017enost prodlou\u017een\u00ed podm\u00ednek tohoto p\u0159\u00edm\u011b\u0159\u00ed \u2013 ale samoz\u0159ejm\u011b po anal\u00fdze toho, co se stane v t\u011bchto n\u011bkolika dnech, na z\u00e1klad\u011b v\u00fdsledk\u016f toho, jak kyjevsk\u00fd re\u017eim zareaguje na n\u00e1\u0161 n\u00e1vrh.<\/p>\n<p>A co vid\u00edme? Jak\u00e9 jsou tyto v\u00fdsledky? Kyjevsk\u00e9 \u00fa\u0159ady \u2013 tohle v\u0161echno sami vid\u00edte velmi dob\u0159e \u2013 na n\u00e1\u0161 n\u00e1vrh na p\u0159\u00edm\u011b\u0159\u00ed v\u016fbec nereagovaly. Nav\u00edc po ozn\u00e1men\u00ed na\u0161eho n\u00e1vrhu \u2013 a to se, jak si pamatujete, stalo 5. kv\u011btna leto\u0161n\u00edho roku \u2013 kyjevsk\u00e9 \u00fa\u0159ady ji\u017e od 6. do 7. kv\u011btna zah\u00e1jily rozs\u00e1hl\u00e9 \u00fatoky. Do \u00fatoku bylo zapojeno 524 bezpilotn\u00edch letoun\u016f a \u0159ada raket z\u00e1padn\u00ed v\u00fdroby, v \u010cern\u00e9m mo\u0159i bylo pou\u017eito i 45 BAK\u016f \u2013 bezpilotn\u00edch \u010dlun\u016f. B\u011bhem t\u011bchto t\u0159\u00ed dn\u016f vyhl\u00e1\u0161en\u00e9ho p\u0159\u00edm\u011b\u0159\u00ed \u2013 8., 9. a 10. \u2013 se vlastn\u011b stalo to, co jste vid\u011bli i z m\u00e9di\u00ed, vlastn\u011b z va\u0161ich zpr\u00e1v, \u017ee b\u011bhem t\u00e9to doby bylo provedeno p\u011bt c\u00edlen\u00fdch pokus\u016f o \u00fatok na st\u00e1tn\u00ed hranici Rusk\u00e9 federace v Kursk\u00e9 oblasti a na rozhran\u00ed s Belgorodskou oblast\u00ed, a to pr\u00e1v\u011b v dny vyhl\u00e1\u0161en\u00e9ho p\u0159\u00edm\u011b\u0159\u00ed. Krom\u011b toho bylo zah\u00e1jeno dal\u0161\u00edch 36 \u00fatok\u016f v jin\u00fdch sm\u011brech. V\u0161echny tyto \u00fatoky, v\u010detn\u011b pokus\u016f o proniknut\u00ed na \u00fazem\u00ed Rusk\u00e9 federace v Kursk\u00e9 a B\u011blgorodsk\u00e9 oblasti, byly odrazeny. Na\u0161i vojen\u0161t\u00ed experti se nav\u00edc domn\u00edvaj\u00ed, \u017ee nem\u011bly \u017e\u00e1dn\u00fd vojensk\u00fd v\u00fdznam, byly provedeny v\u00fdhradn\u011b z politick\u00fdch d\u016fvod\u016f a nep\u0159\u00edtel utrp\u011bl velmi t\u011b\u017ek\u00e9 ztr\u00e1ty.<\/p>\n<p>Jak jsem ji\u017e \u0159ekl, kyjevsk\u00e9 \u00fa\u0159ady nejen odm\u00edtly n\u00e1\u0161 n\u00e1vrh na p\u0159\u00edm\u011b\u0159\u00ed, ale tak\u00e9, jak jsme v\u0161ichni vid\u011bli, se pokusily zastra\u0161it v\u016fdce st\u00e1t\u016f shrom\u00e1\u017ed\u011bn\u00fdch na oslav\u00e1ch v Moskv\u011b. V\u00edte, mil\u00ed kolegov\u00e9, kdy\u017e jsem se setkal s kolegy tady v Moskv\u011b, napadlo m\u011b toto. Dovolte mi, abych se s v\u00e1mi pod\u011blil: koho se sna\u017eili zastra\u0161it z t\u011bch, kte\u0159\u00ed p\u0159ijeli do Moskvy oslavit v\u00edt\u011bzstv\u00ed nad nacistick\u00fdm N\u011bmeckem? Koho se sna\u017eili zastra\u0161it? Koneckonc\u016f, ti, kte\u0159\u00ed k n\u00e1m p\u0159i\u0161li, jsou v\u016fdci nikoli podle ofici\u00e1ln\u00edho postaven\u00ed, nikoli podle pracovn\u00ed pozice, ale podle charakteru, podle sv\u00e9ho p\u0159esv\u011bd\u010den\u00ed a podle sv\u00e9 ochoty sv\u00e9 p\u0159esv\u011bd\u010den\u00ed h\u00e1jit. A kdo se je sna\u017eil zastra\u0161it? Ti, kte\u0159\u00ed stoj\u00ed v pozoru p\u0159ed b\u00fdval\u00fdmi voj\u00e1ky SS, salutuj\u00ed jim a tleskaj\u00ed jim? A povy\u0161uje na n\u00e1rodn\u00ed hrdiny ty, kte\u0159\u00ed kolaborovali s Hitlerem b\u011bhem druh\u00e9 sv\u011btov\u00e9 v\u00e1lky? Zd\u00e1 se mi, \u017ee se jedn\u00e1 o pokus s evidentn\u011b nedostate\u010dn\u00fdmi prost\u0159edky a ti, kdo se o to sna\u017e\u00ed, neodpov\u00eddaj\u00ed rozsahu, se kter\u00fdm sami po\u010d\u00edtaj\u00ed.<\/p>\n<p>Dovolte mi zopakovat je\u0161t\u011b jednou: opakovan\u011b jsme navrhovali kroky k zastaven\u00ed palby. Nikdy jsme neodm\u00edtli dialog s ukrajinskou stranou. Dovolte mi, abych v\u00e1m je\u0161t\u011b jednou p\u0159ipomn\u011bl: nebyli jsme to my, kdo v roce 2022 p\u0159eru\u0161il jedn\u00e1n\u00ed, byla to ukrajinsk\u00e1 strana. V tomto ohledu navzdory v\u0161emu navrhujeme, aby kyjevsk\u00e9 \u00fa\u0159ady obnovily jedn\u00e1n\u00ed, kter\u00e1 p\u0159eru\u0161ily na konci roku 2022, a obnovily p\u0159\u00edm\u00e1 jedn\u00e1n\u00ed. Nav\u00edc, zd\u016fraz\u0148uji, bez jak\u00fdchkoli p\u0159edb\u011b\u017en\u00fdch podm\u00ednek.<\/p>\n<p>Navrhujeme neprodlen\u011b za\u010d\u00edt p\u0159\u00ed\u0161t\u00ed \u010dtvrtek 15. kv\u011btna v Istanbulu, kde se konaly d\u0159\u00edve a kde byly p\u0159eru\u0161eny. Jak je zn\u00e1mo, ture\u010dt\u00ed kolegov\u00e9 opakovan\u011b nab\u00eddli sv\u00e9 slu\u017eby k organizaci takov\u00fdch jedn\u00e1n\u00ed a prezident Erdogan pro jejich organizaci ud\u011blal hodn\u011b. Dovolte mi p\u0159ipomenout, \u017ee v d\u016fsledku t\u011bchto jedn\u00e1n\u00ed byl p\u0159ipraven spole\u010dn\u00fd n\u00e1vrh dokumentu, kter\u00fd parafoval vedouc\u00ed kyjevsk\u00e9 vyjedn\u00e1vac\u00ed skupiny, ale na nal\u00e9h\u00e1n\u00ed Z\u00e1padu byl jednodu\u0161e hozen do ko\u0161e.<\/p>\n<p>Z\u00edtra m\u00e1me napl\u00e1novan\u00fd rozhovor s tureck\u00fdm prezidentem, panem Erdoganem. R\u00e1d bych ho po\u017e\u00e1dal, aby poskytl takovou p\u0159\u00edle\u017eitost k jedn\u00e1n\u00edm v Turecku. Douf\u00e1m, \u017ee potvrd\u00ed svou touhu p\u0159isp\u011bt k hled\u00e1n\u00ed m\u00edru na Ukrajin\u011b.<\/p>\n<p>Jsme odhodl\u00e1ni k seri\u00f3zn\u00edm jedn\u00e1n\u00edm s Ukrajinou. Jejich \u00fa\u010delem je odstranit z\u00e1kladn\u00ed p\u0159\u00ed\u010diny konfliktu a nastolit v historick\u00e9 perspektiv\u011b dlouhodob\u00fd a trval\u00fd m\u00edr. Nevylu\u010dujeme, \u017ee b\u011bhem t\u011bchto jedn\u00e1n\u00ed bude mo\u017en\u00e9 dohodnout se na n\u011bjak\u00fdch nov\u00fdch p\u0159\u00edm\u011b\u0159\u00edch, nov\u00e9m p\u0159\u00edm\u011b\u0159\u00ed. Nav\u00edc skute\u010dn\u00e9 p\u0159\u00edm\u011b\u0159\u00ed, kter\u00e9 by dodr\u017eovalo nejen Rusko, ale i ukrajinsk\u00e1 strana, by bylo prvn\u00edm krokem, opakuji, k dlouhodob\u00e9mu, udr\u017eiteln\u00e9mu m\u00edru, a nikoli prologem k pokra\u010dov\u00e1n\u00ed ozbrojen\u00e9ho konfliktu po p\u0159ezbrojen\u00ed, dopln\u011bn\u00ed ukrajinsk\u00fdch ozbrojen\u00fdch sil a hore\u010dn\u00e9m kop\u00e1n\u00ed z\u00e1kop\u016f a nov\u00fdch pevnost\u00ed. Kdo pot\u0159ebuje takov\u00fd sv\u011bt?<\/p>\n<p>N\u00e1\u0161 n\u00e1vrh je, jak se \u0159\u00edk\u00e1, na stole. Rozhodnut\u00ed nyn\u00ed z\u00e1le\u017e\u00ed na ukrajinsk\u00fdch \u00fa\u0159adech a jejich kur\u00e1torech, kte\u0159\u00ed, zjevn\u011b vedeni sp\u00ed\u0161e sv\u00fdmi osobn\u00edmi politick\u00fdmi ambicemi ne\u017e z\u00e1jmy sv\u00e9ho lidu, cht\u011bj\u00ed pokra\u010dovat ve v\u00e1lce s Ruskem prost\u0159ednictv\u00edm ukrajinsk\u00fdch nacionalist\u016f.<\/p>\n<p>Dovolte mi zopakovat: Rusko je p\u0159ipraveno k jedn\u00e1n\u00edm bez jak\u00fdchkoli p\u0159edb\u011b\u017en\u00fdch podm\u00ednek. Prob\u00edhaj\u00ed te\u010f vojensk\u00e9 akce, v\u00e1lka a my navrhujeme obnovit jedn\u00e1n\u00ed, kter\u00e1 jsme nep\u0159eru\u0161ili my. No a co je na tom \u0161patn\u00e9ho?<\/p>\n<p>Ti, kte\u0159\u00ed skute\u010dn\u011b cht\u011bj\u00ed m\u00edr, to nemohou jinak ne\u017e podporovat. Z\u00e1rove\u0148 bych cht\u011bl je\u0161t\u011b jednou vyj\u00e1d\u0159it svou vd\u011b\u010dnost za media\u010dn\u00ed slu\u017eby a \u00fasil\u00ed zam\u011b\u0159en\u00e9 na m\u00edrov\u00e9 urovn\u00e1n\u00ed ukrajinsk\u00e9 krize, kter\u00e9 vynakl\u00e1daj\u00ed na\u0161i zahrani\u010dn\u00ed partne\u0159i, v\u010detn\u011b \u010c\u00edny, Braz\u00edlie, zem\u00ed Afriky, Bl\u00edzk\u00e9ho v\u00fdchodu a v posledn\u00ed dob\u011b i nov\u00e1 administrativa Spojen\u00fdch st\u00e1t\u016f americk\u00fdch.<\/p>\n<p>Z\u00e1v\u011brem bych cht\u011bl je\u0161t\u011b jednou pod\u011bkovat v\u0161em, kte\u0159\u00ed s n\u00e1mi sd\u00edleli slavnostn\u00ed oslavy v\u011bnovan\u00e9 80. v\u00fdro\u010d\u00ed v\u00edt\u011bzstv\u00ed nad nacismem. Jsem si jist\u00fd, \u017ee duch solidarity a harmonie, kter\u00fd n\u00e1s v t\u011bchto dnech v Moskv\u011b sjednotil, n\u00e1m bude i nad\u00e1le pom\u00e1hat budovat plodnou spolupr\u00e1ci a partnerstv\u00ed ve jm\u00e9nu pokroku, bezpe\u010dnosti a m\u00edru.<\/p>\n<p>Vyu\u017e\u00edv\u00e1m t\u00e9to p\u0159\u00edle\u017eitosti a r\u00e1d bych tak\u00e9 zd\u016fraznil obrovskou roli novin\u00e1\u0159\u016f, z\u00e1stupc\u016f mezin\u00e1rodn\u00edch tiskov\u00fdch agentur, televizn\u00edch kan\u00e1l\u016f a tisku, kte\u0159\u00ed informovali o v\u00fdro\u010dn\u00edch ud\u00e1lostech a n\u011bkolikahodinov\u00e9m programu prob\u00edhaj\u00edc\u00edch jedn\u00e1n\u00ed a pracovn\u00edch sch\u016fzek. Bylo ud\u011bl\u00e1no mnoho pro to, aby lid\u00e9 v r\u016fzn\u00fdch zem\u00edch sv\u011bta za\u017eili jedine\u010dnou atmosf\u00e9ru t\u011bchto sv\u00e1te\u010dn\u00edch dn\u016f v Moskv\u011b. Samoz\u0159ejm\u011b v\u00e1m d\u011bkuji za toto setk\u00e1n\u00ed, proto\u017ee se kon\u00e1 pom\u011brn\u011b pozd\u011b a samoz\u0159ejm\u011b jsou u\u017e v\u0161ichni unaven\u00ed.<\/p>\n<p>Moc v\u00e1m d\u011bkuji za pozornost, proto\u017ee je u\u017e skoro p\u016fl druh\u00e9 r\u00e1no nebo i v\u00edc ne\u017e p\u016fl druh\u00e9 r\u00e1no moskevsk\u00e9ho \u010dasu, nech\u00e1v\u00e1m v\u00e1s j\u00edt s Bohem.<\/p>\n<p>D\u011bkuji mnohokr\u00e1t za va\u0161i pozornost. Sbohem.<\/p>\n<div class=\"podcarou\">\n<p><a href=\"http:\/\/kremlin.ru\/events\/president\/news\/76899\" target=\"_blank\" rel=\"external noopener\">\u0417\u0430\u044f\u0432\u043b\u0435\u043d\u0438\u0435 \u041f\u0440\u0435\u0437\u0438\u0434\u0435\u043d\u0442\u0430 \u0420\u043e\u0441\u0441\u0438\u0438 \u0434\u043b\u044f \u0421\u041c\u0418<\/a>\u00a0vy\u0161el 11.5.2025 na kremlin.ru. Vybral a p\u0159elo\u017eil <a href=\"https:\/\/zvedavec.news\/komentare\/2025\/05\/10503-prohlaseni-ruskeho-prezidenta-pro-media.htm\">Zv\u011bdavec.<\/a><\/p>\n<\/div>\n","protected":false},"excerpt":{"rendered":"<p>Na z\u00e1v\u011br slavnostn\u00edch akc\u00ed v\u011bnovan\u00fdch 80. v\u00fdro\u010d\u00ed v\u00edt\u011bzstv\u00ed ve Velk\u00e9 vlasteneck\u00e9 v\u00e1lce u\u010dinil Vladimir Putin&#8230;<\/p>\n","protected":false},"author":2,"featured_media":73340,"comment_status":"closed","ping_status":"closed","sticky":false,"template":"","format":"standard","meta":[],"categories":[7],"tags":[230,811,102],"_links":{"self":[{"href":"https:\/\/www.infokuryr.cz\/n\/wp-json\/wp\/v2\/posts\/78715"}],"collection":[{"href":"https:\/\/www.infokuryr.cz\/n\/wp-json\/wp\/v2\/posts"}],"about":[{"href":"https:\/\/www.infokuryr.cz\/n\/wp-json\/wp\/v2\/types\/post"}],"author":[{"embeddable":true,"href":"https:\/\/www.infokuryr.cz\/n\/wp-json\/wp\/v2\/users\/2"}],"replies":[{"embeddable":true,"href":"https:\/\/www.infokuryr.cz\/n\/wp-json\/wp\/v2\/comments?post=78715"}],"version-history":[{"count":0,"href":"https:\/\/www.infokuryr.cz\/n\/wp-json\/wp\/v2\/posts\/78715\/revisions"}],"wp:featuredmedia":[{"embeddable":true,"href":"https:\/\/www.infokuryr.cz\/n\/wp-json\/wp\/v2\/media\/73340"}],"wp:attachment":[{"href":"https:\/\/www.infokuryr.cz\/n\/wp-json\/wp\/v2\/media?parent=78715"}],"wp:term":[{"taxonomy":"category","embeddable":true,"href":"https:\/\/www.infokuryr.cz\/n\/wp-json\/wp\/v2\/categories?post=78715"},{"taxonomy":"post_tag","embeddable":true,"href":"https:\/\/www.infokuryr.cz\/n\/wp-json\/wp\/v2\/tags?post=78715"}],"curies":[{"name":"wp","href":"https:\/\/api.w.org\/{rel}","templated":true}]}}