{"id":7866,"date":"2022-01-28T08:02:48","date_gmt":"2022-01-28T07:02:48","guid":{"rendered":"http:\/\/www.infokuryr.cz\/n\/?p=7866"},"modified":"2022-01-28T08:02:48","modified_gmt":"2022-01-28T07:02:48","slug":"nyni-je-cas-dat-casu-cas","status":"publish","type":"post","link":"https:\/\/www.infokuryr.cz\/n\/2022\/01\/28\/nyni-je-cas-dat-casu-cas\/","title":{"rendered":"Nyn\u00ed je \u010das d\u00e1t \u010dasu \u010das"},"content":{"rendered":"<div id=\"fb-root\"><\/div>\n<section class=\"perex\"><strong><span style=\"font-size: 14pt;\">Ano, Rusov\u00e9 obdr\u017eeli p\u00edsemnou odpov\u011b\u010f od USA a NATO.<\/span><\/strong><\/p>\n<p><strong><span style=\"font-size: 14pt;\">Skute\u010dn\u00e9 dokumenty v\u0161ak zat\u00edm neunikly (ale samoz\u0159ejm\u011b uniknou).<\/span><\/strong><\/p>\n<\/section>\n<section class=\"clanek-obsah\">Lavrov uvedl, \u017ee existuj\u00ed n\u011bkter\u00e9 podstatn\u00e9 aspekty, ale kl\u00ed\u010dov\u00e9 rusk\u00e9 po\u017eadavky nebyly spln\u011bny. P\u0159ipomn\u011bl, \u017ee v\u0161echny \u010dlensk\u00e9 st\u00e1ty OBSE v\u010detn\u011b USA podepsaly Istanbulskou deklaraci z roku 1999 a Astanskou deklaraci z roku 2010. Oba tyto dokumenty se odvol\u00e1vaj\u00ed na ned\u011blitelnost bezpe\u010dnosti a zavazuj\u00ed se tuto z\u00e1sadu dodr\u017eovat. Tyto dokumenty tedy sice podporuj\u00ed pr\u00e1vo ka\u017ed\u00e9 zem\u011b vybrat si alianci, do kter\u00e9 chce vstoupit, ale zakazuj\u00ed \u010dlensk\u00fdm st\u00e1t\u016fm, aby tak \u010dinily na \u00fakor bezpe\u010dnosti kter\u00e9hokoli jin\u00e9ho signat\u00e1\u0159e.<\/p>\n<p>Nyn\u00ed Rusko za\u0161le ka\u017ed\u00e9mu \u010dlensk\u00e9mu st\u00e1tu OBSE dopis s dotazem, pro\u010d nepln\u00ed sv\u016fj p\u00edsemn\u00fd z\u00e1vazek.<\/p>\n<p>Co tedy v\u00edme?<\/p>\n<p>Je jist\u011b jasn\u00e9, \u017ee po m\u011bs\u00edci a p\u016fl &#8222;konzultac\u00ed&#8220; zv\u00edt\u011bzila strana v\u00e1lky. T\u011b\u017eko to m\u016f\u017ee b\u00fdt velk\u00fdm p\u0159ekvapen\u00edm.<\/p>\n<p>Rusko zjevn\u011b nen\u00ed spokojeno s odpov\u011b\u010fmi, kter\u00e9 dostalo. Ru\u0161t\u00ed p\u0159edstavitel\u00e9 to ji\u017e p\u0159iznali.<\/p>\n<p>Rusk\u00e9 ozbrojen\u00e9 s\u00edly se tak\u00e9 \u00fa\u010dastn\u00ed skute\u010dn\u011b rozs\u00e1hl\u00fdch vojensk\u00fdch cvi\u010den\u00ed, do kter\u00fdch je zapojeno cel\u00e9 rusk\u00e9 n\u00e1mo\u0159nictvo (4 flotily), s\u00edly a velitelsk\u00e9 struktury z v\u00fdchodn\u00edch region\u016f Ruska. Rusko rovn\u011b\u017e vys\u00edl\u00e1 do B\u011bloruska v\u00fdsadkov\u00e9 s\u00edly, jednotky EW a rakety protivzdu\u0161n\u00e9 obrany S-400. A kone\u010dn\u011b Putin na\u0159\u00eddil zku\u0161ebn\u00ed cvi\u010den\u00ed rusk\u00fdch strategick\u00fdch odstra\u0161uj\u00edc\u00edch sil. Celkov\u011b lze \u0159\u00edci, \u017ee s\u00edly, kter\u00e9 Rusko uv\u00e1d\u00ed do stavu zv\u00fd\u0161en\u00e9 pohotovosti, nyn\u00ed nab\u00fdvaj\u00ed zna\u010dn\u00e9ho v\u00fdznamu a budou m\u00edt dopad na mnohem v\u00edce oblast\u00ed ne\u017e jen na Donbas.<\/p>\n<p>Jinak je na jak\u00e9koli z\u00e1v\u011bry p\u0159\u00edli\u0161 brzy. Jak \u0159\u00edkaj\u00ed Francouzi, &#8222;je t\u0159eba d\u00e1t \u010dasu \u010das&#8220;, co\u017e znamen\u00e1, \u017ee i kdy\u017e je p\u0159irozen\u00e1 touha rychle z\u00edskat kone\u010dn\u00e9 v\u00fdsledky a d\u011blat velk\u00e1 prohl\u00e1\u0161en\u00ed o tom, co se pr\u00e1v\u011b stalo nebo stane d\u00e1l, pravdou je, \u017ee nyn\u00ed NEN\u00cd \u010das na takov\u00e9 z\u00e1v\u011bry (alespo\u0148 pokud v\u00e1m z\u00e1le\u017e\u00ed na skute\u010dn\u00e9m sv\u011bt\u011b v\u00edce ne\u017e na va\u0161\u00ed netrp\u011blivosti).<\/p>\n<p>Z\u00e1padn\u00ed m\u00e9dia doslova navykly sv\u00e9 publikum v z\u00f3n\u011b A kvazi okam\u017eit\u00fdm \u201eanal\u00fdz\u00e1m\u201c nebo \u201eaktu\u00e1ln\u00edm zpr\u00e1v\u00e1m\u201c a dal\u0161\u00edm buzzword\u016fm, kter\u00e9 rychle nezodpov\u011bdn\u011b chrl\u00ed, ale s ohledem na rozsah pozornosti a intelektu\u00e1ln\u00ed pasivitu sv\u00e9ho publika jim to projde bez jak\u00fdchkoli n\u00e1sledk\u016f. .<\/p>\n<p>Navrhuji, abychom si zde nehr\u00e1li na CNN a v\u011bnovali \u010das pot\u0159ebn\u00fd k z\u00edsk\u00e1n\u00ed \u201eskute\u010dn\u00fdch fakt\u016f\u201c a ned\u011blali p\u0159ed\u010dasn\u00e9 z\u00e1v\u011bry.<\/p>\n<p>Navrhuji, abychom po\u010dkali den nebo dva, ne\u017e u\u010din\u00edme n\u011bjak\u00e9 z\u00e1v\u011bry.<\/p>\n<p><strong>The Saker<\/strong><\/p>\n<div class=\"podcarou\">\n<p><a href=\"http:\/\/thesaker.is\/now-is-the-time-to-give-time-to-time\/\" target=\"_blank\" rel=\"external noopener\">Now is the time to give time to time<\/a> vy\u0161el 27.1.2022 na thesaker.is. P\u0159eklad\u00a0 Zv\u011bdavec.<\/p>\n<p>P\u0159evzato:\u00a0<a href=\"http:\/\/www.zvedavec.org\/komentare\/2022\/01\/9007-nyni-je-cas-dat-casu-cas.htm\">Zvedavec.org<\/a><\/p>\n<p>&nbsp;<\/p>\n<\/div>\n<\/section>\n","protected":false},"excerpt":{"rendered":"<p>Ano, Rusov\u00e9 obdr\u017eeli p\u00edsemnou odpov\u011b\u010f od USA a NATO. Skute\u010dn\u00e9 dokumenty v\u0161ak zat\u00edm neunikly (ale&#8230;<\/p>\n","protected":false},"author":2,"featured_media":7739,"comment_status":"closed","ping_status":"closed","sticky":false,"template":"","format":"standard","meta":[],"categories":[7],"tags":[64,220,39,22,37],"_links":{"self":[{"href":"https:\/\/www.infokuryr.cz\/n\/wp-json\/wp\/v2\/posts\/7866"}],"collection":[{"href":"https:\/\/www.infokuryr.cz\/n\/wp-json\/wp\/v2\/posts"}],"about":[{"href":"https:\/\/www.infokuryr.cz\/n\/wp-json\/wp\/v2\/types\/post"}],"author":[{"embeddable":true,"href":"https:\/\/www.infokuryr.cz\/n\/wp-json\/wp\/v2\/users\/2"}],"replies":[{"embeddable":true,"href":"https:\/\/www.infokuryr.cz\/n\/wp-json\/wp\/v2\/comments?post=7866"}],"version-history":[{"count":0,"href":"https:\/\/www.infokuryr.cz\/n\/wp-json\/wp\/v2\/posts\/7866\/revisions"}],"wp:featuredmedia":[{"embeddable":true,"href":"https:\/\/www.infokuryr.cz\/n\/wp-json\/wp\/v2\/media\/7739"}],"wp:attachment":[{"href":"https:\/\/www.infokuryr.cz\/n\/wp-json\/wp\/v2\/media?parent=7866"}],"wp:term":[{"taxonomy":"category","embeddable":true,"href":"https:\/\/www.infokuryr.cz\/n\/wp-json\/wp\/v2\/categories?post=7866"},{"taxonomy":"post_tag","embeddable":true,"href":"https:\/\/www.infokuryr.cz\/n\/wp-json\/wp\/v2\/tags?post=7866"}],"curies":[{"name":"wp","href":"https:\/\/api.w.org\/{rel}","templated":true}]}}