{"id":78651,"date":"2025-05-13T00:25:37","date_gmt":"2025-05-12T22:25:37","guid":{"rendered":"https:\/\/www.infokuryr.cz\/n\/?p=78651"},"modified":"2025-05-12T12:53:13","modified_gmt":"2025-05-12T10:53:13","slug":"vratime-se-a-zapalime-to-kostelu-v-avignonu-hrozi-zharstvi-policie-je-nasazena-k-ochrane-nedelni-mse","status":"publish","type":"post","link":"https:\/\/www.infokuryr.cz\/n\/2025\/05\/13\/vratime-se-a-zapalime-to-kostelu-v-avignonu-hrozi-zharstvi-policie-je-nasazena-k-ochrane-nedelni-mse\/","title":{"rendered":"\u201eVr\u00e1t\u00edme se a zap\u00e1l\u00edme to!\u201c \u2013 Kostelu v Avignonu hroz\u00ed \u017eh\u00e1\u0159stv\u00ed, policie je nasazena k ochran\u011b ned\u011bln\u00ed m\u0161e"},"content":{"rendered":"<div id=\"fb-root\"><\/div>\n<h3 class=\"s-tagline fw-tagline\"><span>Muslim\u0161t\u00ed mlad\u00edci v sobotu po ve\u010dern\u00ed m\u0161i vtrhli do kostela Montfavet v Avignonu, k\u0159i\u010deli \u201eAll\u00e1hu Akbar\u201c, \u201eJe\u017e\u00ed\u0161i, jdeme ti do prdele\u201c a vyhro\u017eovali, \u017ee kostel zap\u00e1l\u00ed<\/span><\/h3>\n<p><span>Skupina mlad\u00fdch mu\u017e\u016f v sobotu ve\u010der vtrhla do kostela Montfavet v Avignonu, k\u0159i\u010dela \u201eAll\u00e1hu Akbar\u201c a vyhro\u017eovala zap\u00e1len\u00edm kostela \u2013 tento akt zastra\u0161ov\u00e1n\u00ed donutil policii st\u0159e\u017eit budovu b\u011bhem ned\u011bln\u00ed rann\u00ed m\u0161e.<\/span><\/p>\n<p><span>K incidentu do\u0161lo kr\u00e1tce po 19:30, pr\u00e1v\u011b kdy\u017e skon\u010dila ve\u010dern\u00ed m\u0161e. Podle far\u00e1\u0159e P. Laurenta Milana konfrontace za\u010dala, kdy\u017e do kostela dorazil dosp\u00edvaj\u00edc\u00ed chlapec s tvrzen\u00edm, \u017ee chce konvertovat. Kr\u00e1tce pot\u00e9 ho n\u00e1sledovalo asi 10 dal\u0161\u00edch, n\u011bkte\u0159\u00ed z nich tvrdili, \u017ee jsou muslimov\u00e9, a \u017e\u00e1dali, aby mohli j\u00edt dovnit\u0159.<\/span><\/p>\n<p><span>Podle zpr\u00e1v den\u00edku\u00a0<\/span><a href=\"https:\/\/www.laprovence.com\/article\/faits-divers-justice\/1138040861699815\/on-va-bruler-ton-eglise-a-avignon-le-pretre-de-montfavet-menace-apres-la-messe-de-nuit\"><span>La Provence<\/span><\/a><span>\u00a0se skupina rychle stala agresivn\u00ed. \u201eJeden z nich za\u010dal pob\u00edhat. Shrom\u00e1\u017edili se kolem kn\u011bze a za\u010dali na n\u011bj chrlit ur\u00e1\u017eky. Byl to chaos. Sna\u017eili jsme se je dostat ven,\u201c \u0159ekl jeden z farn\u00edk\u016f francouzsk\u00fdm novin\u00e1m.<\/span><\/p>\n<p><span>Podle otce Milana mlad\u00ed mu\u017ei chrlili v\u00fdslovn\u00e9 ur\u00e1\u017eky nam\u00ed\u0159en\u00e9 proti k\u0159es\u0165anstv\u00ed a opakovan\u011b mi vyhro\u017eovali. \u201eNeur\u00e1\u017eeli m\u011b p\u0159\u00edmo, ale k\u0159i\u010deli v\u011bci jako: \u201aJe\u017e\u00ed\u0161i, jdeme ti do prdele,\u2018\u201c \u0159ekl. \u201eK\u0159i\u010deli \u201aAll\u00e1hu Akbar\u2018 a n\u011bkolikr\u00e1t n\u00e1m \u0159ekli: \u201aVr\u00e1t\u00edme se a zap\u00e1l\u00edme v\u00e1m kostel.\u2018\u201c<\/span><\/p>\n<p><span>Kn\u011bz podal tut\u00e9\u017e noc trestn\u00ed ozn\u00e1men\u00ed a p\u011bt sv\u011bdk\u016f \u00fadajn\u011b ji\u017e hovo\u0159ilo s org\u00e1ny \u010dinn\u00fdmi v trestn\u00edm \u0159\u00edzen\u00ed. Policejn\u00ed zdroj potvrdil, \u017ee prob\u00edh\u00e1 vy\u0161et\u0159ov\u00e1n\u00ed \u201eneve\u0159ejn\u00fdch ur\u00e1\u017eek z n\u00e1bo\u017eensk\u00fdch d\u016fvod\u016f\u201c a \u201evyhro\u017eov\u00e1n\u00ed nebezpe\u010dn\u00fdm zni\u010den\u00edm osob\u201c.<\/span><\/p>\n<p><span>Do ned\u011ble nebylo k \u017e\u00e1dn\u00fdm zat\u010den\u00edm dojde, zat\u00edmco v\u011b\u0159\u00edc\u00ed p\u0159ij\u00ed\u017ed\u011bj\u00edc\u00ed na rann\u00ed bohoslu\u017ebu se setkali s hl\u00eddkov\u00fdmi vozy a viditelnou ochrankou.<\/span><\/p>\n<p><span>Podle otce Milana zaznamenala c\u00edrkev v posledn\u00edch t\u00fddnech n\u00e1r\u016fst antisoci\u00e1ln\u00edho a v\u00fdhru\u017en\u00e9ho chov\u00e1n\u00ed. Jen o n\u011bkolik dn\u00ed d\u0159\u00edve, 7. kv\u011btna, naru\u0161ila jin\u00e1 skupina mlad\u00edk\u016f farn\u00ed shrom\u00e1\u017ed\u011bn\u00ed k\u0159ikem a bouch\u00e1n\u00edm do oken.<\/span><\/p>\n<p><span>\u201eUkradli n\u00e1m po\u010d\u00edta\u010d, ukradli n\u00e1m sv\u00ed\u010dky,\u201c \u0159ekl. \u201eN\u011bkte\u0159\u00ed dokonce b\u011bhem m\u0161e h\u00e1zej\u00ed m\u00ed\u010d o zdi kostela a \u00famysln\u011b se n\u00e1s sna\u017e\u00ed vyru\u0161it.\u201c<\/span><\/p>\n<p><span>\u201eTohle nen\u00ed jen projev ne\u00facty,\u201c dodal otec Milan. \u201eTohle je v\u00fdhru\u017eka a nen\u00ed to prvn\u00ed.\u201c<\/span><\/p>\n<p><span>Z\u00e1stupci m\u011bsta Avignon uvedli, \u017ee berou hrozby v\u00e1\u017en\u011b. \u201eNic neospravedl\u0148uje ur\u00e1\u017eky ani hrozby nam\u00ed\u0159en\u00e9 proti n\u00e1bo\u017eensk\u00fdm p\u0159edstavitel\u016fm nebo m\u00edst\u016fm bohoslu\u017eeb,\u201c \u0159ekl m\u00edstostarosta Claude Nahoum. \u201eZ\u00e1le\u017eitost pozorn\u011b sledujeme.\u201c<\/span><\/p>\n<p><img decoding=\"async\" loading=\"lazy\" class=\"alignnone size-full wp-image-71983\" src=\"http:\/\/www.infokuryr.cz\/n\/wp-content\/uploads\/2025\/02\/aaa.jpg\" alt=\"\" width=\"89\" height=\"23\" \/><\/p>\n<p>&nbsp;<\/p>\n","protected":false},"excerpt":{"rendered":"<p>Muslim\u0161t\u00ed mlad\u00edci v sobotu po ve\u010dern\u00ed m\u0161i vtrhli do kostela Montfavet v Avignonu, k\u0159i\u010deli \u201eAll\u00e1hu&#8230;<\/p>\n","protected":false},"author":2,"featured_media":78652,"comment_status":"closed","ping_status":"closed","sticky":false,"template":"","format":"standard","meta":[],"categories":[7],"tags":[130,798,44,723],"_links":{"self":[{"href":"https:\/\/www.infokuryr.cz\/n\/wp-json\/wp\/v2\/posts\/78651"}],"collection":[{"href":"https:\/\/www.infokuryr.cz\/n\/wp-json\/wp\/v2\/posts"}],"about":[{"href":"https:\/\/www.infokuryr.cz\/n\/wp-json\/wp\/v2\/types\/post"}],"author":[{"embeddable":true,"href":"https:\/\/www.infokuryr.cz\/n\/wp-json\/wp\/v2\/users\/2"}],"replies":[{"embeddable":true,"href":"https:\/\/www.infokuryr.cz\/n\/wp-json\/wp\/v2\/comments?post=78651"}],"version-history":[{"count":0,"href":"https:\/\/www.infokuryr.cz\/n\/wp-json\/wp\/v2\/posts\/78651\/revisions"}],"wp:featuredmedia":[{"embeddable":true,"href":"https:\/\/www.infokuryr.cz\/n\/wp-json\/wp\/v2\/media\/78652"}],"wp:attachment":[{"href":"https:\/\/www.infokuryr.cz\/n\/wp-json\/wp\/v2\/media?parent=78651"}],"wp:term":[{"taxonomy":"category","embeddable":true,"href":"https:\/\/www.infokuryr.cz\/n\/wp-json\/wp\/v2\/categories?post=78651"},{"taxonomy":"post_tag","embeddable":true,"href":"https:\/\/www.infokuryr.cz\/n\/wp-json\/wp\/v2\/tags?post=78651"}],"curies":[{"name":"wp","href":"https:\/\/api.w.org\/{rel}","templated":true}]}}