{"id":78623,"date":"2025-05-13T00:11:44","date_gmt":"2025-05-12T22:11:44","guid":{"rendered":"https:\/\/www.infokuryr.cz\/n\/?p=78623"},"modified":"2025-05-12T12:08:35","modified_gmt":"2025-05-12T10:08:35","slug":"george-christensen-5-alarmujicich-faktu-o-papezi-lvu-xiv","status":"publish","type":"post","link":"https:\/\/www.infokuryr.cz\/n\/2025\/05\/13\/george-christensen-5-alarmujicich-faktu-o-papezi-lvu-xiv\/","title":{"rendered":"George Christensen: 5 alarmuj\u00edc\u00edch fakt\u016f o pape\u017ei Lvu XIV."},"content":{"rendered":"<div id=\"fb-root\"><\/div>\n<div class=\"elementor-element elementor-element-1fb4c2c elementor-widget elementor-widget-theme-post-content\" data-id=\"1fb4c2c\" data-element_type=\"widget\" data-widget_type=\"theme-post-content.default\">\n<div class=\"elementor-widget-container\">\n<p><strong><em>\u201eDuch svat\u00fd nebyl Petrov\u00fdm n\u00e1stupc\u016fm sl\u00edben proto, aby skrze jeho zjeven\u00ed hl\u00e1sali novou nauku, ale aby s jeho pomoc\u00ed posv\u011btili a v\u011brn\u011b vylo\u017eili tradi\u010dn\u00ed zjeven\u00ed apo\u0161tol\u016f.\u201c<\/em><\/strong><strong>\u2014 otec<em>\u00a0Aeternus<\/em>\u00a0, Prvn\u00ed vatik\u00e1nsk\u00fd koncil (Denz. 1836)<\/strong><\/p>\n<p>Zvolen\u00ed pape\u017ee Lva XIV. \u2013 kardin\u00e1la Roberta Francise Prevosta \u2013 bylo oslavov\u00e1no jako historick\u00e9: prvn\u00ed americk\u00fd pape\u017e, mision\u00e1\u0159sk\u00fd pastor, mu\u017e \u201edialogu\u201c. Ale pro ty, kte\u0159\u00ed berou\u00a0<em>munus petrinum<\/em>\u00a0, \u00fa\u0159ad ustanoven\u00fd Bohem k ochran\u011b pokladu v\u00edry, v\u00e1\u017en\u011b, jeho dosavadn\u00ed ve\u0159ejn\u00e9 d\u00edlo vyvol\u00e1v\u00e1 v\u00e1\u017en\u00e9 ot\u00e1zky.<\/p>\n<p>Pape\u017e nemus\u00ed b\u00fdt dokonal\u00fd, aby byl legitimn\u00ed. Ale kdy\u017e je jasnost opu\u0161t\u011bna ve prosp\u011bch nejednozna\u010dnosti a pastora\u010dn\u00ed citlivost je zneu\u017eita k rozmaz\u00e1n\u00ed mor\u00e1ln\u00edch hranic, v\u011b\u0159\u00edc\u00ed maj\u00ed nejen pr\u00e1vo, ale i povinnost b\u00fdt bd\u011bl\u00ed. Stejn\u011b jako jeho p\u0159edch\u016fdce Franti\u0161ek, i Lev XIV. z\u0159ejm\u011b up\u0159ednost\u0148uje teologii doprov\u00e1zen\u00ed p\u0159ed n\u00e1pravou, kulturu p\u0159ed katechez\u00ed a konverzaci p\u0159ed srozumitelnost\u00ed. Tyto dob\u0159e m\u00edn\u011bn\u00e9 instinkty mohou nebezpe\u010dn\u011b deformovat petrovskou slu\u017ebu v mor\u00e1ln\u011b zmaten\u00e9 dob\u011b.<\/p>\n<h3><strong>1. Podkop\u00e1v\u00e1 mor\u00e1ln\u00ed jasnost t\u00edm, \u017ee toleruje po\u017eehn\u00e1n\u00ed osob\u00e1m stejn\u00e9ho pohlav\u00ed<\/strong><\/h3>\n<p>To je nejv\u00edce patrn\u00e9 v jeho postoji k sexu\u00e1ln\u00ed revoluci v c\u00edrkvi. V roce 2012 Prevost varoval p\u0159ed z\u00e1padn\u00edmi m\u00e9dii, kter\u00e1 vzbuzuj\u00ed sympatie k praktik\u00e1m, jako je \u201ehomosexu\u00e1ln\u00ed \u017eivotn\u00ed styl\u201c, je\u017e jsou v rozporu s evangeliem. V roce 2024 se v\u0161ak zastal africk\u00fdch biskup\u016f, kte\u0159\u00ed odm\u00edtli vatik\u00e1nsk\u00fd dokument\u00a0<em>Fiducia Supplicans<\/em>\u00a0o po\u017eehn\u00e1n\u00ed osob\u00e1m stejn\u00e9ho pohlav\u00ed, s t\u00edm, \u017ee jeho \u201eaplikace\u201c by v Africe \u201enefungovala\u201c. Vyh\u00fdbal se opakov\u00e1n\u00ed katolick\u00e9ho u\u010den\u00ed, \u017ee takov\u00e9 svazky jsou ze sv\u00e9 podstaty neuspo\u0159\u00e1dan\u00e9. Kulturn\u00ed adaptace tak nahrazuje ot\u00e1zku pravdy \u2013 jde o mor\u00e1ln\u011b spornou relativizaci.<\/p>\n<h3><strong>2. Odm\u00edt\u00e1 tomistick\u00fd \u0159\u00e1d l\u00e1sky a nahrazuje spravedlnost sentimentalitou<\/strong><\/h3>\n<p>Kdy\u017e JD Vance za\u010d\u00e1tkem roku 2025 s odvol\u00e1n\u00edm na\u00a0<em>ordo caritatis<\/em>\u00a0Tom\u00e1\u0161e Akvinsk\u00e9ho zd\u016fraznil , \u017ee rodina a n\u00e1rod maj\u00ed mor\u00e1ln\u00ed prioritu, Lev XIV. mu ve\u0159ejn\u011b odporoval slovy: \u201eJe\u017e\u00ed\u0161 n\u00e1s ne\u017e\u00e1d\u00e1, abychom na\u0161i l\u00e1sku hodnotili.\u201c T\u00edm ale pop\u00edr\u00e1 \u00fast\u0159edn\u00ed mor\u00e1ln\u00ed princip. Akvinsk\u00fd jasn\u011b u\u010d\u00ed, \u017ee l\u00e1ska je hierarchick\u00e1 a \u017ee v p\u0159irozen\u00e9m a rodinn\u00e9m poutu dlu\u017e\u00edme v\u00edce sv\u00fdm bli\u017en\u00edm ne\u017e ciz\u00edm lidem. Sentimentalita m\u00edsto spravedlnosti vede k mor\u00e1ln\u00edmu rozkladu.<\/p>\n<h3><strong>3. Zd\u016fraz\u0148uje synodalitu a oslabuje magistersk\u00fd \u00fa\u0159ad pape\u017estv\u00ed<\/strong><\/h3>\n<p>Stejn\u011b jako jeho p\u0159edch\u016fdce Franti\u0161ek je i Lev XIV. zast\u00e1ncem synodality. Mluv\u00ed o \u201enaslouchaj\u00edc\u00ed c\u00edrkvi\u201c, kter\u00e1 se v\u00edce zaj\u00edm\u00e1 o zprost\u0159edkov\u00e1n\u00ed \u201ekr\u00e1sy a radosti Je\u017e\u00ed\u0161e\u201c ne\u017e o hl\u00e1s\u00e1n\u00ed doktr\u00edny. Ale to je fale\u0161n\u00e9 srovn\u00e1v\u00e1n\u00ed: jako by pravda st\u00e1la v cest\u011b radosti. Pape\u017e by nem\u011bl jen doprov\u00e1zet, ale tak\u00e9 u\u010dit, svazovat a rozvazovat s Kristovou autoritou. Prvn\u00ed vatik\u00e1nsk\u00fd koncil m\u00e1 v tomto bod\u011b jasno: jeho \u00fakolem nen\u00ed vytv\u00e1\u0159et nov\u00e9 u\u010den\u00ed, ale sp\u00ed\u0161e v\u011brn\u011b zachov\u00e1vat tradi\u010dn\u00ed v\u00edru.<\/p>\n<h3><strong>4. V p\u0159\u00edpadech zneu\u017e\u00edv\u00e1n\u00ed pln\u011b nevymohl spravedlnost<\/strong><\/h3>\n<p>Jako biskup z Chiclaya v Peru se Prevost setk\u00e1val s ob\u011b\u0165mi zneu\u017e\u00edv\u00e1n\u00ed a zah\u00e1jil p\u0159edb\u011b\u017en\u00e9 vy\u0161et\u0159ov\u00e1n\u00ed. M\u00edstn\u00ed zpr\u00e1vy v\u0161ak ukazuj\u00ed, \u017ee nen\u00e1sledovaly ani kanonick\u00e9 procesy, ani sankce. A\u0165 u\u017e jsou zp\u016fsobeny nedbalost\u00ed nebo chybn\u00fdm \u00fasudkem, takov\u00e1 selh\u00e1n\u00ed podkop\u00e1vaj\u00ed d\u016fv\u011bryhodnost c\u00edrkevn\u00ed mor\u00e1lky. Dobr\u00e9 \u00famysly nesta\u010d\u00ed. Pot\u0159ebn\u00e9 jsou \u010diny oddan\u00e9 pravd\u011b. I zde se zd\u00e1, \u017ee touha po dialogu nahradila \u010diny.<\/p>\n<h3><strong>5. M\u00edch\u00e1 ortodoxii s modernismem a vytv\u00e1\u0159\u00ed zmatek<\/strong><\/h3>\n<p>Lev XIV. se nezav\u00e1zal k extr\u00e9mn\u00edmu modernismu. Potvrdil, \u017ee \u017eeny nemohou b\u00fdt vysv\u011bceny v souladu s\u00a0<em>Ordinatio Sacerdotalis<\/em>\u00a0a Kongregac\u00ed pro nauku v\u00edry. Odm\u00edt\u00e1 genderovou ideologii a vystupoval proti program\u016fm, kter\u00e9 u\u010d\u00ed d\u011bti nest\u00e1l\u00fdm genderov\u00fdm rol\u00edm. Jeho obhajoba chud\u00fdch, migrant\u016f a \u017eivotn\u00edho prost\u0159ed\u00ed je v kontinuit\u011b se soci\u00e1ln\u00edm u\u010den\u00edm c\u00edrkve.<\/p>\n<p>Ale i takov\u00e9 z\u00e1sluhy mohou b\u00fdt zvr\u00e1ceny, pokud jsou odd\u011bleny od vy\u0161\u0161\u00edho c\u00edle: sp\u00e1sy du\u0161\u00ed a jasn\u00e9ho hl\u00e1s\u00e1n\u00ed pravdy. Skute\u010dn\u00e9 nebezpe\u010d\u00ed spo\u010d\u00edv\u00e1 v \u0161ed\u00e9 z\u00f3n\u011b: \u200b\u200bpape\u017e, kter\u00fd se pevn\u011b dr\u017e\u00ed teorie, ale v praxi ji rozm\u011bl\u0148uje. Ten, kdo mluv\u00ed o l\u00e1sce, ale nejmenuje h\u0159\u00edch. Ten, kdo sice tradici potvrzuje, ale podkop\u00e1v\u00e1 ji pastora\u010dn\u00ed \u201eflexibilitou\u201c.<\/p>\n<p>To nen\u00ed Petrova neochv\u011bjnost. Je to sm\u00ed\u0159en\u00ed Pil\u00e1ta.<\/p>\n<p>Na\u0161e znalosti o pape\u017ei Lvu XIV. jsou samoz\u0159ejm\u011b zat\u00edm zalo\u017eeny na d\u00edle kardin\u00e1la Prevosta \u2013 na jeho textech, rozhovorech a jeho chov\u00e1n\u00ed jako pastora. Ale nyn\u00ed sed\u00ed na stolici svat\u00e9ho Petra, v \u00fa\u0159adu, kter\u00fd m\u016f\u017ee zm\u011bnit v\u0161echno. Zodpov\u011bdnost za zachov\u00e1n\u00ed v\u00edry a jasn\u00fd projev by mohla zm\u011bnit i jeho. Mo\u017en\u00e1, \u017ee Robert Prevost u\u017e nen\u00ed tot\u00e9\u017e co Lev XIV. \u010cas uk\u00e1\u017ee.<\/p>\n<p>Nesoud\u00edme. Modl\u00edme se. Douf\u00e1me v jeho odvahu. Ale ml\u010det nebudeme.<\/p>\n<p>C\u00edrkev pot\u0159ebuje pape\u017ee jako Lev Velik\u00fd, kter\u00fd se postavil Attilovi \u2013 ne diplomata pro Davos. Pot\u0159ebujeme past\u00fd\u0159e, kter\u00fd sv\u00e9 bratry posiluje, ne je mate. Pape\u017e, kter\u00fd u\u010d\u00ed, \u017ee Je\u017e\u00ed\u0161 je pravda \u2013 ne jen partner v rozhovoru.<\/p>\n<p>Moment\u00e1ln\u011b tu m\u00e1me pape\u017ee Lva XIV.<br \/>\nModleme se, aby se stal t\u00edm, k\u00fdm m\u00e1 b\u00fdt p\u0159ed Bohem: ne stavitelem most\u016f \u2013 sk\u00e1lou.<\/p>\n<p>A v\u011brn\u00fd zbytek?<br \/>\nOn je to, co c\u00edrkev v\u017edy pot\u0159ebuje: neot\u0159esiteln\u00fd, jasn\u00fd, milosrdn\u00fd a neboj\u00e1cn\u00fd.<\/p>\n<\/div>\n<\/div>\n<div class=\"elementor-element elementor-element-8c57238 quelle dc-has-condition dc-condition-empty elementor-widget elementor-widget-heading\" data-id=\"8c57238\" data-element_type=\"widget\" data-widget_type=\"heading.default\">\n<div class=\"elementor-widget-container\">\n<h3 class=\"elementor-heading-title elementor-size-default\"><span style=\"font-size: 10pt;\"><a href=\"https:\/\/dailyremnant.substack.com\/p\/5-alarming-realities-about-pope-leo\" target=\"_blank\" rel=\"nofollow noopener\">Zdroj<\/a><\/span><\/h3>\n<\/div>\n<\/div>\n","protected":false},"excerpt":{"rendered":"<p>\u201eDuch svat\u00fd nebyl Petrov\u00fdm n\u00e1stupc\u016fm sl\u00edben proto, aby skrze jeho zjeven\u00ed hl\u00e1sali novou nauku, ale&#8230;<\/p>\n","protected":false},"author":2,"featured_media":78624,"comment_status":"closed","ping_status":"closed","sticky":false,"template":"","format":"standard","meta":[],"categories":[7],"tags":[1042,9089,254],"_links":{"self":[{"href":"https:\/\/www.infokuryr.cz\/n\/wp-json\/wp\/v2\/posts\/78623"}],"collection":[{"href":"https:\/\/www.infokuryr.cz\/n\/wp-json\/wp\/v2\/posts"}],"about":[{"href":"https:\/\/www.infokuryr.cz\/n\/wp-json\/wp\/v2\/types\/post"}],"author":[{"embeddable":true,"href":"https:\/\/www.infokuryr.cz\/n\/wp-json\/wp\/v2\/users\/2"}],"replies":[{"embeddable":true,"href":"https:\/\/www.infokuryr.cz\/n\/wp-json\/wp\/v2\/comments?post=78623"}],"version-history":[{"count":0,"href":"https:\/\/www.infokuryr.cz\/n\/wp-json\/wp\/v2\/posts\/78623\/revisions"}],"wp:featuredmedia":[{"embeddable":true,"href":"https:\/\/www.infokuryr.cz\/n\/wp-json\/wp\/v2\/media\/78624"}],"wp:attachment":[{"href":"https:\/\/www.infokuryr.cz\/n\/wp-json\/wp\/v2\/media?parent=78623"}],"wp:term":[{"taxonomy":"category","embeddable":true,"href":"https:\/\/www.infokuryr.cz\/n\/wp-json\/wp\/v2\/categories?post=78623"},{"taxonomy":"post_tag","embeddable":true,"href":"https:\/\/www.infokuryr.cz\/n\/wp-json\/wp\/v2\/tags?post=78623"}],"curies":[{"name":"wp","href":"https:\/\/api.w.org\/{rel}","templated":true}]}}