{"id":78591,"date":"2025-05-12T05:47:05","date_gmt":"2025-05-12T03:47:05","guid":{"rendered":"https:\/\/www.infokuryr.cz\/n\/?p=78591"},"modified":"2025-05-12T06:18:38","modified_gmt":"2025-05-12T04:18:38","slug":"robert-fico-mel-bilateralni-jednani-s-vladimirem-putinem-ktere-se-neslo-v-pratelskem-duchu","status":"publish","type":"post","link":"https:\/\/www.infokuryr.cz\/n\/2025\/05\/12\/robert-fico-mel-bilateralni-jednani-s-vladimirem-putinem-ktere-se-neslo-v-pratelskem-duchu\/","title":{"rendered":"Robert Fico m\u011bl bilater\u00e1ln\u00ed jedn\u00e1n\u00ed s Vladimirem Putinem, kter\u00e9 se neslo v p\u0159\u00e1telsk\u00e9m duchu&#8230;"},"content":{"rendered":"<div id=\"fb-root\"><\/div>\n<h4>Robert Fico m\u011bl bilater\u00e1ln\u00ed jedn\u00e1n\u00ed s Vladimirem Putinem, kter\u00e9 se neslo v p\u0159\u00e1telsk\u00e9m duchu, a\u017e na moment, kdy Vladimir Putin proto\u010dil o\u010di ke stropu, kdy\u017e Fico za\u010dal mluvit o dovolen\u00ed partner\u016f z Evropsk\u00e9 unie! Moskva navrhla m\u00edrov\u00e1 jedn\u00e1n\u00ed s Ukrajinou, Kyjev to znovu podm\u00ednil p\u0159\u00edm\u011b\u0159\u00edm a Trump se na\u0161tval a uvedl, \u017ee Ukrajina mus\u00ed nab\u00eddku p\u0159ijmout okam\u017eit\u011b!<\/h4>\n<p>Slovensk\u00fd premi\u00e9r Robert Fico m\u011bl po skon\u010den\u00ed slavnostn\u00ed p\u0159ehl\u00eddky v Moskv\u011b na programu bilater\u00e1ln\u00ed sch\u016fzku s Vladimirem Putinem, kter\u00e9 se z\u00fa\u010dastnili nejen oba st\u00e1tn\u00edci, ale i delegace obou zem\u00ed. Kreml p\u0159inesl video z\u00e1znam z \u00favodn\u00ed zdravice a kr\u00e1tk\u00e9 projevy Vladimira Putina a Roberta Fica.\u00a0<strong>P\u0159esto\u017ee \u00favodn\u00ed \u010d\u00e1st jedn\u00e1n\u00ed byla jen zdvo\u0159ilostn\u00ed formalitou, Robert Fico zopakoval, \u017ee n\u011bkte\u0159\u00ed na Z\u00e1pad\u011b si p\u0159ej\u00ed pokra\u010dov\u00e1n\u00ed v\u00e1lky.<\/strong>\u00a0Mnoho z\u00e1padn\u00edch st\u00e1t\u016f si pr\u00fd p\u0159eje, aby konflikt na Ukrajin\u011b pokra\u010doval, prohl\u00e1sil slovensk\u00fd premi\u00e9r Robert Fico. To podle n\u011bj vysv\u011btluje jejich vla\u017enou reakci na n\u00e1vrh Moskvy na p\u0159\u00edm\u00e9 rozhovory s Kyjevem.<\/p>\n<p>&nbsp;<\/p>\n<div id=\"rumble_v6r1y3j\">\n<div id=\"vid_v6r1y3j\" class=\"rumble_v6r1y3j-Rumble-cls\" tabindex=\"-1\">\n<div class=\"bigPlayUI ctp\">\n<div class=\"bigPlayUIInner ctp\"><\/div>\n<\/div>\n<div class='videoWrapper'>\r\n\t            <iframe src='https:\/\/rumble.com\/embed\/pj.v6r1y3j\/' frameborder='0' allowfullscreen><\/iframe>\r\n\t        <\/div>\n<\/div>\n<\/div>\n<p>&nbsp;<\/p>\n<p>Ji\u017e d\u0159\u00edve v ned\u011bli rusk\u00fd prezident Vladimir Putin nab\u00eddl\u00a0<strong>[<a href=\"https:\/\/href.li\/?https:\/\/www.rt.com\/russia\/617355-putin-ukraine-direct-talks\/\" target=\"_blank\" rel=\"nofollow noopener\">1<\/a>]<\/strong>\u00a0Ukrajin\u011b mo\u017enost obnovit jedn\u00e1n\u00ed o urovn\u00e1n\u00ed konfliktu p\u0159\u00ed\u0161t\u00ed \u010dtvrtek v tureck\u00e9m Istanbulu, a to bez jak\u00fdchkoliv podm\u00ednek na Ukrajinu. Tureck\u00fd prezident Recep Tayyip Erdogan potvrdil\u00a0<strong>[<a href=\"https:\/\/href.li\/?https:\/\/www.rt.com\/news\/617374-turkey-ready-host-russia-ukraine-talks\/\" target=\"_blank\" rel=\"nofollow noopener\">2<\/a>]<\/strong>, \u017ee jeho zem\u011b je p\u0159ipravena rozhovory hostit. Americk\u00fd prezident Donald Trump n\u00e1vrh uv\u00edtal a na soci\u00e1ln\u00ed s\u00edti Truth napsal\u00a0<strong>[<a href=\"https:\/\/href.li\/?https:\/\/truthsocial.com\/@realDonaldTrump\/posts\/114490093180275292\" target=\"_blank\" rel=\"nofollow noopener\">3<\/a>]<\/strong>, \u017ee o\u010dek\u00e1v\u00e1 \u201c<em>nadch\u00e1zej\u00edc\u00ed VELK\u00dd t\u00fdden.<\/em>\u201c<\/p>\n<p>Francouzsk\u00fd prezident Emmanuel Macron a n\u011bmeck\u00fd kancl\u00e9\u0159 Friedrich Merz v\u0161ak uvedli\u00a0<strong>[<a href=\"https:\/\/href.li\/?https:\/\/www.rt.com\/news\/617373-macron-peace-talks-putin-ukraine\/\" target=\"_blank\" rel=\"nofollow noopener\">4<\/a>]<\/strong>, \u017ee Putinova nab\u00eddka \u201c<em>nesta\u010d\u00ed<\/em>\u201d a vyzvali nejprve k uzav\u0159en\u00ed p\u0159\u00edm\u011b\u0159\u00ed. V podstat\u011b se ukazuje, \u017ee Z\u00e1padu nejde o m\u00edrov\u00e1 jedn\u00e1n\u00ed, ale o zastaven\u00ed por\u00e1\u017eky a \u00fastupu ukrajinsk\u00e9 arm\u00e1dy, kter\u00e1 se nyn\u00ed odehr\u00e1v\u00e1 pod\u00e9l cel\u00e9 fronty a Kyjev tak bude v Istanbulu b\u011bhem jedn\u00e1n\u00ed, pokud se jich nakonec z\u00fa\u010dastn\u00ed, pod obrovsk\u00fdm tlakem.<\/p>\n<h3>Jedn\u00e1n\u00ed v Moskv\u011b o spolupr\u00e1ci a hrozb\u011b nov\u00e9 \u017eelezn\u00e9 opony a o\u010di v sloup p\u0159i pozn\u00e1mce o pot\u0159eb\u011b svolen\u00ed EU k rusk\u00fdm energi\u00edm na Slovensku<\/h3>\n<p>Ficova sch\u016fzka s Putinem, kter\u00e1 p\u0159edch\u00e1zela ozn\u00e1men\u00ed Moskvy o nab\u00eddce m\u00edrov\u00fdch rozhovor\u016f Ukrajin\u011b, se nesla opravdu v p\u0159\u00e1telsk\u00e9m duchu a Fico mluvil o snaze obnovit vztahy Slovenska s Ruskem. Z\u00e1rove\u0148 ale zopakoval, \u017ee Slovensko chce b\u00fdt respektovan\u00fdm \u010dlenem EU a NATO. V ned\u011bli v\u0161ak Fico uvedl, \u017ee je zd\u011b\u0161en z reakce Ukrajiny na ruskou nab\u00eddku jedn\u00e1n\u00ed.<\/p>\n<p><strong>\u201c<em>Jsem \u0161okov\u00e1n t\u00edm, \u017ee existuje n\u00e1vrh, \u017ee 15. kv\u011btna se Rusov\u00e9 a Ukrajinci mohou sej\u00edt v Istanbulu k p\u0159\u00edm\u00e9mu jedn\u00e1n\u00ed, kde lze dos\u00e1hnout konkr\u00e9tn\u00edch v\u00fdsledk\u016f, a sly\u0161\u00edm prohl\u00e1\u0161en\u00ed N\u011bmecka a Francie, \u017ee s t\u00edm nesouhlas\u00ed,<\/em>\u201c<\/strong>\u00a0\u0159ekl Fico na ned\u011bln\u00edm tiskov\u00e9m br\u00edfinku po sv\u00e9 n\u00e1v\u0161t\u011bv\u011b Moskvy na Den v\u00edt\u011bzstv\u00ed. \u201c<em>Co s t\u00edm v\u0161\u00edm maj\u00ed spole\u010dn\u00e9ho? Nen\u00ed to z\u00e1le\u017eitost Ukrajiny?<\/em>\u201c<\/p>\n<figure id=\"attachment_63546\" class=\"wp-caption aligncenter\" style=\"width: 652px;\"><a href=\"https:\/\/aeronet.news\/wp-content\/uploads\/PutinFicoKremlinMay2025_2.jpg\"><img decoding=\"async\" loading=\"lazy\" class=\"wp-image-63546 \" src=\"https:\/\/aeronet.news\/wp-content\/uploads\/PutinFicoKremlinMay2025_2-1024x581.jpg\" sizes=\"(max-width: 700px) 100vw, 700px\" srcset=\"https:\/\/aeronet.news\/wp-content\/uploads\/PutinFicoKremlinMay2025_2-1024x581.jpg 1024w, https:\/\/aeronet.news\/wp-content\/uploads\/PutinFicoKremlinMay2025_2-300x170.jpg 300w, https:\/\/aeronet.news\/wp-content\/uploads\/PutinFicoKremlinMay2025_2-768x436.jpg 768w, https:\/\/aeronet.news\/wp-content\/uploads\/PutinFicoKremlinMay2025_2-700x397.jpg 700w, https:\/\/aeronet.news\/wp-content\/uploads\/PutinFicoKremlinMay2025_2-629x357.jpg 629w, https:\/\/aeronet.news\/wp-content\/uploads\/PutinFicoKremlinMay2025_2-852x483.jpg 852w, https:\/\/aeronet.news\/wp-content\/uploads\/PutinFicoKremlinMay2025_2.jpg 1280w\" alt=\"\" width=\"652\" height=\"370\" \/><\/a><figcaption class=\"wp-caption-text\">Robert Fico, slovensk\u00fd premi\u00e9r<\/figcaption><\/figure>\n<p>Fico si t\u00edm polo\u017eil de facto \u0159e\u010dnickou ot\u00e1zku, na kterou samoz\u0159ejm\u011b on s\u00e1m zn\u00e1 odpov\u011b\u010f. Ne, nen\u00ed to z\u00e1le\u017eitost Ukrajiny, proto\u017ee Ukrajina nen\u00ed suver\u00e9nn\u00ed zem\u011b. A bohu\u017eel, ani Slovensko, a Vladimir Putin to dal Ficovi v Kremlu jasn\u011b najevi.\u00a0<strong>Ve videu v \u00favodu \u010dl\u00e1nku si v\u0161imn\u011bte \u010dasu od 08:35, kdy\u017e Fico mluv\u00ed o tom, \u017ee EU se chce odpojit od rusk\u00fdch energi\u00ed, a \u017ee Slovensku by to zp\u016fsobilo velk\u00e9 probl\u00e9my,<\/strong>\u00a0proto\u017ee atomov\u00e9 elektr\u00e1rny na Slovensku mohou pou\u017e\u00edvat jen rusk\u00e9 palivov\u00e9 ty\u010de, a slovensk\u00e9 rafin\u00e9rie um\u00ed zpracov\u00e1vat jen ruskou t\u011b\u017ekou ropu.<\/p>\n<figure id=\"attachment_63545\" class=\"wp-caption aligncenter\" style=\"width: 688px;\"><a href=\"https:\/\/aeronet.news\/wp-content\/uploads\/PutinFicoKremlinMay2025_RollingEyes.jpg\"><img decoding=\"async\" loading=\"lazy\" class=\"wp-image-63545 \" src=\"https:\/\/aeronet.news\/wp-content\/uploads\/PutinFicoKremlinMay2025_RollingEyes-1024x578.jpg\" sizes=\"(max-width: 700px) 100vw, 700px\" srcset=\"https:\/\/aeronet.news\/wp-content\/uploads\/PutinFicoKremlinMay2025_RollingEyes-1024x578.jpg 1024w, https:\/\/aeronet.news\/wp-content\/uploads\/PutinFicoKremlinMay2025_RollingEyes-300x169.jpg 300w, https:\/\/aeronet.news\/wp-content\/uploads\/PutinFicoKremlinMay2025_RollingEyes-768x433.jpg 768w, https:\/\/aeronet.news\/wp-content\/uploads\/PutinFicoKremlinMay2025_RollingEyes-700x395.jpg 700w, https:\/\/aeronet.news\/wp-content\/uploads\/PutinFicoKremlinMay2025_RollingEyes-633x357.jpg 633w, https:\/\/aeronet.news\/wp-content\/uploads\/PutinFicoKremlinMay2025_RollingEyes-856x483.jpg 856w, https:\/\/aeronet.news\/wp-content\/uploads\/PutinFicoKremlinMay2025_RollingEyes.jpg 1280w\" alt=\"\" width=\"688\" height=\"388\" \/><\/a><figcaption class=\"wp-caption-text\">Vladimir Putin p\u0159i slovech Roberta Fica o souhlasu EU k tomu, aby Slovensko mohlo nad\u00e1le odeb\u00edrat rusk\u00e9 energie<\/figcaption><\/figure>\n<p>A na to prohl\u00e1sil, \u017ee douf\u00e1, \u017ee partne\u0159i z Evropsk\u00e9 unie tuto slovenskou situaci zohledn\u00ed. Vladimir Putin p\u0159i t\u011bch \u0159e\u010dech o partnerech z EU, jak budou rozhodovat o tom, jestli Slovensko sm\u00ed nebo nesm\u00ed m\u00edt ruskou ropu nebo rusk\u00e9 palivov\u00e9 ty\u010de s uranem, byl zjevn\u011b otr\u00e1ven\u00fd, rozmrzel\u00fd a v \u010dase 09:05 dokonce proto\u010dil o\u010di vzh\u016fru ke stropu ve smyslu toho, jak\u00e9 v\u011bci Fico o EU pov\u00edd\u00e1.<\/p>\n<p>Rusk\u00e1 televize to tam samoz\u0159ejm\u011b do z\u00e1znamu dala a zachytila \u00famysln\u011b, aby bylo v\u0161em jasn\u00e9, co si o tom Putin mysl\u00ed, \u017ee by se Slovensko m\u011blo snad dopro\u0161ovat Bruselu a Evropsk\u00e9 komise, jestli m\u016f\u017ee nebo nem\u016f\u017ee odeb\u00edrat rusk\u00e9 energie. Pokud nem\u00e1te \u010das na video naho\u0159e, tak tady je p\u0159epis:<\/p>\n<h3>Vladimir Putin a Robert Fico na \u00favod bilater\u00e1ln\u00edho jedn\u00e1n\u00ed delegaci obou zem\u00ed v Kremlu<\/h3>\n<p><strong>-V\u00e1\u017een\u00fd pane premi\u00e9re Fico,<\/strong>\u00a0p\u0159\u00e1tel\u00e9, dovolte mi, abych v\u00e1s je\u0161t\u011b jednou p\u0159iv\u00edtal v Moskv\u011b. Velmi si v\u00e1\u017e\u00edme va\u0161eho rozhodnut\u00ed p\u0159ijet sem oslavit 80. v\u00fdro\u010d\u00ed na\u0161eho v\u00edt\u011bzstv\u00ed ve Velk\u00e9 vlasteneck\u00e9 v\u00e1lce. Pr\u00e1v\u011b jsme si vym\u011bnili p\u00e1r slov a v\u00edm o komplikac\u00edch, kter\u00e9 se vyskytly p\u0159i va\u0161\u00ed cest\u011b do Moskvy. Na va\u0161\u00ed cest\u011b se objevily ur\u010dit\u00e9 logistick\u00e9 p\u0159ek\u00e1\u017eky. P\u0159esto jste zde s n\u00e1mi a jsem p\u0159esv\u011bd\u010den, \u017ee ti, kdo se sna\u017eili zma\u0159it va\u0161e pl\u00e1ny, neusp\u011bli a vy jste se sem dostali. Je symbolick\u00e9, \u017ee p\u0159ed deseti lety, v roce 2015, jste se tak\u00e9 z\u00fa\u010dastnil oslav 70. v\u00fdro\u010d\u00ed v\u00edt\u011bzstv\u00ed ve druh\u00e9 sv\u011btov\u00e9 v\u00e1lce.<\/p>\n<p>A jsme vd\u011b\u010dn\u00ed veden\u00ed a lidu Slovenska za to, jak uct\u00edvaj\u00ed hroby sov\u011btsk\u00fdch voj\u00e1k\u016f, kte\u0159\u00ed padli v boji za osvobozen\u00ed Slovenska od nacistick\u00fdch okupant\u016f. V\u00edm, \u017ee jste navrhli postavit ve va\u0161\u00ed zemi pam\u00e1tn\u00edk mar\u0161\u00e1lu Kon\u011bvovi. Je to vzne\u0161en\u00fd n\u00e1vrh a jsme v\u00e1m za n\u011bj vd\u011b\u010dn\u00ed. Pokud budete pot\u0159ebovat jakoukoli pomoc, jsme v\u00e1m k dispozici. Letos o\u010dek\u00e1v\u00e1me dokon\u010den\u00ed rekonstrukce centr\u00e1ln\u00edho pam\u011btn\u00edho h\u0159bitova v Michalovc\u00edch, kter\u00e1 prob\u011bhla z iniciativy na\u0161eho velvyslanectv\u00ed na Slovensku. Pokud v\u00edm, m\u011bla by b\u00fdt hotova do listopadu tohoto roku. Jedn\u00e1 se o nejv\u011bt\u0161\u00ed h\u0159bitov sv\u00e9ho druhu na Slovensku.<\/p>\n<p>Jsme vd\u011b\u010dn\u00ed za va\u0161i osobn\u00ed podporu tohoto projektu a za to, \u017ee jste se rozhodl pod\u00edlet se na jeho financov\u00e1n\u00ed. R\u00e1d bych v\u00e1m pod\u011bkoval za va\u0161e iniciativy v oblasti ml\u00e1de\u017ee. V b\u0159eznu se konaly oslavy 80. v\u00fdro\u010d\u00ed ud\u00e1lost\u00ed na Slovensku, n\u00e1rodn\u00ed revoluce, kter\u00e9 se z\u00fa\u010dastnila tak\u00e9 \u0159ada rusk\u00fdch mlad\u00fdch lid\u00ed. \u0158ada rusk\u00fdch mlad\u00fdch lid\u00ed se tak\u00e9 z\u00fa\u010dastnila akc\u00ed k uct\u011bn\u00ed pam\u00e1tky osvobozen\u00ed Bratislavy. T\u00edmto chceme zd\u016fraznit na\u0161e partnerstv\u00ed v souvislosti s histori\u00ed druh\u00e9 sv\u011btov\u00e9 v\u00e1lky.<\/p>\n<p>Bohu\u017eel p\u0159edchoz\u00ed slovensk\u00e9 \u00fa\u0159ady p\u0159\u00edmo n\u00e1sledovaly linii Z\u00e1padu a n\u011bkter\u00e9 na\u0161e iniciativy byly zmrazeny, nedokon\u010deny, sp\u00ed\u0161e ne\u00fapln\u00e9. Na na\u0161em p\u0159edchoz\u00edm setk\u00e1n\u00ed jsme se dohodli, \u017ee budeme spolupracovat s va\u0161\u00ed vl\u00e1dou na obnoven\u00ed bilater\u00e1ln\u00ed spolupr\u00e1ce. Bilater\u00e1ln\u00edch vztah\u016f. Je to va\u0161e iniciativa a my ji pln\u011b podporujeme. Ud\u011bl\u00e1me v\u0161e, co je v na\u0161ich sil\u00e1ch, abychom splnili svou \u010d\u00e1st. V\u017edy jsme si v\u00e1\u017eili Slovenska jako p\u0159\u00e1telsk\u00e9ho n\u00e1roda a na\u0161e vztahy jsou celkov\u011b zalo\u017eeny na vz\u00e1jemn\u00e9m respektu. To jsem cht\u011bl \u0159\u00edci. A nyn\u00ed bych r\u00e1d p\u0159edal slovo v\u00e1m. D\u011bkuji.<\/p>\n<p><strong>-V\u00e1\u017een\u00fd pane prezidente Putine.<\/strong>\u00a0Dovolte mi, abych v\u00e1m a va\u0161im \u00fa\u0159edn\u00edk\u016fm pod\u011bkoval za pohostinnost a p\u00e9\u010di, kterou jste n\u00e1m b\u011bhem na\u0161\u00ed n\u00e1v\u0161t\u011bvy v Moskv\u011b v Rusku prok\u00e1zali. Pane prezidente Putine, r\u00e1d bych zd\u016fraznil jednu v\u011bc. Slovensk\u00e9 n\u00e1rodn\u00ed povst\u00e1n\u00ed, kter\u00e9 se odehr\u00e1lo v roce 1944, m\u011blo ur\u010dit\u00e9 rozkazy. A tyto rozkazy \u0159\u00edkaly, \u017ee na\u0161e zem\u011b je protifa\u0161istick\u00e1 zem\u011b a \u017ee ct\u00edme v\u0161echny mu\u017ee a \u017eeny, kte\u0159\u00ed bojovali proti nacismu a fa\u0161ismu a osvobodili na\u0161i zemi od nacistick\u00e9ho N\u011bmecka. Tak\u017ee jsem nem\u011bl \u017e\u00e1dn\u00e9 dilema, kdy\u017e jsem tedy obdr\u017eel Va\u0161e pozv\u00e1n\u00ed k \u00fa\u010dasti na oslav\u00e1ch 80. v\u00fdro\u010d\u00ed v\u00edt\u011bzstv\u00ed ve Velk\u00e9 vlasteneck\u00e9 v\u00e1lce. Byla to pro m\u011b \u010dest a r\u00e1d jsem ho p\u0159ijal.<\/p>\n<p>V\u0161echny technick\u00e9 pot\u00ed\u017ee a p\u0159ek\u00e1\u017eky, kter\u00e9 n\u00e1m zp\u016fsobili na\u0161i partne\u0159i z Evropsk\u00e9 unie, berme to jako d\u011btskou hru, jako vtip. Byly i jin\u00e9 mo\u017enosti. Mohli jsme jet p\u0159es Kaliningrad nebo p\u0159es B\u011blorusko. M\u011bli jsme mnoho mo\u017enost\u00ed, jak se sem dostat. Ale m\u00fdm c\u00edlem bylo dorazit dnes r\u00e1no v 9:00 do Moskvy. A pane prezidente, dovolte mi znovu potvrdit, \u017ee slovensk\u00e1 vl\u00e1da m\u00e1 velk\u00fd z\u00e1jem o spolupr\u00e1ci s Ruskem. Jist\u011b, pokud jde o v\u0161echny ud\u00e1losti druh\u00e9 sv\u011btov\u00e9 v\u00e1lky a pokud jde o h\u0159bitovy, kter\u00e9 jste zm\u00ednil, rozhodnut\u00ed postavit pam\u00e1tn\u00edk mar\u0161\u00e1lu Kon\u011bvovi souviselo s historickou operac\u00ed, kter\u00e1 se odehr\u00e1la b\u011bhem v\u00e1lky. Pokud jde o m\u011bsto Michalovce, ji\u017e jsme tam otev\u0159eli nejv\u011bt\u0161\u00ed vojensk\u00fd h\u0159bitov.<\/p>\n<p>Je tam poh\u0159beno 16 000 voj\u00e1k\u016f Rud\u00e9 arm\u00e1dy, voj\u00e1k\u016f Rud\u00e9 arm\u00e1dy. Lid\u00e9, kte\u0159\u00ed se pod\u00edleli na osvobozen\u00ed Slovenska od nacistick\u00e9ho N\u011bmecka. A jsem vd\u011b\u010dn\u00fd va\u0161emu velvyslanci za \u00fa\u010dast na zah\u00e1jen\u00ed a otev\u0159en\u00ed tohoto h\u0159bitova. Nyn\u00ed je to ve\u0159ejn\u00fd h\u0159bitov a m\u00e1me i dal\u0161\u00ed podobn\u00e9 projekty. Mohli bychom dokonce sestavit seznam dal\u0161\u00edch pam\u00e1tn\u00edk\u016f a h\u0159bitov\u016f, na kter\u00e9 bychom se mohli pozd\u011bji zam\u011b\u0159it. Pane prezidente, ne\u0159eknu nic neobvykl\u00e9ho, kdy\u017e \u0159eknu, \u017ee n\u011bkter\u00e9 strany projevuj\u00ed velkou ochotu vytvo\u0159it takzvanou novou \u017eeleznou oponu, kter\u00e1 se projevuje v r\u016fzn\u00fdch form\u00e1ch. Nap\u0159\u00edklad v\u010dera, kdy\u017e jsem si uv\u011bdomil, jak obt\u00ed\u017en\u00e9 je dostat se do Ruska, na rozd\u00edl od d\u0159\u00edv\u011bj\u0161ka, kdy cesta z Bratislavy do Moskvy trvala jen dv\u011b hodiny.<\/p>\n<p><a href=\"https:\/\/aeronet.news\/wp-content\/uploads\/PutinFicoKremlinMay2025_Meeting.jpg\"><img decoding=\"async\" loading=\"lazy\" class=\"wp-image-63548 aligncenter\" src=\"https:\/\/aeronet.news\/wp-content\/uploads\/PutinFicoKremlinMay2025_Meeting.jpg\" sizes=\"(max-width: 1280px) 100vw, 1280px\" srcset=\"https:\/\/aeronet.news\/wp-content\/uploads\/PutinFicoKremlinMay2025_Meeting.jpg 1280w, https:\/\/aeronet.news\/wp-content\/uploads\/PutinFicoKremlinMay2025_Meeting-300x170.jpg 300w, https:\/\/aeronet.news\/wp-content\/uploads\/PutinFicoKremlinMay2025_Meeting-768x435.jpg 768w, https:\/\/aeronet.news\/wp-content\/uploads\/PutinFicoKremlinMay2025_Meeting-1024x580.jpg 1024w, https:\/\/aeronet.news\/wp-content\/uploads\/PutinFicoKremlinMay2025_Meeting-700x396.jpg 700w, https:\/\/aeronet.news\/wp-content\/uploads\/PutinFicoKremlinMay2025_Meeting-630x357.jpg 630w, https:\/\/aeronet.news\/wp-content\/uploads\/PutinFicoKremlinMay2025_Meeting-853x483.jpg 853w\" alt=\"\" width=\"920\" height=\"521\" \/><\/a><\/p>\n<p style=\"text-align: center;\"><em>Jedn\u00e1n\u00ed obou delegac\u00ed v Kremlu<\/em><\/p>\n<p>Vezm\u011bme si tak\u00e9 sankce, kter\u00e9 se ve skute\u010dnosti obrac\u00ed proti Evropsk\u00e9 unii. A nyn\u00ed p\u0159i\u0161el n\u00e1vrh EU nazvan\u00fd \u201cRepowering\u201d. Ten zahrnuje zastaven\u00ed ve\u0161ker\u00e9ho v\u00fdvozu energetick\u00fdch zdroj\u016f nebo dovozu energetick\u00fdch zdroj\u016f z Ruska. Ale bu\u010fme konstruktivn\u00ed. Kdy\u017e si mysl\u00edte, \u017ee n\u011bkdo koup\u00ed palivo od Westinghouse a zavede ho do na\u0161ich jadern\u00fdch elektr\u00e1ren, tak to je nemo\u017en\u00e9. P\u0159eru\u0161en\u00ed dod\u00e1vek z Ruska by zp\u016fsobilo nestabilitu v oblasti zpracov\u00e1n\u00ed ropy. Nap\u0159\u00edklad na\u0161e petrochemick\u00e9 z\u00e1vody byly postaveny tak, aby vyu\u017e\u00edvaly rusk\u00e9 energetick\u00e9 zdroje, ruskou ropu, a jejich p\u0159eru\u0161en\u00ed by mohlo zp\u016fsobit technologick\u00e9 probl\u00e9my. Douf\u00e1m, \u017ee na\u0161i partne\u0159i z Evropsk\u00e9 unie to zohledn\u00ed p\u0159i realizaci nov\u00fdch iniciativ v r\u00e1mci programu repoweringu.<\/p>\n<p>V\u0161ech 27 zem\u00ed by se muselo na takov\u00e9m rozhodnut\u00ed shodnout a my bychom vyu\u017eili pr\u00e1va veta, abychom zablokovali vyu\u017e\u00edv\u00e1n\u00ed jin\u00fdch energetick\u00fdch zdroj\u016f. Pokud dojde k rozhodnut\u00ed a pokud se hlasov\u00e1n\u00ed nebude jednohlasn\u00e9, v\u00fdznamn\u00e9 zem\u011b se rozhodnou samy. A v\u010dera, 8. kv\u011btna, na\u0161e vl\u00e1da, vl\u00e1da Slovensk\u00e9 republiky, ve spolupr\u00e1ci s ministerstvem obrany, uspo\u0159\u00e1dala vlastn\u00ed oslavy. Z\u00fa\u010dastnilo se jich 35 000 lid\u00ed. Byly to st\u00e1tn\u00ed sv\u00e1tky, ve\u0159ejn\u00e9 oslavy. To znovu potvrzuje, \u017ee lid\u00e9 v na\u0161\u00ed zemi respektuj\u00ed zdrav\u00fd rozum. Maj\u00ed zdrav\u00fd rozum. A v\u010dera na tom setk\u00e1n\u00ed jsem ve\u0159ejn\u011b \u0159ekl, \u017ee nepodporuji my\u0161lenku nov\u00e9 \u017eelezn\u00e9 opony. A \u017ee ud\u011bl\u00e1me v\u0161e pro to, abychom tu \u017eeleznou oponu prolomili a podali si navz\u00e1jem ruce.<\/p>\n<p>P\u0159i osvobozen\u00ed \u010ceskoslovenska zahynulo 65 000 voj\u00e1k\u016f Rud\u00e9 arm\u00e1dy. A pro m\u011b je mor\u00e1ln\u00ed povinnost\u00ed p\u0159ijet sem dnes a uct\u00edt jejich ob\u011b\u0165. Tak\u00e9 jsme oslavovali. Nav\u0161t\u00edvili jsme interaktivn\u00ed Muzeum v\u00edt\u011bzstv\u00ed. Pane prezidente, \u017eijeme v t\u011b\u017ek\u00e9 dob\u011b a jsme \u010dleny EU a NATO. R\u00e1di bychom byli v t\u011bchto organizac\u00edch respektovan\u00fdmi partnery. Ale poj\u010fme naj\u00edt zp\u016fsoby, jak rozv\u00edjet na\u0161e vlastn\u00ed vztahy. Dovolte mi to zopakovat. Slovensko m\u00e1 velk\u00fd z\u00e1jem o normalizaci vztah\u016f s Ruskem. M\u00e1me kapacity pro spolupr\u00e1ci na z\u00e1klad\u011b spolupr\u00e1ce na\u0161ich parlament\u016f. Na\u0161i poslanci ze slovensk\u00e9ho parlamentu se z\u00fa\u010dastnili konference ve Volgogradu, abychom mohli v t\u00e9to oblasti d\u00e1le pokra\u010dovat.<\/p>\n<p>Pokud jde o praktickou spolupr\u00e1ci v oblasti energetiky, mluv\u00edme o jadern\u00fdch elektr\u00e1rn\u00e1ch. Slovensk\u00e1 vl\u00e1da se domn\u00edv\u00e1, \u017ee je prakticky nemo\u017en\u00e9 uzav\u0159\u00edt, pozastavit nebo zastavit na\u0161e partnerstv\u00ed v oblasti jadern\u00e9 energetiky. Ud\u011bl\u00e1m v\u0161e pro to, aby se na\u0161e vztahy zlep\u0161ily, proto\u017ee v sou\u010dasn\u00e9 dob\u011b jsou bohu\u017eel na katastrof\u00e1ln\u011b n\u00edzk\u00e9 \u00farovni. Dnes jsem obdr\u017eel vzkaz od Kaji Kallasov\u00e9. \u0158ekla, \u017ee jsem na \u0161patn\u00e9 stran\u011b. To nep\u0159ij\u00edm\u00e1m. V\u011b\u0159\u00edm, \u017ee mus\u00edme pokra\u010dovat v rozhovorech, mus\u00edme pokra\u010dovat v komunikaci. R\u00e1d bych v\u00e1m pod\u011bkoval, pane prezidente, \u017ee krom\u011b t\u011bchto protokol\u00e1rn\u00edch jedn\u00e1n\u00ed m\u00e1m p\u0159\u00edle\u017eitost v\u00e9st bilater\u00e1ln\u00ed rozhovory. Mluvil jsem nap\u0159\u00edklad s prezidentem Braz\u00edlie, prezidentem \u010c\u00edny a gener\u00e1ln\u00edm tajemn\u00edkem Komunistick\u00e9 strany Vietnamu.<\/p>\n<p>Jedn\u00e1 se o v\u00fdznamn\u00e9 sv\u011btov\u00e9 mocnosti. A budu se i nad\u00e1le \u00fa\u010dastnit podobn\u00fdch dialog\u016f. Jsem premi\u00e9r, kter\u00fd m\u00e1 z\u00e1jem o normalizaci diskus\u00ed. A vy v\u00edte, co si mysl\u00edme o v\u00e1lce. Dovolte mi zopakovat, \u017ee jsem zast\u00e1ncem my\u0161lenky, \u017ee vojensk\u00e9 \u0159e\u0161en\u00ed neexistuje. Existuj\u00ed iniciativy z Braz\u00edlie, z \u010c\u00edny. Pracujeme v r\u00e1mci skupiny OSN nazvan\u00e9 P\u0159\u00e1tel\u00e9 m\u00edru. A bylo by dobr\u00e9 m\u00edt aktu\u00e1ln\u00ed informace o v\u00fdvoji tohoto konfliktu a procesu jeho \u0159e\u0161en\u00ed. Jsme r\u00e1di, \u017ee doch\u00e1z\u00ed k dialogu, \u017ee se hled\u00e1 \u0159e\u0161en\u00ed konfliktu. To je n\u011bco, za \u010d\u00edm stoj\u00edme od sam\u00e9ho za\u010d\u00e1tku tohoto konfliktu. D\u011bkuji v\u00e1m za p\u0159\u00edle\u017eitost setkat se s v\u00e1mi. Jako premi\u00e9r sv\u00e9 zem\u011b v\u00e1m mohu \u0159\u00edci, \u017ee m\u00e1m velk\u00fd z\u00e1jem o diplomatick\u00e9 vztahy s va\u0161\u00ed zem\u00ed. D\u011bkuji v\u00e1m.<\/p>\n<p>\u2013<em>Konec transkriptu<\/em>\u2013<\/p>\n<p>Fico v ned\u011bli varoval, \u017ee konflikt bude \u201c<em>trvat dal\u0161\u00ed roky<\/em>\u201c, pokud se z\u00e1padn\u00ed podporovatel\u00e9 Kyjeva nep\u0159estanou vm\u011b\u0161ovat a neza\u010dnou \u201cr<em>espektovat z\u00e1kladn\u00ed v\u011bci<\/em>\u201c, v\u010detn\u011b pr\u00e1va Ruska a Ukrajiny vypracovat urovn\u00e1n\u00ed mezi \u010dty\u0159ma o\u010dima. Premi\u00e9r d\u00e1le uvedl, \u017ee za ne\u00fasp\u011bchem p\u0159edchoz\u00edch rusko-ukrajinsk\u00fdch m\u00edrov\u00fdch jedn\u00e1n\u00ed v Istanbulu v roce 2022 stoj\u00ed vm\u011b\u0161ov\u00e1n\u00ed Z\u00e1padu. \u201c<em>V\u0161echno bylo p\u0159ipraveno, Ukrajina byla p\u0159ipravena podepsat m\u00edrovou dohodu, ale p\u0159i\u0161li velc\u00ed kluci ze Z\u00e1padu a \u0159ekli ne, mus\u00edme vyu\u017e\u00edt tuto v\u00e1lku, abychom porazili Rusy.\u201d<\/em>\u00a0\u201c<em>Mnoho z\u00e1padn\u00edch zem\u00ed si skute\u010dn\u011b p\u0159eje, aby tato v\u00e1lka pokra\u010dovala,<\/em>\u201d dodal Fico.<\/p>\n<h3>Trump ude\u0159il na Kyjev, \u017ee mus\u00ed ruskou nab\u00eddku na m\u00edrov\u00e1 jedn\u00e1n\u00ed v Istanbulu p\u0159ijmout<\/h3>\n<p>Vyj\u00e1d\u0159il v\u0161ak nad\u011bji, \u017ee se to zm\u011bn\u00ed, jakmile Rusko a Ukrajina zasednou k jedn\u00e1n\u00ed. \u201c<em>Je to p\u0159edev\u0161\u00edm z\u00e1le\u017eitost Ukrajiny a Ruska. Pokud budou m\u00edt z\u00e1jem pracovat, budou pracovat<\/em>.\u201d Donald Trump toti\u017e ude\u0159il do stolu a spustil se \u0159ev, kdy\u017e se dozv\u011bd\u011bl, \u017ee Ukrajina chce ruskou nab\u00eddku na \u010dtvrte\u010dn\u00ed jedn\u00e1n\u00ed v Istanbulu od\u0159eknout kv\u016fli tomu, \u017ee Rusko chce nejprve jednat a teprve potom zastavovat boje, zat\u00edmco Kyjev to chce obr\u00e1cen\u011b, nejprve 30-denn\u00ed p\u0159\u00edm\u011b\u0159\u00ed na zastaven\u00ed rusk\u00e9ho postupu a teprve potom jedn\u00e1n\u00ed v Istanbulu. Trump na s\u00edti Truth napsal:<\/p>\n<p><em><strong>Rusk\u00fd prezident Putin nechce uzav\u0159\u00edt dohodu o p\u0159\u00edm\u011b\u0159\u00ed s Ukrajinou, ale chce se ve \u010dtvrtek setkat v Turecku, aby vyjednal mo\u017en\u00e9 ukon\u010den\u00ed KRVAV\u00c9 L\u00c1ZNI. Ukrajina by s t\u00edm m\u011bla okam\u017eit\u011b souhlasit. Alespo\u0148 budou moci zjistit, zda je dohoda mo\u017en\u00e1, a pokud ne, evrop\u0161t\u00ed l\u00edd\u0159i a USA budou v\u011bd\u011bt, jak se v\u011bci maj\u00ed, a budou moci postupovat podle toho! Za\u010d\u00edn\u00e1m pochybovat, \u017ee Ukrajina uzav\u0159e dohodu s Putinem, kter\u00fd je p\u0159\u00edli\u0161 zanepr\u00e1zdn\u011bn oslavami v\u00edt\u011bzstv\u00ed ve druh\u00e9 sv\u011btov\u00e9 v\u00e1lce, kter\u00e9 by bez Spojen\u00fdch st\u00e1t\u016f americk\u00fdch nebylo mo\u017en\u00e9 dos\u00e1hnout (ani zdaleka!). SETK\u00c1N\u00cd SE MUS\u00cd KONAT, A TO IHNED!!!<\/strong><\/em><\/p>\n<div class=\"twitter-tweet twitter-tweet-rendered\"><iframe id=\"twitter-widget-0\" class=\"\" title=\"X Post\" src=\"https:\/\/platform.twitter.com\/embed\/Tweet.html?dnt=false&amp;embedId=twitter-widget-0&amp;features=eyJ0ZndfdGltZWxpbmVfbGlzdCI6eyJidWNrZXQiOltdLCJ2ZXJzaW9uIjpudWxsfSwidGZ3X2ZvbGxvd2VyX2NvdW50X3N1bnNldCI6eyJidWNrZXQiOnRydWUsInZlcnNpb24iOm51bGx9LCJ0ZndfdHdlZXRfZWRpdF9iYWNrZW5kIjp7ImJ1Y2tldCI6Im9uIiwidmVyc2lvbiI6bnVsbH0sInRmd19yZWZzcmNfc2Vzc2lvbiI6eyJidWNrZXQiOiJvbiIsInZlcnNpb24iOm51bGx9LCJ0ZndfZm9zbnJfc29mdF9pbnRlcnZlbnRpb25zX2VuYWJsZWQiOnsiYnVja2V0Ijoib24iLCJ2ZXJzaW9uIjpudWxsfSwidGZ3X21peGVkX21lZGlhXzE1ODk3Ijp7ImJ1Y2tldCI6InRyZWF0bWVudCIsInZlcnNpb24iOm51bGx9LCJ0ZndfZXhwZXJpbWVudHNfY29va2llX2V4cGlyYXRpb24iOnsiYnVja2V0IjoxMjA5NjAwLCJ2ZXJzaW9uIjpudWxsfSwidGZ3X3Nob3dfYmlyZHdhdGNoX3Bpdm90c19lbmFibGVkIjp7ImJ1Y2tldCI6Im9uIiwidmVyc2lvbiI6bnVsbH0sInRmd19kdXBsaWNhdGVfc2NyaWJlc190b19zZXR0aW5ncyI6eyJidWNrZXQiOiJvbiIsInZlcnNpb24iOm51bGx9LCJ0ZndfdXNlX3Byb2ZpbGVfaW1hZ2Vfc2hhcGVfZW5hYmxlZCI6eyJidWNrZXQiOiJvbiIsInZlcnNpb24iOm51bGx9LCJ0ZndfdmlkZW9faGxzX2R5bmFtaWNfbWFuaWZlc3RzXzE1MDgyIjp7ImJ1Y2tldCI6InRydWVfYml0cmF0ZSIsInZlcnNpb24iOm51bGx9LCJ0ZndfbGVnYWN5X3RpbWVsaW5lX3N1bnNldCI6eyJidWNrZXQiOnRydWUsInZlcnNpb24iOm51bGx9LCJ0ZndfdHdlZXRfZWRpdF9mcm9udGVuZCI6eyJidWNrZXQiOiJvbiIsInZlcnNpb24iOm51bGx9fQ%3D%3D&amp;frame=false&amp;hideCard=false&amp;hideThread=false&amp;id=1921607270162428407&amp;lang=cs&amp;origin=https%3A%2F%2Faeronet.news%2Frobert-fico-mel-bilateralni-jednani-s-vladimirem-putinem-ktere-se-neslo-v-pratelskem-duchu-az-na-moment-kdy-vladimir-putin-protocil-oci-ke-stropu-kdyz-fico-zacal-mluvit-o-dovoleni-partneru-z-eu%2F&amp;sessionId=35505dfe730b49bcf5f7b6b388d302b4fa271592&amp;theme=light&amp;widgetsVersion=2615f7e52b7e0%3A1702314776716&amp;width=550px\" frameborder=\"0\" scrolling=\"no\" allowfullscreen=\"allowfullscreen\" data-tweet-id=\"1921607270162428407\" data-mce-fragment=\"1\"><\/iframe><\/div>\n<p>Ukrajinsk\u00fd dikt\u00e1tor Volodymyr Zelensk\u00fd toti\u017e v ned\u011bli reagoval\u00a0<strong>[<a href=\"https:\/\/href.li\/?https:\/\/www.rt.com\/russia\/617375-zelensky-responds-putin-peace-talks\/\" target=\"_blank\" rel=\"nofollow noopener\">5<\/a>]<\/strong>\u00a0na n\u00e1vrh rusk\u00e9ho prezidenta Vladimira Putina na p\u0159\u00edm\u00e9 m\u00edrov\u00e9 rozhovory a zopakoval sv\u016fj po\u017eadavek, \u017ee jak\u00e9mukoli zapojen\u00ed mus\u00ed p\u0159edch\u00e1zet komplexn\u00ed p\u0159\u00edm\u011b\u0159\u00ed. Moskva v\u0161ak uvedla, \u017ee proces urovn\u00e1n\u00ed mus\u00ed za\u010d\u00edt rozhovory, po nich\u017e bude p\u0159\u00edpadn\u011b n\u00e1sledovat p\u0159\u00edm\u011b\u0159\u00ed \u2013 nikoli naopak.\u00a0<strong>V ned\u011bli Putin navrhl obnoven\u00ed p\u0159\u00edm\u00fdch jedn\u00e1n\u00ed s Ukrajinou 15. kv\u011btna v tureck\u00e9m Istanbulu \u201c<em>bez jak\u00fdchkoli p\u0159edb\u011b\u017en\u00fdch podm\u00ednek.<\/em>\u201c<\/strong>\u00a0To je p\u0159esn\u011b to, co po\u017eaduje Donald Trump od za\u010d\u00e1tku.<\/p>\n<p>Poznamenal, \u017ee Rusko nikdy neodm\u00edtalo dialog, a vyj\u00e1d\u0159il nad\u011bji, \u017ee tureck\u00fd prezident Recep Tayyip Erdogan setk\u00e1n\u00ed usnadn\u00ed. Mluv\u010d\u00ed Kremlu Dmitrij Peskov ozna\u010dil Putin\u016fv n\u00e1vrh za \u201c<em>seri\u00f3zn\u00ed nab\u00eddku<\/em>\u201d zam\u011b\u0159enou na dosa\u017een\u00ed trval\u00e9ho m\u00edru prost\u0159ednictv\u00edm smyslupln\u00fdch jedn\u00e1n\u00ed. Trump\u016fv status na s\u00edti Truth, \u017ee Ukrajina by m\u011bla s ruskou nab\u00eddkou na jedn\u00e1n\u00ed okam\u017eit\u011b souhlasit, jasn\u011b potvrzuje, \u017ee nyn\u00ed mus\u00ed Kyjev jednat, jinak vina za zma\u0159en\u00ed m\u00edru bude na Ukrajin\u011b. Nyn\u00ed se uk\u00e1\u017ee, kdo m\u00e1 vy\u0161\u0161\u00ed moc nad Kyjevem, jestli Lond\u00fdn nebo Washington.<\/p>\n<h3>Aktualizace 22:15 \u2013 Zelensk\u00fd pr\u00fd bude \u010dekat na Putina v Istanbulu<\/h3>\n<p>Ukrajinsk\u00fd dikt\u00e1tor Volodymyr Zelensk\u00fd v ned\u011bli ve\u010der nakonec\u00a0<strong>prohl\u00e1sil [<a href=\"https:\/\/href.li\/?https:\/\/www.bbc.com\/news\/articles\/ckgxrm0lnego\" target=\"_blank\" rel=\"nofollow noopener\">6<\/a>], \u017ee je p\u0159ipraven se ve \u010dtvrtek v Istanbulu \u201c<em>osobn\u011b<\/em>\u201d setkat s rusk\u00fdm prezidentem Vladimirem Putinem a jednat s n\u00edm o ukon\u010den\u00ed v\u00e1lky.<\/strong>\u00a0Jeho prohl\u00e1\u0161en\u00ed p\u0159i\u0161lo kr\u00e1tce pot\u00e9, co Donald Trump na s\u00edti Truth napsal v\u00fd\u0161e uveden\u00fd ostr\u00fd po\u017eadavek, aby Ukrajina souhlasila s Putinovou nab\u00eddkou p\u0159\u00edm\u00fdch rozhovor\u016f mezi ob\u011bma zem\u011bmi v Turecku. \u201c<em>Nem\u00e1 smysl prodlu\u017eovat zab\u00edjen\u00ed. A j\u00e1 budu ve \u010dtvrtek \u010dekat na Putina v Turecku. Osobn\u011b,<\/em>\u201d napsal Zelensk\u00fd.<\/p>\n<p>Ji\u017e d\u0159\u00edve uvedl, \u017ee jeho zem\u011b je otev\u0159ena rozhovor\u016fm s Ruskem, ale a\u017e po uzav\u0159en\u00ed p\u0159\u00edm\u011b\u0159\u00ed. Nyn\u00ed podle v\u0161eho tato podm\u00ednka po Trumpov\u011b n\u00e1tlaku padla a zm\u011bnila se z po\u017eadavku na \u201c<em>o\u010dek\u00e1v\u00e1n\u00ed<\/em>\u201d p\u0159\u00edm\u011b\u0159\u00ed. Zelensk\u00fd na Twitteru\/X zm\u011bnil t\u00f3n a ji\u017e nejde o po\u017eadavek, ale o o\u010dek\u00e1v\u00e1n\u00ed p\u0159\u00edm\u011b\u0159\u00ed: \u201c<em>Od z\u00edt\u0159ka\u00a0<strong>o\u010dek\u00e1v\u00e1me p\u0159\u00edm\u011b\u0159\u00ed<\/strong>\u00a0\u2013 tento n\u00e1vrh je na stole. \u00dapln\u00e9 a bezpodm\u00edne\u010dn\u00e9 p\u0159\u00edm\u011b\u0159\u00ed, kter\u00e9 bude trvat dostate\u010dn\u011b dlouho, aby poskytlo nezbytn\u00fd z\u00e1klad pro diplomacii, by mohlo v\u00fdrazn\u011b p\u0159ibl\u00ed\u017eit m\u00edr. Ukrajina to navrhuje ji\u017e dlouho, navrhuj\u00ed to na\u0161i partne\u0159i a vol\u00e1 po tom cel\u00fd sv\u011bt. \u010cek\u00e1me na jasnou odpov\u011b\u010f Ruska.<\/em>\u201c<\/p>\n<div class=\"twitter-tweet twitter-tweet-rendered\"><iframe id=\"twitter-widget-1\" class=\"\" title=\"X Post\" src=\"https:\/\/platform.twitter.com\/embed\/Tweet.html?dnt=false&amp;embedId=twitter-widget-1&amp;features=eyJ0ZndfdGltZWxpbmVfbGlzdCI6eyJidWNrZXQiOltdLCJ2ZXJzaW9uIjpudWxsfSwidGZ3X2ZvbGxvd2VyX2NvdW50X3N1bnNldCI6eyJidWNrZXQiOnRydWUsInZlcnNpb24iOm51bGx9LCJ0ZndfdHdlZXRfZWRpdF9iYWNrZW5kIjp7ImJ1Y2tldCI6Im9uIiwidmVyc2lvbiI6bnVsbH0sInRmd19yZWZzcmNfc2Vzc2lvbiI6eyJidWNrZXQiOiJvbiIsInZlcnNpb24iOm51bGx9LCJ0ZndfZm9zbnJfc29mdF9pbnRlcnZlbnRpb25zX2VuYWJsZWQiOnsiYnVja2V0Ijoib24iLCJ2ZXJzaW9uIjpudWxsfSwidGZ3X21peGVkX21lZGlhXzE1ODk3Ijp7ImJ1Y2tldCI6InRyZWF0bWVudCIsInZlcnNpb24iOm51bGx9LCJ0ZndfZXhwZXJpbWVudHNfY29va2llX2V4cGlyYXRpb24iOnsiYnVja2V0IjoxMjA5NjAwLCJ2ZXJzaW9uIjpudWxsfSwidGZ3X3Nob3dfYmlyZHdhdGNoX3Bpdm90c19lbmFibGVkIjp7ImJ1Y2tldCI6Im9uIiwidmVyc2lvbiI6bnVsbH0sInRmd19kdXBsaWNhdGVfc2NyaWJlc190b19zZXR0aW5ncyI6eyJidWNrZXQiOiJvbiIsInZlcnNpb24iOm51bGx9LCJ0ZndfdXNlX3Byb2ZpbGVfaW1hZ2Vfc2hhcGVfZW5hYmxlZCI6eyJidWNrZXQiOiJvbiIsInZlcnNpb24iOm51bGx9LCJ0ZndfdmlkZW9faGxzX2R5bmFtaWNfbWFuaWZlc3RzXzE1MDgyIjp7ImJ1Y2tldCI6InRydWVfYml0cmF0ZSIsInZlcnNpb24iOm51bGx9LCJ0ZndfbGVnYWN5X3RpbWVsaW5lX3N1bnNldCI6eyJidWNrZXQiOnRydWUsInZlcnNpb24iOm51bGx9LCJ0ZndfdHdlZXRfZWRpdF9mcm9udGVuZCI6eyJidWNrZXQiOiJvbiIsInZlcnNpb24iOm51bGx9fQ%3D%3D&amp;frame=false&amp;hideCard=false&amp;hideThread=false&amp;id=1921642678057635893&amp;lang=cs&amp;origin=https%3A%2F%2Faeronet.news%2Frobert-fico-mel-bilateralni-jednani-s-vladimirem-putinem-ktere-se-neslo-v-pratelskem-duchu-az-na-moment-kdy-vladimir-putin-protocil-oci-ke-stropu-kdyz-fico-zacal-mluvit-o-dovoleni-partneru-z-eu%2F&amp;sessionId=35505dfe730b49bcf5f7b6b388d302b4fa271592&amp;theme=light&amp;widgetsVersion=2615f7e52b7e0%3A1702314776716&amp;width=550px\" frameborder=\"0\" scrolling=\"no\" allowfullscreen=\"allowfullscreen\" data-tweet-id=\"1921642678057635893\" data-mce-fragment=\"1\"><\/iframe><\/div>\n<p>Zelensk\u00fd v sobotu absolvoval bojovou sch\u016fzku se sv\u00fdmi kur\u00e1tory ze Z\u00e1padu, kterou zakon\u010dilo spole\u010dn\u00e9 prohl\u00e1\u0161en\u00ed vedouc\u00edch p\u0159edstavitel\u016f Francie, N\u011bmecka, Polska, Spojen\u00e9ho kr\u00e1lovstv\u00ed a Ukrajiny po setk\u00e1n\u00ed v Kyjev\u011b.\u00a0<strong>V sobotu 10. kv\u011btna 2025 se v Kyjev\u011b se\u0161li a shodli se, \u017ee od pond\u011bl\u00ed 12. kv\u011btna by m\u011blo platit \u00fapln\u00e9 a bezpodm\u00edne\u010dn\u00e9 p\u0159\u00edm\u011b\u0159\u00ed po dobu nejm\u00e9n\u011b 30 dn\u016f.<\/strong>\u00a0Moskva nab\u00edz\u00ed jedn\u00e1n\u00ed bez jak\u00fdchkoliv podm\u00ednek v Istanbulu. Ani Trump nechce podm\u00ednky pro zah\u00e1jen\u00ed jedn\u00e1n\u00ed. Podm\u00ednku zastaven\u00ed boj\u016f chce Lond\u00fdn, Pa\u0159\u00ed\u017e a Kyjev. Ukrajinsk\u00e1 arm\u00e1da toti\u017e ustupuje a Kyjev t\u00edm p\u00e1dem je v nev\u00fdhodn\u00e9 pozici pro vyjedn\u00e1v\u00e1n\u00ed, kde bude v roli toho, kdo prohr\u00e1v\u00e1.<\/p>\n<p><a href=\"https:\/\/aeronet.news\/robert-fico-mel-bilateralni-jednani-s-vladimirem-putinem-ktere-se-neslo-v-pratelskem-duchu-az-na-moment-kdy-vladimir-putin-protocil-oci-ke-stropu-kdyz-fico-zacal-mluvit-o-dovoleni-partneru-z-eu\/\">-VK-<\/a><\/p>\n<p>&nbsp;<\/p>\n","protected":false},"excerpt":{"rendered":"<p>Robert Fico m\u011bl bilater\u00e1ln\u00ed jedn\u00e1n\u00ed s Vladimirem Putinem, kter\u00e9 se neslo v p\u0159\u00e1telsk\u00e9m duchu, a\u017e&#8230;<\/p>\n","protected":false},"author":2,"featured_media":78592,"comment_status":"closed","ping_status":"closed","sticky":false,"template":"","format":"standard","meta":[],"categories":[6],"tags":[1042,636,1060,1065,102],"_links":{"self":[{"href":"https:\/\/www.infokuryr.cz\/n\/wp-json\/wp\/v2\/posts\/78591"}],"collection":[{"href":"https:\/\/www.infokuryr.cz\/n\/wp-json\/wp\/v2\/posts"}],"about":[{"href":"https:\/\/www.infokuryr.cz\/n\/wp-json\/wp\/v2\/types\/post"}],"author":[{"embeddable":true,"href":"https:\/\/www.infokuryr.cz\/n\/wp-json\/wp\/v2\/users\/2"}],"replies":[{"embeddable":true,"href":"https:\/\/www.infokuryr.cz\/n\/wp-json\/wp\/v2\/comments?post=78591"}],"version-history":[{"count":0,"href":"https:\/\/www.infokuryr.cz\/n\/wp-json\/wp\/v2\/posts\/78591\/revisions"}],"wp:featuredmedia":[{"embeddable":true,"href":"https:\/\/www.infokuryr.cz\/n\/wp-json\/wp\/v2\/media\/78592"}],"wp:attachment":[{"href":"https:\/\/www.infokuryr.cz\/n\/wp-json\/wp\/v2\/media?parent=78591"}],"wp:term":[{"taxonomy":"category","embeddable":true,"href":"https:\/\/www.infokuryr.cz\/n\/wp-json\/wp\/v2\/categories?post=78591"},{"taxonomy":"post_tag","embeddable":true,"href":"https:\/\/www.infokuryr.cz\/n\/wp-json\/wp\/v2\/tags?post=78591"}],"curies":[{"name":"wp","href":"https:\/\/api.w.org\/{rel}","templated":true}]}}