{"id":78530,"date":"2025-05-11T05:03:29","date_gmt":"2025-05-11T03:03:29","guid":{"rendered":"https:\/\/www.infokuryr.cz\/n\/?p=78530"},"modified":"2025-05-11T05:03:29","modified_gmt":"2025-05-11T03:03:29","slug":"silne-deste-v-somalsku-zabily-nejmene-12-lidi","status":"publish","type":"post","link":"https:\/\/www.infokuryr.cz\/n\/2025\/05\/11\/silne-deste-v-somalsku-zabily-nejmene-12-lidi\/","title":{"rendered":"Siln\u00e9 de\u0161t\u011b v Som\u00e1lsku zabily nejm\u00e9n\u011b 12 lid\u00ed"},"content":{"rendered":"<div id=\"fb-root\"><\/div>\n<p class=\"lead\"><strong>Siln\u00e9 de\u0161t\u011b, kter\u00e9 v noci zas\u00e1hly Som\u00e1lsko, zabily nejm\u00e9n\u011b 12 lid\u00ed. Ozn\u00e1mil to 10. kv\u011btna den\u00edk Garowe s odvol\u00e1n\u00edm na m\u00edstn\u00ed zdroje.<\/strong><\/p>\n<p><em>\u201eP\u0159i lij\u00e1ku zem\u0159elo nejm\u00e9n\u011b 12 lid\u00ed, n\u011bkte\u0159\u00ed z nich pot\u00e9, co se jim z\u0159\u00edtily domy,\u201c<span class=\"after-quote\">\u00a0\u2014 uvedl Garowe ve zpr\u00e1v\u011b na soci\u00e1ln\u00ed s\u00edti X.<\/span><\/em><\/p>\n<p><span>Uv\u00e1d\u00ed se, \u017ee v sou\u010dasn\u00e9 dob\u011b v hlavn\u00edm m\u011bst\u011b zem\u011b Mogadi\u0161u m\u00edstn\u00ed obyvatel\u00e9 nad\u00e1le p\u00e1traj\u00ed po jeden\u00e1ctilet\u00e9m chlapci, kter\u00fd podle p\u0159edpoklad\u016f mohl zem\u0159\u00edt v d\u016fsledku p\u00e1du do d\u00edry s vodou.<\/span><\/p>\n<p><span>Publikace zd\u016fraznila, \u017ee ob\u010dan\u00e9 kritizovali nep\u0159\u00edtomnost ofici\u00e1ln\u00edch z\u00e1stupc\u016f region\u00e1ln\u00ed spr\u00e1vy Benadiru a som\u00e1lsk\u00e9 vl\u00e1dy.<\/span><\/p>\n<p><img decoding=\"async\" loading=\"lazy\" class=\"alignnone size-full wp-image-71983\" src=\"http:\/\/www.infokuryr.cz\/n\/wp-content\/uploads\/2025\/02\/aaa.jpg\" alt=\"\" width=\"89\" height=\"23\" \/><\/p>\n<p>&nbsp;<\/p>\n","protected":false},"excerpt":{"rendered":"<p>Siln\u00e9 de\u0161t\u011b, kter\u00e9 v noci zas\u00e1hly Som\u00e1lsko, zabily nejm\u00e9n\u011b 12 lid\u00ed. Ozn\u00e1mil to 10. kv\u011btna&#8230;<\/p>\n","protected":false},"author":2,"featured_media":78531,"comment_status":"closed","ping_status":"closed","sticky":false,"template":"","format":"standard","meta":[],"categories":[7],"tags":[5429,871,3114],"_links":{"self":[{"href":"https:\/\/www.infokuryr.cz\/n\/wp-json\/wp\/v2\/posts\/78530"}],"collection":[{"href":"https:\/\/www.infokuryr.cz\/n\/wp-json\/wp\/v2\/posts"}],"about":[{"href":"https:\/\/www.infokuryr.cz\/n\/wp-json\/wp\/v2\/types\/post"}],"author":[{"embeddable":true,"href":"https:\/\/www.infokuryr.cz\/n\/wp-json\/wp\/v2\/users\/2"}],"replies":[{"embeddable":true,"href":"https:\/\/www.infokuryr.cz\/n\/wp-json\/wp\/v2\/comments?post=78530"}],"version-history":[{"count":0,"href":"https:\/\/www.infokuryr.cz\/n\/wp-json\/wp\/v2\/posts\/78530\/revisions"}],"wp:featuredmedia":[{"embeddable":true,"href":"https:\/\/www.infokuryr.cz\/n\/wp-json\/wp\/v2\/media\/78531"}],"wp:attachment":[{"href":"https:\/\/www.infokuryr.cz\/n\/wp-json\/wp\/v2\/media?parent=78530"}],"wp:term":[{"taxonomy":"category","embeddable":true,"href":"https:\/\/www.infokuryr.cz\/n\/wp-json\/wp\/v2\/categories?post=78530"},{"taxonomy":"post_tag","embeddable":true,"href":"https:\/\/www.infokuryr.cz\/n\/wp-json\/wp\/v2\/tags?post=78530"}],"curies":[{"name":"wp","href":"https:\/\/api.w.org\/{rel}","templated":true}]}}