{"id":7846,"date":"2022-01-27T04:21:51","date_gmt":"2022-01-27T03:21:51","guid":{"rendered":"http:\/\/www.infokuryr.cz\/n\/?p=7846"},"modified":"2022-01-27T04:21:52","modified_gmt":"2022-01-27T03:21:52","slug":"nemecky-vice-admiral-a-vrchni-velitel-namornictva-sokoval-svym-otevrenym-projevem-o-respektu-k-ruske-federaci","status":"publish","type":"post","link":"https:\/\/www.infokuryr.cz\/n\/2022\/01\/27\/nemecky-vice-admiral-a-vrchni-velitel-namornictva-sokoval-svym-otevrenym-projevem-o-respektu-k-ruske-federaci\/","title":{"rendered":"N\u011bmeck\u00fd vice-admir\u00e1l a vrchn\u00ed velitel n\u00e1mo\u0159nictva \u0161okoval sv\u00fdm otev\u0159en\u00fdm projevem o respektu k Rusk\u00e9 federaci"},"content":{"rendered":"<div id=\"fb-root\"><\/div>\n<h4>VIDEO: N\u011bmeck\u00fd vice-admir\u00e1l a vrchn\u00ed velitel n\u00e1mo\u0159nictva \u0161okoval sv\u00fdm otev\u0159en\u00fdm projevem o respektu k Rusk\u00e9 federaci, Vladimiru Putinovi a d\u016frazem na k\u0159es\u0165ansk\u00e9 z\u00e1klady N\u011bmecka a Ruska! Kay-Achim Sch\u00f6nbach odhalil p\u0159\u00edsn\u011b utajovan\u00e9 mocensk\u00e9 spojov\u00e1n\u00ed Berl\u00edna a Moskvy, ale jeho rezignaci nevyvolaly pozn\u00e1mky o Ukrajin\u011b, ale vsuvka o k\u0159es\u0165ansk\u00e9m p\u016fvodu N\u011bmecka a o tom, \u017ee to sam\u00e9 prohl\u00e1sil i Vladimir Putin! V Berl\u00edn\u011b spadly v Reichstagu \u0161okem hodiny ze zdi, proto\u017ee vice-admir\u00e1l odhalil, \u017ee n\u011bmeck\u00e1 arm\u00e1da m\u00e1 z t\u00e9 rusk\u00e9 po\u0159\u00e1dn\u00fd respekt, ale i obdiv ke garanci k\u0159es\u0165anstv\u00ed!<\/h4>\n<p>P\u0159ed n\u011bkolika dny p\u0159inesla sv\u011btov\u00e1 m\u00e9dia v\u00fdbu\u0161nou informaci o tom, \u017ee n\u011bmeck\u00fd vice-admir\u00e1l a vrchn\u00ed velitel n\u00e1mo\u0159nictva\u00a0Kay-Achim Sch\u00f6nbach si pustil nepat\u0159i\u010dn\u011b \u00fasta na \u0161pac\u00edr p\u0159i vojensk\u00e9 n\u00e1v\u0161t\u011bv\u011b v indick\u00e9m Delhi, kde poskytl rozhovor m\u00edstn\u00edm novin\u00e1\u0159\u016fm.\u00a0<strong>Vice-admir\u00e1l se toti\u017e vyj\u00e1d\u0159il [<a href=\"https:\/\/href.li\/?https:\/\/www.theguardian.com\/world\/2022\/jan\/23\/german-navy-chief-quits-after-saying-putin-deserves-respect-over-ukraine\" target=\"_blank\" rel=\"nofollow noopener\">1<\/a>] nejen k Ukrajin\u011b, ale i k Vladimiru Putinovi, kter\u00fd pr\u00fd nepo\u017eaduje prakticky nic v\u00edc ne\u017e respekt.<\/strong>\u00a0Kay-Achim Sch\u00f6nbach potom \u0161okoval, kdy\u017e vyzval ke sjednocen\u00ed a spolupr\u00e1ci Ruska, EU a USA ve spole\u010dn\u00e9 k\u0159es\u0165ansk\u00e9 alianci proti \u010c\u00edn\u011b.<\/p>\n<p>V t\u00e9 chv\u00edli pr\u00fd u\u017e v Bundestagu lezli poslanci po strop\u011b a hodiny se kym\u00e1cely na zdi, proto\u017ee to nemohlo dopadnout dob\u0159e. Vice-admir\u00e1l b\u011bhem n\u011bjak\u00fdch 2 minut odhalil v podstat\u011b cel\u00fd projekt\u00a0<em>Das Neue Europa<\/em>, cel\u00fd projekt spojenectv\u00ed Berl\u00edn \u2013 Moskva a rovn\u011b\u017e i ve\u0159ejn\u00e9 tajemstv\u00ed o tom, co si mysl\u00ed cel\u00e9 n\u011bmeck\u00e9 n\u00e1mo\u0159nictvo o islamizaci N\u011bmecka.\u00a0Kay-Achim Sch\u00f6nbach toti\u017e opep\u0159il sv\u016fj projev v\u00fdrokem o tom, \u017ee N\u011bmecko a Rusko jsou k\u0159es\u0165ansk\u00e9 zem\u011b, a \u017ee Putin to tak\u00e9 \u0159\u00edkal.<\/p>\n<p>&nbsp;<\/p>\n<div id=\"rumble_vqq4v1\">\n<div id=\"vid_vqq4v1\" class=\"rumble_vqq4v1-Rumble-cls\">\n<div class=\"bigPlayUI ctp\">\n<div class=\"bigPlayUIInner ctp\"><div class='videoWrapper'>\r\n\t            <iframe src='https:\/\/rumble.com\/embed\/pj.vqq4v1\/' frameborder='0' allowfullscreen><\/iframe>\r\n\t        <\/div><\/div>\n<\/div>\n<\/div>\n<\/div>\n<p>&nbsp;<\/p>\n<p>V t\u00e9 chv\u00edli v Reichstagu definitivn\u011b spadly hodiny ze zdi, proto\u017ee kdy\u017e tohle vypust\u00ed ze sv\u00fdch \u00fast \u0161\u00e9f n\u011bmeck\u00e9\u00a0<em>Kriegsmarine<\/em>, i kdy\u017e ta se u\u017e tak d\u00e1vno pro jistotu nejmenuje, tak to vy\u0161le v N\u011bmecku tak stra\u0161n\u00fd sign\u00e1l, \u017ee m\u00e9dia v zoufalstv\u00ed nev\u00ed, co maj\u00ed d\u011blat. N\u011bmecko se sna\u017e\u00ed projekt\u00a0<em>Das Neue Europa<\/em>\u00a0zalo\u017een\u00fd na alianci Berl\u00edna a Moskvy maxim\u00e1ln\u011b utajit, proto\u017ee N\u011bmecku jde st\u00e1le o krk, nezapom\u00ednejte, \u017ee USA maj\u00ed na \u00fazem\u00ed N\u011bmecka st\u00e1le sv\u00e1 okupa\u010dn\u00ed vojska a z\u00e1kladny po II. sv. v\u00e1lce.<\/p>\n<p>Tak\u017ee i sou\u010dasn\u00e1 nov\u00e1 vl\u00e1da na\u0161lapuje opatrn\u011b, aby nezavdala z\u00e1minku k vra\u017ed\u011bn\u00ed n\u011bmeck\u00fdch politik\u016f, co\u017e je hrozba, kterou v roce 1945 Ameri\u010dan\u00e9 napsali a ukotvili do tzv.\u00a0<em>Kancl\u00e9\u0159sk\u00e9ho aktu<\/em>.\u00a0<strong>Jak\u00fdkoliv n\u011bmeck\u00fd politik, pokud se pokus\u00ed za z\u00e1dy Ameri\u010dan\u016f nav\u00e1zat spojenectv\u00ed se Sov\u011btsk\u00fdm svazem, bude podle aktu zast\u0159elen!<\/strong>\u00a0A je jist\u00e9, \u017ee to plat\u00ed i nad\u00e1le, i kdy\u017e SSSR se rozpadl a Rusk\u00e1 federace je n\u00e1stupnick\u00fdm st\u00e1tem. Okupa\u010dn\u00ed vojska v N\u011bmecku jsou neudr\u017eiteln\u00e1 a d\u0159\u00edve \u010di pozd\u011bji se budou pakovat d\u00e1le na v\u00fdchod.<\/p>\n<h6><span style=\"font-size: 14pt;\">N\u011bmecko na\u0161lapuje p\u0159i odpojov\u00e1n\u00ed od USA opatrn\u011b kv\u016fli Kancl\u00e9\u0159sk\u00e9mu aktu a tajn\u00fdm poprav\u00e1m<\/span><\/h6>\n<p>C\u00edlem p\u0159esunu bude v prvn\u00ed f\u00e1zi Polsko, Slovensko, Rumunsko a Bulharsko. Ve druh\u00e9 f\u00e1zi \u010cesk\u00e1 republika a Ma\u010farsko. Na Slovensku ji\u017e za\u010daly p\u0159\u00edpravy pro nasunut\u00ed \u010d\u00e1sti mamut\u00ed americk\u00e9 pos\u00e1dky ze z\u00e1kladny Ramstein, m\u011blo by j\u00edt o 1 leteck\u00fd pluk v po\u010dtu a\u017e 48 st\u00edhac\u00edch stroj\u016f a 12 bombard\u00e9r\u016f, z\u0159ejm\u011b B-52. Informaci m\u00e1 na\u0161e redakce z vysoce d\u016fv\u011bryhodn\u00e9ho vojensk\u00e9ho zdroje. Tlak Berl\u00edna na odchod americk\u00fdch vojsk z N\u011bmecka je v z\u00e1kulis\u00ed obrovsk\u00fd a po odchodu Velk\u00e9 Brit\u00e1nie z EU u\u017e Ameri\u010dan\u00e9 nemaj\u00ed partnera v EU na odol\u00e1v\u00e1n\u00ed tomuto tlaku na odchod.<\/p>\n<p>Jen\u017ee n\u011bmeck\u00fd vice-admir\u00e1l pustil tyto informace ve\u0159ejn\u011b, tak\u017ee Berl\u00edn musel reagovat podle Kancl\u00e9\u0159sk\u00e9ho aktu a\u00a0Kay-Achim Sch\u00f6nbach musel rezignovat na svou funkci. Ameri\u010dan\u00e9 si jsou v\u011bdomi toho, \u017ee N\u011bmecko se osvobozuje a to potvrzuj\u00ed i d\u011bsiv\u00e9 pochod\u0148ov\u00e9 pr\u016fvody n\u011bmeck\u00e9ho Bundeswehru v Berl\u00edn\u011b.\u00a0<strong>Nejprve to byl v \u0159\u00edjnu lo\u0148sk\u00e9ho roku pr\u016fvod na poctu pam\u00e1tky padl\u00fdch n\u011bmeck\u00fdch voj\u00e1k\u016f v Afgh\u00e1nist\u00e1nu [<a href=\"https:\/\/href.li\/?https:\/\/www.dpa-international.com\/topic\/german-military-parade-afghanistan-fallen-provokes-urn%3Anewsml%3Adpa.com%3A20090101%3A211014-99-593226\" target=\"_blank\" rel=\"nofollow noopener\">2<\/a>]. A podruh\u00e9, o dva m\u011bs\u00edce pozd\u011bji, to byl pr\u016fvod p\u0159i lou\u010den\u00ed se Angely Merkel s funkc\u00ed n\u011bmeck\u00e9 kancl\u00e9\u0159ky [<a href=\"https:\/\/href.li\/?https:\/\/www.theguardian.com\/world\/2021\/dec\/02\/angela-merkel-bows-out-to-the-sound-of-beethoven-and-an-east-german-punk-hit\" target=\"_blank\" rel=\"nofollow noopener\">3<\/a>].<\/strong>\u00a0Pochod\u0148ov\u00e9 pr\u016fvody vyvolaly v N\u011bmecku okam\u017eit\u011b vzpom\u00ednky a reminiscence. N\u011bmci to pochopili jasn\u011b jako vzkaz, \u017ee N\u011bmecko je zp\u00e1tky! A spolu s t\u00edm se za\u010dnou vracet nacion\u00e1ln\u00ed a nacifika\u010dn\u00ed procesy. A nejen v N\u011bmecku, ale v cel\u00e9 Evrop\u011b.<\/p>\n<figure id=\"attachment_50158\" class=\"wp-caption aligncenter\" style=\"width: 645px;\"><a href=\"https:\/\/aeronet.cz\/news\/wp-content\/uploads\/ViceAdmiralSchoenbachDelhi.jpg\"><img decoding=\"async\" loading=\"lazy\" class=\"wp-image-50158 \" src=\"https:\/\/aeronet.cz\/news\/wp-content\/uploads\/ViceAdmiralSchoenbachDelhi-1024x576.jpg\" sizes=\"(max-width: 700px) 100vw, 700px\" srcset=\"https:\/\/aeronet.cz\/news\/wp-content\/uploads\/ViceAdmiralSchoenbachDelhi-1024x576.jpg 1024w, https:\/\/aeronet.cz\/news\/wp-content\/uploads\/ViceAdmiralSchoenbachDelhi-300x169.jpg 300w, https:\/\/aeronet.cz\/news\/wp-content\/uploads\/ViceAdmiralSchoenbachDelhi-768x432.jpg 768w, https:\/\/aeronet.cz\/news\/wp-content\/uploads\/ViceAdmiralSchoenbachDelhi-700x394.jpg 700w, https:\/\/aeronet.cz\/news\/wp-content\/uploads\/ViceAdmiralSchoenbachDelhi-635x357.jpg 635w, https:\/\/aeronet.cz\/news\/wp-content\/uploads\/ViceAdmiralSchoenbachDelhi-859x483.jpg 859w, https:\/\/aeronet.cz\/news\/wp-content\/uploads\/ViceAdmiralSchoenbachDelhi.jpg 1280w\" alt=\"\" width=\"645\" height=\"363\" \/><\/a><figcaption class=\"wp-caption-text\">Kay-Achim Sch\u00f6nbach<\/figcaption><\/figure>\n<p>N\u00e1vrat N\u011bmecka do pozice nacion\u00e1ln\u00edho st\u00e1tu se zd\u00e1 te\u010f nev\u00eddan\u00fd, ale je t\u0159eba si uv\u011bdomit, \u017ee arabizace a islamizace N\u011bmecka je procesem globalist\u016f na rozlo\u017een\u00ed n\u011bmeck\u00e9 rasy nav\u011bky a natrvalo.\u00a0<strong>Nasunut\u00ed migrant\u016f a multikulti do N\u011bmecka je zn\u00e1m\u00fdm procesem na 1. priorit\u011b \u0159\u00edzen\u00ed, vychov\u00e1n\u00ed nov\u00e9 generace nep\u0159\u00edtelem<\/strong>, kter\u00fd zkorumpuje a zruinuje n\u00e1rodn\u00ed hodnoty, tradice, zvyky, oby\u010deje, kulturu, spole\u010dnost, pravidla, z\u00e1kony a nakonec samotn\u00e9 lidi a zejm\u00e9na jejich d\u011bti. Z t\u011bchto v\u00fdrok\u016f voj\u00e1k\u016f a admir\u00e1l\u016f ale vid\u00edte, \u017ee v hloubi N\u011bmecka se nepoda\u0159ilo N\u011bmce p\u0159eprogramovat, ten vzdor dovedn\u011b maskuj\u00ed, ale kdy\u017e se tomu d\u00e1 p\u0159\u00edle\u017eitost mimo Evropu, ve svobodn\u00e9m prost\u0159ed\u00ed, t\u0159eba v Indii, najednou zjist\u00edte, \u017ee nemaj\u00ed vymyt\u00e9 mozky a maj\u00ed to sakra v hlav\u011b srovnan\u00e9. A proto se nedivte, \u017ee Berl\u00edn kroky proti USA maskuje.<\/p>\n<h6><span style=\"font-size: 14pt;\">Vice-admir\u00e1l mo\u017en\u00e1 jen splnil \u00falohu a vyslal Ameri\u010dan\u016fm tvrd\u00fd vzkaz na objedn\u00e1vku n\u011bmeck\u00e9 vl\u00e1dy a zbytek je mask\u00edrovka<\/span><\/h6>\n<p>Mo\u017en\u00e1 jste p\u0159ed p\u00e1r dny zaregistrovali, jak\u00a0<strong>britsk\u00e1 n\u00e1kladn\u00ed letadla vezla [<a href=\"https:\/\/href.li\/?https:\/\/www.lidovky.cz\/svet\/britska-letadla-s-raketami-pro-ukrajinu-obletela-velkou-oklikou-nemecko-trasa-vzbudila-spekulace-o-z.A220118_155055_ln_zahranici_tmr\" target=\"_blank\" rel=\"nofollow noopener\">4<\/a>] na Ukrajinu protitankov\u00e9 st\u0159ely, ale letov\u00e1 dr\u00e1ha letadel se obloukem vyh\u00fdbala N\u011bmecku.<\/strong>\u00a0Jak zjistila pot\u00e9 m\u00e9dia, N\u011bmecko nedalo Brit\u016fm povolen\u00ed k p\u0159eletu t\u011bchto stroj\u016f p\u0159es vzdu\u0161n\u00fd prostor N\u011bmecka, proto\u017ee Berl\u00edn nepodporuje vyzbrojov\u00e1n\u00ed zem\u00ed zbran\u011bmi a munic\u00ed, na jejich\u017e \u00fazem\u00ed prob\u00edh\u00e1 ob\u010dansk\u00e1 v\u00e1lka, co\u017e plat\u00ed pr\u00e1v\u011b o Ukrajin\u011b. Berl\u00edn vyhovuje Ameri\u010dan\u016fm v ot\u00e1zce Ukrajiny jen aby se ne\u0159eklo, n\u011bmeck\u00e1 vl\u00e1da na Ukrajinu pos\u00edl\u00e1 oble\u010den\u00ed, uniformy, p\u0159ilby, stany, po\u010d\u00edta\u010de apod. Ale ne zbran\u011b, a ne munici. I t\u00edm je vys\u00edl\u00e1n sign\u00e1l. Berl\u00edn t\u00edm op\u011bt dal najevo, \u017ee se za\u010d\u00edn\u00e1 vymykat z podkontroly USA a Velk\u00e9 Brit\u00e1nie. Ty kroky jsou \u010d\u00edm d\u00e1l \u010dast\u011bj\u0161\u00ed, ale zat\u00edm nejsou otev\u0159en\u00e9, proto\u017ee strach ze zast\u0159elen\u00ed kv\u016fli Kancl\u00e9\u0159sk\u00e9mu aktu je opravdu u n\u011bmeck\u00fdch politik\u016f vyhl\u00e1\u0161en\u00fd. A to mn\u011b vede k jedn\u00e9 domn\u011bnce.<\/p>\n<figure id=\"attachment_50160\" class=\"wp-caption aligncenter\" style=\"width: 628px;\"><a href=\"https:\/\/aeronet.cz\/news\/wp-content\/uploads\/GermanViceAdmiralDelhi.jpg\"><img decoding=\"async\" loading=\"lazy\" class=\"wp-image-50160 \" src=\"https:\/\/aeronet.cz\/news\/wp-content\/uploads\/GermanViceAdmiralDelhi-1024x682.jpg\" sizes=\"(max-width: 700px) 100vw, 700px\" srcset=\"https:\/\/aeronet.cz\/news\/wp-content\/uploads\/GermanViceAdmiralDelhi-1024x682.jpg 1024w, https:\/\/aeronet.cz\/news\/wp-content\/uploads\/GermanViceAdmiralDelhi-300x200.jpg 300w, https:\/\/aeronet.cz\/news\/wp-content\/uploads\/GermanViceAdmiralDelhi-768x512.jpg 768w, https:\/\/aeronet.cz\/news\/wp-content\/uploads\/GermanViceAdmiralDelhi-700x466.jpg 700w, https:\/\/aeronet.cz\/news\/wp-content\/uploads\/GermanViceAdmiralDelhi-536x357.jpg 536w, https:\/\/aeronet.cz\/news\/wp-content\/uploads\/GermanViceAdmiralDelhi-725x483.jpg 725w, https:\/\/aeronet.cz\/news\/wp-content\/uploads\/GermanViceAdmiralDelhi.jpg 1280w\" alt=\"\" width=\"628\" height=\"418\" \/><\/a><figcaption class=\"wp-caption-text\">Kay-Achim Sch\u00f6nbach v indick\u00e9m Delhi<\/figcaption><\/figure>\n<p>Existuje mo\u017enost, \u017ee tento projev\u00a0Kay-Achim Sch\u00f6nbacha v Delhi byl dop\u0159edu p\u0159ipraven\u00fd a dop\u0159edu dohodnut\u00fd s kancl\u00e9\u0159stv\u00edm, \u017ee unikne na ve\u0159ejnost, \u010d\u00edm\u017e m\u016f\u017ee Berl\u00edn cht\u00edt vyslat sign\u00e1l NATO, \u017ee\u00a0<strong>v n\u011bmeck\u00e9 arm\u00e1d\u011b a n\u00e1mo\u0159nictvu je takov\u00fd skryt\u00fd respekt k Rusku a rusk\u00e9 arm\u00e1d\u011b, \u017ee re\u00e1ln\u011b hroz\u00ed, \u017ee n\u011bmeck\u00e1 arm\u00e1da do v\u00e1lky proti Rusku na Ukrajin\u011b nep\u016fjde.<\/strong>\u00a0A Berl\u00edn se t\u00edm dop\u0159edu chce pojistit, aby ten vzkaz Ameri\u010dan\u00e9 hlasit\u011b a jasn\u011b dostali zp\u016fsobem, aby to neohrozilo politiky v Berl\u00edn\u011b, \u017ee je odkr\u00e1gluje a zast\u0159el\u00ed americk\u00e9 komando. Takhle se \u0159ekne, \u017ee vice-admir\u00e1l nereprezentuje politick\u00e9 postoje n\u011bmeck\u00e9 vl\u00e1dy, a \u017ee admir\u00e1l rezignoval, a t\u00edm je to vy\u0159e\u0161en\u00e9. Jen\u017ee ten vzkaz Ameri\u010dan\u00e9 obdr\u017eeli, a to naprosto jasn\u011b a z\u0159eteln\u011b.<\/p>\n<h6><span style=\"font-size: 14pt;\">Nejprve vice-admir\u00e1l n\u011bmeck\u00e9ho n\u00e1mo\u0159nictva, potom chorvatsk\u00fd prezident<\/span><\/h6>\n<p>N\u011bmeck\u00e9 arm\u00e1d\u011b u\u017e ve v\u00e1lce proti Rusku nelze v\u011b\u0159it! Takov\u00fd m\u011bl b\u00fdt vzkaz Ameri\u010dan\u016fm.\u00a0<strong>A to byl podle m\u00e9ho n\u00e1zoru ten dan\u00fd tah, proto\u017ee podobn\u00fd tah provedl [<a href=\"https:\/\/aeronet.cz\/news\/nato-se-zacina-drolit-chorvatsky-prezident-v-televiznim-projevu-pohrozil-stazenim-vojsk-z-nato-pokud-vypukne-valka-s-ruskou-federaci-v-pripade-valky-se-nato-rozpadne-nikdo-nikomu-na-pomoc-neprijde\/\">5<\/a>] v\u010dera proti NATO i chorvatsk\u00fd prezident Zoran Milanovi\u010d.<\/strong>\u00a0Ten \u017e\u00e1dn\u00fd Kancl\u00e9\u0159sk\u00fd akt nepodepisuje, tak\u017ee ten nepot\u0159eboval za sebe admir\u00e1la, ten to mohl \u0159\u00edct osobn\u011b a na plnou hubu. V Bruselu v NATO rovn\u011b\u017e spadly hodiny ze zdi a \u0161t\u00e1b m\u011bl v\u010dera ve\u010der mimo\u0159\u00e1dn\u00e9 zased\u00e1n\u00ed. V Chorvatsku m\u00e1 toti\u017e prezident jako vrchn\u00ed velitel ozbrojen\u00fdch sil pr\u00e1vo veta nad vys\u00edl\u00e1n\u00edm voj\u00e1k\u016f do ciziny.<\/p>\n<figure id=\"attachment_50161\" class=\"wp-caption aligncenter\" style=\"width: 638px;\"><a href=\"https:\/\/aeronet.cz\/news\/wp-content\/uploads\/ZoranMilanovicColumbiaUni.jpg\"><img decoding=\"async\" loading=\"lazy\" class=\"wp-image-50161 \" src=\"https:\/\/aeronet.cz\/news\/wp-content\/uploads\/ZoranMilanovicColumbiaUni-1024x682.jpg\" sizes=\"(max-width: 700px) 100vw, 700px\" srcset=\"https:\/\/aeronet.cz\/news\/wp-content\/uploads\/ZoranMilanovicColumbiaUni-1024x682.jpg 1024w, https:\/\/aeronet.cz\/news\/wp-content\/uploads\/ZoranMilanovicColumbiaUni-300x200.jpg 300w, https:\/\/aeronet.cz\/news\/wp-content\/uploads\/ZoranMilanovicColumbiaUni-768x512.jpg 768w, https:\/\/aeronet.cz\/news\/wp-content\/uploads\/ZoranMilanovicColumbiaUni-700x466.jpg 700w, https:\/\/aeronet.cz\/news\/wp-content\/uploads\/ZoranMilanovicColumbiaUni-536x357.jpg 536w, https:\/\/aeronet.cz\/news\/wp-content\/uploads\/ZoranMilanovicColumbiaUni-725x483.jpg 725w, https:\/\/aeronet.cz\/news\/wp-content\/uploads\/ZoranMilanovicColumbiaUni.jpg 1280w\" alt=\"\" width=\"638\" height=\"425\" \/><\/a><figcaption class=\"wp-caption-text\">Chorvatsk\u00fd prezident Zoran Milanovi\u010d na Kolumbijsk\u00e9 univerzit\u011b v USA. Je\u0161t\u011b doned\u00e1vna \u0161el Ameri\u010dan\u016fm na ruku.<\/figcaption><\/figure>\n<p>Na rozd\u00edl od jin\u00fdch zem\u00ed, kde prezidenti takov\u00e9 pr\u00e1vo nemaj\u00ed, tak\u017ee kdy\u017e se rozhodne, m\u016f\u017ee chorvatsk\u00e9 voj\u00e1ky \u0161mahem st\u00e1hnout zp\u00e1tky dom\u016f. A proto to zd\u011b\u0161en\u00ed v Bruselu v\u010dera. Ka\u017ed\u00fd st\u00e1t jde na modrou kn\u00ed\u017eku neochoty bojovat proti Rusku po sv\u00e9m. Berl\u00edn to vzk\u00e1\u017ee Ameri\u010dan\u016fm p\u0159es vice-admir\u00e1la, kter\u00fd by ode\u0161el letos do penze tak jako tak, tak\u017ee rezignace po vy\u0159\u00edzen\u00ed vzkazu nevad\u00ed. Chorvati to hod\u00ed na krk prezidentovi, kter\u00fd si rovnou plivne na dementn\u00edho p\u00e1na v B\u00edl\u00e9m dom\u011b a navrch k tomu ukrajinsk\u00fd prezident\u00a0<strong>Volodymyr Zelensky prohl\u00e1s\u00ed, \u017ee \u017e\u00e1dn\u00e1 bezprost\u0159edn\u00ed v\u00e1lka s Ruskem podle n\u011bho nyn\u00ed nehroz\u00ed [<a href=\"https:\/\/href.li\/?https:\/\/thehill.com\/policy\/international\/591168-ukraine-says-russian-invasion-is-not-imminent-situation-is-under-control\" target=\"_blank\" rel=\"nofollow noopener\">6<\/a>].<\/strong>\u00a0Vyz\u00fdv\u00e1 Ukrajince, aby nepo\u0159\u00e1dali runy na banky a nevyb\u00edrali pen\u00edze, aby neskupovali potraviny v obchodech, v\u00e1lka je pr\u00fd vyfabulovan\u00fdm konstruktem m\u00e9di\u00ed.<\/p>\n<h6><span style=\"font-size: 14pt;\">Zelensk\u00fd najednou hodil zp\u00e1te\u010dku a uklid\u0148uje, \u017ee na hranic\u00edch Ukrajiny \u017e\u00e1dn\u00e9 velk\u00e9 formace Rusu nejsou a invaze te\u010f nebude<\/span><\/h6>\n<p>To je d\u016fkaz, \u017ee Berl\u00edn poslal do Kyjeva prachy, po\u0159\u00e1dn\u00fd bal\u00edk, aby Kyjev p\u0159i\u0161el k rozumu a za\u010dal poslouchat v\u00edce N\u011bmecko v pl\u00e1nu\u00a0<em>Das Neue Europa<\/em>, ne\u017e dementn\u00ed veden\u00ed zoufal\u00fdch Ameri\u010dan\u016f zpoza mo\u0159e. Nejv\u011bt\u0161\u00ed slovo v Kyjev\u011b nemaj\u00ed zbran\u011b, ale bal\u00edky prach\u016f.\u00a0<strong>Kdo polo\u017e\u00ed Zelensk\u00e9mu na st\u016fl v\u011bt\u0161\u00ed \u017eok, ten vl\u00e1dne na Ukrajin\u011b. A proto\u017ee americk\u00e1 kasa jde\u00a0<em>zu grunt<\/em>, nedivte se, \u017ee najednou Berl\u00edn odkl\u00e1n\u00ed britsk\u00e1 letadla a Zelensk\u00fd uji\u0161\u0165uje, \u017ee eskalace na Ukrajin\u011b je pouze d\u00edlem novin\u00e1\u0159\u016f z\u00e1padn\u00edch m\u00e9di\u00ed.<\/strong>\u00a0Ne, \u017ee by to nikdo nev\u011bd\u011bl, ale kdy\u017e to \u0159ekne ofici\u00e1ln\u011b Zelensky, je hotovo.<\/p>\n<figure id=\"attachment_49550\" class=\"wp-caption aligncenter\" style=\"width: 658px;\"><a href=\"https:\/\/aeronet.cz\/news\/wp-content\/uploads\/ZelenskyDonbasTrench.jpg\"><img decoding=\"async\" loading=\"lazy\" class=\"wp-image-49550 \" src=\"https:\/\/aeronet.cz\/news\/wp-content\/uploads\/ZelenskyDonbasTrench-1024x666.jpg\" sizes=\"(max-width: 700px) 100vw, 700px\" srcset=\"https:\/\/aeronet.cz\/news\/wp-content\/uploads\/ZelenskyDonbasTrench-1024x666.jpg 1024w, https:\/\/aeronet.cz\/news\/wp-content\/uploads\/ZelenskyDonbasTrench-300x195.jpg 300w, https:\/\/aeronet.cz\/news\/wp-content\/uploads\/ZelenskyDonbasTrench-768x499.jpg 768w, https:\/\/aeronet.cz\/news\/wp-content\/uploads\/ZelenskyDonbasTrench-700x455.jpg 700w, https:\/\/aeronet.cz\/news\/wp-content\/uploads\/ZelenskyDonbasTrench-100x65.jpg 100w, https:\/\/aeronet.cz\/news\/wp-content\/uploads\/ZelenskyDonbasTrench-549x357.jpg 549w, https:\/\/aeronet.cz\/news\/wp-content\/uploads\/ZelenskyDonbasTrench-743x483.jpg 743w, https:\/\/aeronet.cz\/news\/wp-content\/uploads\/ZelenskyDonbasTrench-745x483.jpg 745w, https:\/\/aeronet.cz\/news\/wp-content\/uploads\/ZelenskyDonbasTrench.jpg 1280w\" alt=\"\" width=\"658\" height=\"428\" \/><\/a><figcaption class=\"wp-caption-text\">Ukrajinsk\u00fd prezident Volodymyr Zelensky<\/figcaption><\/figure>\n<p>A \u010desk\u00fd ministr zahrani\u010d\u00ed bude zase za idiota, a\u017e p\u0159ijede s k\u0159\u00ed\u017eem po funuse nab\u00edzet Ukrajin\u011b zat\u00edm ve skladech nevybuchlou \u010deskou d\u011blost\u0159eleckou munici. Bo\u017ee, takov\u00e9 chucpe! A taky tu munici poveze zase na Ukrajinu bulharsk\u00fd obchodn\u00edk? Ne, tohle je komedie!\u00a0<strong>V\u00e1lku cht\u011bj\u00ed jen \u0161tv\u00e1\u010di z \u0159ad Pir\u00e1t\u016f, TOP 09, na Slovensku OLANO a v Polsku PiS.<\/strong>\u00a0\u010c\u00edm v\u00edce \u0161tv\u00e1\u010dstv\u00ed do v\u00e1lky, t\u00edm v\u011bt\u0161\u00ed pot\u0159eba si ty politiky napsat na pap\u00edr, na seznamy a a\u017e to za\u010dne, jako prvn\u00ed je poslat do \u010dela fronty a zezadu je popoh\u00e1n\u011bt vidlemi, aby m\u011bli kur\u00e1\u017e t\u00e1hnout sami a za sebe do boje na toho Rusa. V\u00edte, jak\u00e1 je pravda? P\u0159es den \u0161tvou proti Rusku a ve\u010der va\u0159\u00ed a top\u00ed doma na rusk\u00e9m plynu. A druh\u00fd den r\u00e1no znovu jdou plivat na Rusa, prost\u011b repete. To je realita.<\/p>\n<p>-VK- \u0160\u00e9fredaktor AE News<\/p>\n<p><a href=\"https:\/\/aeronet.cz\/news\/video-nemecky-vice-admiral-a-vrchni-velitel-namornictva-sokoval-svym-otevrenym-projevem-o-respektu-k-ruske-federaci-vladimiru-putinovi-a-durazem-na-krestanske-zaklady-nemecka-a-ruska\/\">ZDROJ<\/a><\/p>\n<p>&nbsp;<\/p>\n","protected":false},"excerpt":{"rendered":"<p>VIDEO: N\u011bmeck\u00fd vice-admir\u00e1l a vrchn\u00ed velitel n\u00e1mo\u0159nictva \u0161okoval sv\u00fdm otev\u0159en\u00fdm projevem o respektu k Rusk\u00e9&#8230;<\/p>\n","protected":false},"author":2,"featured_media":7847,"comment_status":"closed","ping_status":"closed","sticky":false,"template":"","format":"standard","meta":[],"categories":[7],"tags":[39,84,22,26,1786],"_links":{"self":[{"href":"https:\/\/www.infokuryr.cz\/n\/wp-json\/wp\/v2\/posts\/7846"}],"collection":[{"href":"https:\/\/www.infokuryr.cz\/n\/wp-json\/wp\/v2\/posts"}],"about":[{"href":"https:\/\/www.infokuryr.cz\/n\/wp-json\/wp\/v2\/types\/post"}],"author":[{"embeddable":true,"href":"https:\/\/www.infokuryr.cz\/n\/wp-json\/wp\/v2\/users\/2"}],"replies":[{"embeddable":true,"href":"https:\/\/www.infokuryr.cz\/n\/wp-json\/wp\/v2\/comments?post=7846"}],"version-history":[{"count":0,"href":"https:\/\/www.infokuryr.cz\/n\/wp-json\/wp\/v2\/posts\/7846\/revisions"}],"wp:featuredmedia":[{"embeddable":true,"href":"https:\/\/www.infokuryr.cz\/n\/wp-json\/wp\/v2\/media\/7847"}],"wp:attachment":[{"href":"https:\/\/www.infokuryr.cz\/n\/wp-json\/wp\/v2\/media?parent=7846"}],"wp:term":[{"taxonomy":"category","embeddable":true,"href":"https:\/\/www.infokuryr.cz\/n\/wp-json\/wp\/v2\/categories?post=7846"},{"taxonomy":"post_tag","embeddable":true,"href":"https:\/\/www.infokuryr.cz\/n\/wp-json\/wp\/v2\/tags?post=7846"}],"curies":[{"name":"wp","href":"https:\/\/api.w.org\/{rel}","templated":true}]}}