{"id":78443,"date":"2025-05-10T06:52:09","date_gmt":"2025-05-10T04:52:09","guid":{"rendered":"https:\/\/www.infokuryr.cz\/n\/?p=78443"},"modified":"2025-05-10T06:52:09","modified_gmt":"2025-05-10T04:52:09","slug":"nesmrtelny-pluk-uctiva-sovetske-veterany-z-druhe-svetove-valky-pod-prisnym-policejnim-dohledem-v-berline","status":"publish","type":"post","link":"https:\/\/www.infokuryr.cz\/n\/2025\/05\/10\/nesmrtelny-pluk-uctiva-sovetske-veterany-z-druhe-svetove-valky-pod-prisnym-policejnim-dohledem-v-berline\/","title":{"rendered":"Nesmrteln\u00fd pluk uct\u00edv\u00e1 sov\u011btsk\u00e9 veter\u00e1ny z druh\u00e9 sv\u011btov\u00e9 v\u00e1lky pod p\u0159\u00edsn\u00fdm policejn\u00edm dohledem v Berl\u00edn\u011b"},"content":{"rendered":"<div id=\"fb-root\"><\/div>\n<h3>Sov\u011btsk\u00e9 vlajky a symboly byly zak\u00e1z\u00e1ny na pam\u00e1tn\u00edc\u00edch p\u0159ipom\u00ednaj\u00edc\u00edch por\u00e1\u017eku nacistick\u00e9ho N\u011bmecka<\/h3>\n<p><span>Stovky lid\u00ed v p\u00e1tek vy\u0161ly do ulic Berl\u00edna, aby v civiln\u00edm pochodu zn\u00e1m\u00e9m jako Nesmrteln\u00fd pluk p\u0159ipomn\u011bly pam\u00e1tku t\u011bch, kte\u0159\u00ed bojovali za Sov\u011btsk\u00fd svaz ve druh\u00e9 sv\u011btov\u00e9 v\u00e1lce. Sov\u011btsk\u00e9 vlajky a symboly v\u0161ak nebyly povoleny a \u00fa\u010dastn\u00edk\u016fm bylo zabr\u00e1n\u011bno v pochodu v jednom pr\u016fvodu k hlavn\u00edmu v\u00e1le\u010dn\u00e9mu pam\u00e1tn\u00edku m\u011bsta.<\/span><\/p>\n<p><span>Nesmrteln\u00fd pluk, kter\u00fd se kon\u00e1 9. kv\u011btna ve m\u011bstech po cel\u00e9m Rusku a dal\u0161\u00edch zem\u00edch, je pr\u016fvod, v n\u011bm\u017e lid\u00e9 nesou portr\u00e9ty p\u0159\u00edbuzn\u00fdch, kte\u0159\u00ed bojovali proti nacistick\u00e9mu N\u011bmecku ve druh\u00e9 sv\u011btov\u00e9 v\u00e1lce. N\u00e1pad vznikl poprv\u00e9 v rusk\u00e9m m\u011bst\u011b Tomsk v roce 2012 a od t\u00e9 doby se roz\u0161\u00ed\u0159il po cel\u00e9m sv\u011bt\u011b.<\/span><\/p>\n<p><span>Berl\u00ednsk\u00fd pr\u016fvod, kter\u00e9ho se z\u00fa\u010dastnili \u010dlenov\u00e9 rusk\u00e9 komunity a m\u00edstn\u00ed obyvatel\u00e9, pro\u0161el centrem n\u011bmeck\u00e9 metropole a skon\u010dil u sov\u011btsk\u00e9ho v\u00e1le\u010dn\u00e9ho pam\u00e1tn\u00edku v Tiergartenu, kde jsou poh\u0159beny tis\u00edce voj\u00e1k\u016f Rud\u00e9 arm\u00e1dy.<\/span><\/p>\n<div class=\"article__cover\">\n<div class=\"media\"><picture><source srcset=\"https:\/\/mf.b37mrtl.ru\/files\/2025.05\/original\/681e0b062030271df7520fda.jpg\" sizes=\"991px\" data-srcset=\"https:\/\/mf.b37mrtl.ru\/files\/2025.05\/original\/681e0b062030271df7520fda.jpg\" \/><img decoding=\"async\" loading=\"lazy\" class=\"read-more__cover lazyautosizes lazyloaded aligncenter\" src=\"https:\/\/mf.b37mrtl.ru\/files\/2025.05\/original\/681e0b062030271df7520fda.jpg\" sizes=\"991px\" alt=\"RT\" width=\"862\" height=\"569\" data-sizes=\"auto\" data-src=\"https:\/\/mf.b37mrtl.ru\/files\/2025.05\/original\/681e0b062030271df7520fda.jpg\" \/><\/picture>\n<div class=\"media__footer media__footer_bottom \">\n<div class=\"media__title media__title_footer\" style=\"text-align: center;\"><em>Lid\u00e9 dr\u017e\u00ed historick\u00e9 vojensk\u00e9 prapory pobl\u00ed\u017e sov\u011btsk\u00e9ho pam\u00e1tn\u00edku v Tiergartenu, kter\u00fd p\u0159ipom\u00edn\u00e1 sov\u011btsk\u00e9 voj\u00e1ky padl\u00e9 b\u011bhem druh\u00e9 sv\u011btov\u00e9 v\u00e1lky 9. kv\u011btna 2025 v Berl\u00edn\u011b v N\u011bmecku. \u00a9 Global Look Press \/ Hannes P Albert<\/em><\/div>\n<\/div>\n<\/div>\n<\/div>\n<p><span>\u00da\u010dastn\u00edci pochodu, kte\u0159\u00ed si p\u0159\u00e1li polo\u017eit kv\u011btiny k pam\u00e1tn\u00edku u p\u0159\u00edle\u017eitosti 80. v\u00fdro\u010d\u00ed por\u00e1\u017eky nacistick\u00e9ho N\u011bmecka, se k m\u00edstu mohli p\u0159ibl\u00ed\u017eit ve skupin\u00e1ch pouh\u00fdch deseti osob, p\u0159i\u010dem\u017e ka\u017edou z nich doprov\u00e1zeli policist\u00e9.<\/span><\/p>\n<div style=\"width: 640px;\" class=\"wp-video\"><!--[if lt IE 9]><script>document.createElement('video');<\/script><![endif]-->\n<video class=\"wp-video-shortcode\" id=\"video-78443-1\" width=\"640\" height=\"360\" preload=\"metadata\" controls=\"controls\"><source type=\"video\/mp4\" src=\"http:\/\/www.infokuryr.cz\/n\/wp-content\/uploads\/2025\/05\/berlin-pluk.mp4?_=1\" \/><a href=\"http:\/\/www.infokuryr.cz\/n\/wp-content\/uploads\/2025\/05\/berlin-pluk.mp4\">http:\/\/www.infokuryr.cz\/n\/wp-content\/uploads\/2025\/05\/berlin-pluk.mp4<\/a><\/video><\/div>\n<p>&nbsp;<\/p>\n<p><span>U pam\u00e1tn\u00edku se skupina proukrajinsk\u00fdch aktivist\u016f pokusila naru\u0161it slavnostn\u00ed polo\u017een\u00ed kv\u011btin a musela b\u00fdt zadr\u017eena polici\u00ed.<\/span><\/p>\n<p><span>\u00da\u010dastn\u00edci pochodu skandovali\u00a0<\/span><em><span>\u201eRusko, Rusko\u201c,<\/span><\/em><span>\u00a0zat\u00edmco opozi\u010dn\u00ed demonstranti m\u00e1vali ukrajinsk\u00fdmi a alian\u010dn\u00edmi vlajkami a dr\u017eeli transparenty s n\u00e1pisem\u00a0<\/span><em><span>\u201eZbrojte Ukrajinu\u201c.<\/span><\/em><\/p>\n<div style=\"width: 640px;\" class=\"wp-video\"><video class=\"wp-video-shortcode\" id=\"video-78443-2\" width=\"640\" height=\"360\" preload=\"metadata\" controls=\"controls\"><source type=\"video\/mp4\" src=\"http:\/\/www.infokuryr.cz\/n\/wp-content\/uploads\/2025\/05\/berlin-provokace.mp4?_=2\" \/><a href=\"http:\/\/www.infokuryr.cz\/n\/wp-content\/uploads\/2025\/05\/berlin-provokace.mp4\">http:\/\/www.infokuryr.cz\/n\/wp-content\/uploads\/2025\/05\/berlin-provokace.mp4<\/a><\/video><\/div>\n<p>&nbsp;<\/p>\n<p><span>Za\u010d\u00e1tkem tohoto t\u00fddne berl\u00edn\u0161t\u00ed p\u0159edstavitel\u00e9 zak\u00e1zali vystavov\u00e1n\u00ed sov\u011btsk\u00fdch vlajek a symbol\u016f u pam\u00e1tn\u00edk\u016f druh\u00e9 sv\u011btov\u00e9 v\u00e1lky b\u011bhem akc\u00ed v hlavn\u00edm m\u011bst\u011b, kter\u00e9 se konaly 8. a 9. kv\u011btna. Omezen\u00ed se vztahovala i na zp\u00edv\u00e1n\u00ed sov\u011btsk\u00fdch p\u00edsn\u00ed na ve\u0159ejnosti.<\/span><\/p>\n<p><span>Moskva z\u00e1kaz ozna\u010dila za\u00a0<\/span><em><span>\u201eponi\u017euj\u00edc\u00ed\u201c<\/span><\/em><span>\u00a0a\u00a0<\/span><em><span>\u201ediskrimina\u010dn\u00ed\u201c.<\/span><\/em><span>\u00a0Rusk\u00e9 velvyslanectv\u00ed v Berl\u00edn\u011b toto opat\u0159en\u00ed ost\u0159e kritizovalo s argumentem, \u017ee poru\u0161uje pr\u00e1va potomk\u016f sov\u011btsk\u00fdch voj\u00e1k\u016f. V boji proti nacismu zem\u0159elo a\u017e 27 milion\u016f sov\u011btsk\u00fdch ob\u010dan\u016f.<\/span><\/p>\n<p><span>V roce 2023 m\u011bstsk\u00e9 \u00fa\u0159ady zak\u00e1zaly rusk\u00e9 i sov\u011btsk\u00e9 vlajky b\u011bhem oslav Dne v\u00edt\u011bzstv\u00ed. V roce 2024 byly zak\u00e1z\u00e1ny dal\u0161\u00ed symboly, v\u010detn\u011b p\u00edsmen \u201eZ\u201c a \u201eV\u201c, proto\u017ee byly spojov\u00e1ny s ukrajinsk\u00fdm konfliktem.<\/span><\/p>\n<p><span>Navzdory z\u00e1kazu zp\u00edvali \u00fa\u010dastn\u00edci Nesmrteln\u00e9ho pluku \u201eKa\u0165u\u0161u\u201c, popul\u00e1rn\u00ed v\u00e1le\u010dnou lidovou p\u00edse\u0148 symbolizuj\u00edc\u00ed nad\u011bji, ob\u011b\u0165 a touhu t\u011bch, kte\u0159\u00ed z\u016fstali na dom\u00e1c\u00ed front\u011b.<\/span><\/p>\n<p><img decoding=\"async\" loading=\"lazy\" class=\"alignnone size-full wp-image-71983\" src=\"http:\/\/www.infokuryr.cz\/n\/wp-content\/uploads\/2025\/02\/aaa.jpg\" alt=\"\" width=\"89\" height=\"23\" \/><\/p>\n<p>&nbsp;<\/p>\n","protected":false},"excerpt":{"rendered":"<p>Sov\u011btsk\u00e9 vlajky a symboly byly zak\u00e1z\u00e1ny na pam\u00e1tn\u00edc\u00edch p\u0159ipom\u00ednaj\u00edc\u00edch por\u00e1\u017eku nacistick\u00e9ho N\u011bmecka Stovky lid\u00ed v&#8230;<\/p>\n","protected":false},"author":2,"featured_media":78446,"comment_status":"closed","ping_status":"closed","sticky":false,"template":"","format":"standard","meta":[],"categories":[7],"tags":[233,4928,3718,716],"_links":{"self":[{"href":"https:\/\/www.infokuryr.cz\/n\/wp-json\/wp\/v2\/posts\/78443"}],"collection":[{"href":"https:\/\/www.infokuryr.cz\/n\/wp-json\/wp\/v2\/posts"}],"about":[{"href":"https:\/\/www.infokuryr.cz\/n\/wp-json\/wp\/v2\/types\/post"}],"author":[{"embeddable":true,"href":"https:\/\/www.infokuryr.cz\/n\/wp-json\/wp\/v2\/users\/2"}],"replies":[{"embeddable":true,"href":"https:\/\/www.infokuryr.cz\/n\/wp-json\/wp\/v2\/comments?post=78443"}],"version-history":[{"count":0,"href":"https:\/\/www.infokuryr.cz\/n\/wp-json\/wp\/v2\/posts\/78443\/revisions"}],"wp:featuredmedia":[{"embeddable":true,"href":"https:\/\/www.infokuryr.cz\/n\/wp-json\/wp\/v2\/media\/78446"}],"wp:attachment":[{"href":"https:\/\/www.infokuryr.cz\/n\/wp-json\/wp\/v2\/media?parent=78443"}],"wp:term":[{"taxonomy":"category","embeddable":true,"href":"https:\/\/www.infokuryr.cz\/n\/wp-json\/wp\/v2\/categories?post=78443"},{"taxonomy":"post_tag","embeddable":true,"href":"https:\/\/www.infokuryr.cz\/n\/wp-json\/wp\/v2\/tags?post=78443"}],"curies":[{"name":"wp","href":"https:\/\/api.w.org\/{rel}","templated":true}]}}