{"id":78418,"date":"2025-05-10T00:24:49","date_gmt":"2025-05-09T22:24:49","guid":{"rendered":"https:\/\/www.infokuryr.cz\/n\/?p=78418"},"modified":"2025-05-09T14:01:41","modified_gmt":"2025-05-09T12:01:41","slug":"tunisky-nelegalni-migrant-uveznen-za-znasilneni-postizene-francouzske-pianistky-utok-ktery-vedl-k-sebevrazde-obeti","status":"publish","type":"post","link":"https:\/\/www.infokuryr.cz\/n\/2025\/05\/10\/tunisky-nelegalni-migrant-uveznen-za-znasilneni-postizene-francouzske-pianistky-utok-ktery-vedl-k-sebevrazde-obeti\/","title":{"rendered":"Tunisk\u00fd neleg\u00e1ln\u00ed migrant uv\u011bzn\u011bn za zn\u00e1siln\u011bn\u00ed posti\u017een\u00e9 francouzsk\u00e9 pianistky \u2013 \u00fatok, kter\u00fd vedl k sebevra\u017ed\u011b ob\u011bti"},"content":{"rendered":"<div id=\"fb-root\"><\/div>\n<h3 class=\"s-tagline fw-tagline\"><span>Oussama Chledi byl odsouzen k 12 let\u016fm v\u011bzen\u00ed za zn\u00e1siln\u011bn\u00ed mlad\u00e9 pianistky zn\u00e1m\u00e9 jako \u201eBabou\u201c v Toulonu; ob\u011b\u0165 pozd\u011bji sp\u00e1chala sebevra\u017edu<\/span><\/h3>\n<p><span>Tunisk\u00fd migrant \u017eij\u00edc\u00ed ve Francii n\u011bkolik let neleg\u00e1ln\u011b byl ve st\u0159edu trestn\u00edm soudem ve Varu odsouzen k 12 let\u016fm v\u011bzen\u00ed za zn\u00e1siln\u011bn\u00ed a loupe\u017e mlad\u00e9ho mu\u017ee v Toulonu v \u010dasn\u00fdch rann\u00edch hodin\u00e1ch 26. \u010dervna 2021.<\/span><\/p>\n<p><span>Dlouhodob\u00e9 psychologick\u00e9 n\u00e1sledky \u00fatoku si vybraly svou da\u0148 na ob\u011bti, zn\u00e1m\u00e9 pod sv\u00fdm vybran\u00fdm jm\u00e9nem \u201eBabou\u201c, kter\u00e1 si v roce 2024 vzala \u017eivot pot\u00e9, co t\u0159i roky trp\u011bla n\u00e1sledky.<\/span><\/p>\n<p><span>Jak informoval francouzsk\u00fd zpravodajsk\u00fd server\u00a0<\/span><a href=\"https:\/\/www.nicematin.com\/justice\/toulon-12-ans-de-reclusion-pour-avoir-viole-un-passant-984938\"><span>Nice-Matin<\/span><\/a><span>\u00a0, Babou byl samouk klav\u00edrista, kter\u00e9ho bl\u00edzc\u00ed popisovali jako \u201eslunn\u00e9ho\u201c a \u201esvobodomysln\u00e9ho\u201c mlad\u00e9ho mu\u017ee. P\u011btadvacetilet\u00fd mlad\u00edk, kter\u00fd od dosp\u00edv\u00e1n\u00ed trp\u011bl roztrou\u0161enou skler\u00f3zou, se po p\u0159est\u011bhov\u00e1n\u00ed s rodi\u010di z Pa\u0159\u00ed\u017ee t\u011b\u017eko adaptoval na \u017eivot v Toulonu.<\/span><\/p>\n<p><span>V noci \u00fatoku opustil nemocnici Sainte-Musse proti l\u00e9ka\u0159sk\u00e9 rad\u011b v emocion\u00e1ln\u011b t\u00ed\u017eiv\u00e9m stavu a pod vlivem alkoholu.<\/span><\/p>\n<p><span>Kdy\u017e se Babou pokou\u0161el j\u00edt dom\u016f, narazil na devaten\u00e1ctilet\u00e9ho Oussamu Chlediho, tunisk\u00e9ho st\u00e1tn\u00edho p\u0159\u00edslu\u0161n\u00edka \u017eij\u00edc\u00edho neleg\u00e1ln\u011b ve Francii od roku 2018. Soud shledal, \u017ee Chledi zneu\u017eil Babouova dezorientovan\u00e9ho stavu, ukradl mu telefon a zlat\u00fd \u0159et\u00edzek a pot\u00e9 po n\u011bm po\u017eadoval or\u00e1ln\u00ed sex v\u00fdm\u011bnou za jejich vr\u00e1cen\u00ed.<\/span><\/p>\n<p><span>Babou se domn\u00edval, \u017ee je Chledi ozbrojen\u00fd, a b\u00e1l se o sv\u016fj \u017eivot, tak\u017ee mu vyhov\u011bl. Chledi ho pak na ulici n\u00e1siln\u011b zn\u00e1silnil.<\/span><\/p>\n<p><span>Chledi byl identifikov\u00e1n na z\u00e1klad\u011b d\u016fkaz\u016f DNA a o p\u011bt m\u011bs\u00edc\u016f pozd\u011bji zat\u010den. Zpo\u010d\u00e1tku pop\u00edral, \u017ee by se s ob\u011bt\u00ed kdy setkal. Teprve kdy\u017e se b\u011bhem vy\u0161et\u0159ov\u00e1n\u00ed setkal s v\u00fdsledky forenzn\u00ed anal\u00fdzy, uznal, \u017ee do\u0161lo k sexu\u00e1ln\u00edmu aktu, u kter\u00e9ho trval na tom, \u017ee byl konsenzu\u00e1ln\u00ed \u2013 toto tvrzen\u00ed si udr\u017eel a\u017e do soudn\u00edho procesu.<\/span><\/p>\n<p><span>Ve st\u0159edu u soudu poprv\u00e9 \u0159ekl: \u201eAno, p\u0159izn\u00e1v\u00e1m, ale nebyl jsem ve sv\u00e9m norm\u00e1ln\u00edm stavu.\u201c Tvrdil, \u017ee k \u010dinu ho vedla sm\u011bs alkoholu a l\u00e9k\u016f.<\/span><\/p>\n<p><span>Soud toto vysv\u011btlen\u00ed odm\u00edtl. St\u00e1tn\u00ed z\u00e1stupkyn\u011b C\u00e9line Hortal zd\u016fraznila, \u017ee Chledi b\u011bhem vy\u0161et\u0159ov\u00e1n\u00ed prok\u00e1zal vzorec klam\u00e1n\u00ed.<\/span><\/p>\n<p><span>U soudu bylo jako pocta jeho \u017eivotu prom\u00edtnuto video, na kter\u00e9m Babou hraje Gnossienne \u010d. 1 od francouzsk\u00e9ho pianisty Erika Satieho.<\/span><\/p>\n<p><span>Obh\u00e1jce Nicolas Tabert se pokusil tvrdit, \u017ee sexu\u00e1ln\u00ed \u00fatok nebyl p\u0159edem promy\u0161len\u00fd, co\u017e soud zam\u00edtl a odsoudil ho k okam\u017eit\u00e9mu trestu odn\u011bt\u00ed svobody.<\/span><\/p>\n<p><span>Chledimu byl nav\u00edc po propu\u0161t\u011bn\u00ed trvale zak\u00e1z\u00e1n vstup na francouzsk\u00e9 \u00fazem\u00ed.<\/span><\/p>\n<p><img decoding=\"async\" loading=\"lazy\" class=\"alignnone size-full wp-image-71983\" src=\"http:\/\/www.infokuryr.cz\/n\/wp-content\/uploads\/2025\/02\/aaa.jpg\" alt=\"\" width=\"89\" height=\"23\" \/><\/p>\n<p>&nbsp;<\/p>\n","protected":false},"excerpt":{"rendered":"<p>Oussama Chledi byl odsouzen k 12 let\u016fm v\u011bzen\u00ed za zn\u00e1siln\u011bn\u00ed mlad\u00e9 pianistky zn\u00e1m\u00e9 jako \u201eBabou\u201c&#8230;<\/p>\n","protected":false},"author":2,"featured_media":78419,"comment_status":"closed","ping_status":"closed","sticky":false,"template":"","format":"standard","meta":[],"categories":[7],"tags":[130,520,324,9095,366],"_links":{"self":[{"href":"https:\/\/www.infokuryr.cz\/n\/wp-json\/wp\/v2\/posts\/78418"}],"collection":[{"href":"https:\/\/www.infokuryr.cz\/n\/wp-json\/wp\/v2\/posts"}],"about":[{"href":"https:\/\/www.infokuryr.cz\/n\/wp-json\/wp\/v2\/types\/post"}],"author":[{"embeddable":true,"href":"https:\/\/www.infokuryr.cz\/n\/wp-json\/wp\/v2\/users\/2"}],"replies":[{"embeddable":true,"href":"https:\/\/www.infokuryr.cz\/n\/wp-json\/wp\/v2\/comments?post=78418"}],"version-history":[{"count":0,"href":"https:\/\/www.infokuryr.cz\/n\/wp-json\/wp\/v2\/posts\/78418\/revisions"}],"wp:featuredmedia":[{"embeddable":true,"href":"https:\/\/www.infokuryr.cz\/n\/wp-json\/wp\/v2\/media\/78419"}],"wp:attachment":[{"href":"https:\/\/www.infokuryr.cz\/n\/wp-json\/wp\/v2\/media?parent=78418"}],"wp:term":[{"taxonomy":"category","embeddable":true,"href":"https:\/\/www.infokuryr.cz\/n\/wp-json\/wp\/v2\/categories?post=78418"},{"taxonomy":"post_tag","embeddable":true,"href":"https:\/\/www.infokuryr.cz\/n\/wp-json\/wp\/v2\/tags?post=78418"}],"curies":[{"name":"wp","href":"https:\/\/api.w.org\/{rel}","templated":true}]}}