{"id":78416,"date":"2025-05-10T00:23:25","date_gmt":"2025-05-09T22:23:25","guid":{"rendered":"https:\/\/www.infokuryr.cz\/n\/?p=78416"},"modified":"2025-05-09T13:58:11","modified_gmt":"2025-05-09T11:58:11","slug":"ministr-vnitra-usa-varuje-pred-vypadky-proudu-jako-jsou-ty-ve-spanelsku","status":"publish","type":"post","link":"https:\/\/www.infokuryr.cz\/n\/2025\/05\/10\/ministr-vnitra-usa-varuje-pred-vypadky-proudu-jako-jsou-ty-ve-spanelsku\/","title":{"rendered":"Ministr vnitra USA varuje p\u0159ed v\u00fdpadky proudu, jako jsou ty ve \u0160pan\u011blsku"},"content":{"rendered":"<div id=\"fb-root\"><\/div>\n<p><strong><span>Podle americk\u00e9ho ministra vnitra Douga Burguma je za v\u00fdpadek proudu ve \u0160pan\u011blsku zodpov\u011bdn\u00e9 nadm\u011brn\u00e9 zam\u011b\u0159en\u00ed na p\u0159eru\u0161ovan\u00e9 obnoviteln\u00e9 zdroje energie. Spojen\u00e9 st\u00e1ty by \u010delily podobn\u00e9mu osudu. Takov\u00fd incident by ohrozil vnit\u0159n\u00ed bezpe\u010dnost zem\u011b.<\/span><\/strong><\/p>\n<p><span>Kdy\u017e se ibersk\u00e1 energetick\u00e1 s\u00ed\u0165 zhroutila, proto\u017ee \u0160pan\u011blsko zjevn\u011b dod\u00e1valo p\u0159\u00edli\u0161 mnoho p\u0159eru\u0161ovan\u00e9 sol\u00e1rn\u00ed energie a selhaly regula\u010dn\u00ed mechanismy, jasn\u011b se uk\u00e1zal hlavn\u00ed probl\u00e9m s t\u00edmto typem nap\u00e1jen\u00ed. Bez dostate\u010dn\u00e9 v\u00fdroby elekt\u0159iny v z\u00e1kladn\u00edm zat\u00ed\u017een\u00ed z\u0159ejm\u011b sta\u010d\u00ed i mal\u00e9 chyby k tomu, aby uvrhly celou zemi do tmy.<\/span><\/p>\n<p><span>To je d\u016fvod, pro\u010d by se americk\u00fd ministr vnitra Doug Burgum m\u011bl kriticky pod\u00edvat na v\u00fdvoj situace ve Spojen\u00fdch st\u00e1tech, jeliko\u017e dlouhodob\u00e9 a rozs\u00e1hl\u00e9 v\u00fdpadky proudu p\u0159edstavuj\u00ed hrozbu pro vnit\u0159n\u00ed bezpe\u010dnost. Pouk\u00e1zal na d\u016fsledky takov\u00fdch v\u00fdpadk\u016f proudu.<\/span><\/p>\n<p><span>\u201ePr\u00e1v\u011b jsme 12. dubna leto\u0161n\u00edho roku ve \u0160pan\u011blsku vid\u011bli, jak oslavovali uzav\u0159en\u00ed sv\u00e9 posledn\u00ed uheln\u00e9 elektr\u00e1rny. O t\u00fdden pozd\u011bji oslavili prvn\u00ed den, kdy syst\u00e9m za\u010dal vyu\u017e\u00edvat 100% obnoviteln\u00e9 energie,\u201c\u00a0<\/span><a href=\"https:\/\/www.youtube.com\/watch?v=P3NjlMZDbUc\"><span>\u0159ekl Burgum v rozhovoru s Davidem Friedbergem<\/span><\/a><span>\u00a0, spolumoder\u00e1torem podcastu All In. \u201ePak, n\u00e1sleduj\u00edc\u00ed t\u00fdden, se o nich psalo po cel\u00e9m sv\u011bt\u011b, proto\u017ee lid\u00e9 uv\u00edzli v metru, v\u0161echny lety byly zru\u0161eny, nemocnice panika\u0159ily kv\u016fli nedostatku proudu, proto\u017ee doch\u00e1zelo k postupn\u00fdm v\u00fdpadk\u016fm proudu a selh\u00e1n\u00ed s\u00edt\u011b.\u201c<\/span><\/p>\n<p><span>Spol\u00e9hat se t\u00e9m\u011b\u0159 v\u00fdhradn\u011b na nepravideln\u00e9 zdroje energie, jako je sol\u00e1rn\u00ed a v\u011btrn\u00e1 energie, jak to d\u011bl\u00e1 \u0160pan\u011blsko, je z\u00e1sadn\u00ed chybou. \u201eTo je v rozporu s fyzikou. Nem\u016f\u017eete provozovat energetickou s\u00ed\u0165 pouze na p\u0159eru\u0161ovan\u00e9 energii. Nem\u016f\u017eete provozovat n\u011bco, co je ze sv\u00e9 podstaty p\u0159eru\u0161ovan\u00e9 \u2013 jako je sol\u00e1rn\u00ed nebo v\u011btrn\u00e1 energie \u2013 proto\u017ee slunce v noci nesv\u00edt\u00ed a v\u00edtr nefouk\u00e1 ka\u017ed\u00fd den,\u201c vysv\u011btlil ministr.<\/span><\/p>\n<p><span>Podle n\u011bj by Spojen\u00e9 st\u00e1ty \u010delily podobn\u00e9mu osudu kv\u016fli energetick\u00e9 politice p\u0159edchoz\u00ed administrativy. \u201eJsme si te\u010f nebezpe\u010dn\u011b bl\u00edzko. Existuj\u00ed \u010d\u00e1sti na\u0161\u00ed zem\u011b, kter\u00e9 jsou ohro\u017eeny stejn\u00fdm \u2013 \u0159\u00edk\u00e1m jim Biden-Brown a v\u00fdpadky proudu,\u201c varoval. Nadm\u011brn\u00e9 dotace na p\u0159eru\u0161ovanou obnovitelnou energii a p\u0159\u00edsn\u00e9 regulace pro stabiln\u00ed v\u00fdrobce z\u00e1kladn\u00ed energie (jako jsou uheln\u00e9, plynov\u00e9 a jadern\u00e9 elektr\u00e1rny) by ohrozily n\u00e1rodn\u00ed energetickou bezpe\u010dnost.<\/span><\/p>\n<p><span>Na druh\u00e9 stran\u011b oce\u00e1nu si lid\u00e9 pomalu, ale jist\u011b za\u010d\u00ednaj\u00ed uv\u011bdomovat nebezpe\u010d\u00ed spojen\u00e1 s naprostou z\u00e1vislost\u00ed na v\u011btrn\u00e9 a sol\u00e1rn\u00ed energii. A na star\u00e9m kontinentu? Rizika jsou nad\u00e1le ignorov\u00e1na a sol\u00e1rn\u00ed a v\u011btrn\u00e9 elektr\u00e1rny se stav\u00ed piln\u011b.<\/span><\/p>\n<p><img decoding=\"async\" loading=\"lazy\" class=\"alignnone size-full wp-image-71983\" src=\"http:\/\/www.infokuryr.cz\/n\/wp-content\/uploads\/2025\/02\/aaa.jpg\" alt=\"\" width=\"89\" height=\"23\" \/><\/p>\n<p>&nbsp;<\/p>\n","protected":false},"excerpt":{"rendered":"<p>Podle americk\u00e9ho ministra vnitra Douga Burguma je za v\u00fdpadek proudu ve \u0160pan\u011blsku zodpov\u011bdn\u00e9 nadm\u011brn\u00e9 zam\u011b\u0159en\u00ed&#8230;<\/p>\n","protected":false},"author":2,"featured_media":78417,"comment_status":"closed","ping_status":"closed","sticky":false,"template":"","format":"standard","meta":[],"categories":[7],"tags":[1299,285,37,1402,3938],"_links":{"self":[{"href":"https:\/\/www.infokuryr.cz\/n\/wp-json\/wp\/v2\/posts\/78416"}],"collection":[{"href":"https:\/\/www.infokuryr.cz\/n\/wp-json\/wp\/v2\/posts"}],"about":[{"href":"https:\/\/www.infokuryr.cz\/n\/wp-json\/wp\/v2\/types\/post"}],"author":[{"embeddable":true,"href":"https:\/\/www.infokuryr.cz\/n\/wp-json\/wp\/v2\/users\/2"}],"replies":[{"embeddable":true,"href":"https:\/\/www.infokuryr.cz\/n\/wp-json\/wp\/v2\/comments?post=78416"}],"version-history":[{"count":0,"href":"https:\/\/www.infokuryr.cz\/n\/wp-json\/wp\/v2\/posts\/78416\/revisions"}],"wp:featuredmedia":[{"embeddable":true,"href":"https:\/\/www.infokuryr.cz\/n\/wp-json\/wp\/v2\/media\/78417"}],"wp:attachment":[{"href":"https:\/\/www.infokuryr.cz\/n\/wp-json\/wp\/v2\/media?parent=78416"}],"wp:term":[{"taxonomy":"category","embeddable":true,"href":"https:\/\/www.infokuryr.cz\/n\/wp-json\/wp\/v2\/categories?post=78416"},{"taxonomy":"post_tag","embeddable":true,"href":"https:\/\/www.infokuryr.cz\/n\/wp-json\/wp\/v2\/tags?post=78416"}],"curies":[{"name":"wp","href":"https:\/\/api.w.org\/{rel}","templated":true}]}}