{"id":7841,"date":"2022-01-27T03:25:36","date_gmt":"2022-01-27T02:25:36","guid":{"rendered":"http:\/\/www.infokuryr.cz\/n\/?p=7841"},"modified":"2022-01-27T03:25:36","modified_gmt":"2022-01-27T02:25:36","slug":"madarsko-za-diplomaticke-reseni-konfliktu-na-ukrajine","status":"publish","type":"post","link":"https:\/\/www.infokuryr.cz\/n\/2022\/01\/27\/madarsko-za-diplomaticke-reseni-konfliktu-na-ukrajine\/","title":{"rendered":"Ma\u010farsko za diplomatick\u00e9 \u0159e\u0161en\u00ed konfliktu na Ukrajin\u011b"},"content":{"rendered":"<div id=\"fb-root\"><\/div>\n<p>Anglosask\u00e9 v\u00e1le\u010dn\u00e9 choutky v Evrop\u011b odm\u00edt\u00e1 st\u00e1le v\u00edce zem\u00ed Star\u00e9ho kontinentu.<\/p>\n<p>Po odm\u00edtav\u00e9m stanovisku N\u011bmecka a Chorvatska se proti dal\u0161\u00ed eskalaci vyslovilo i Ma\u010farsko.\u00a0 Ma\u010farsk\u00fd ministr zahrani\u010d\u00ed P\u00e9ter Szijj\u00e1rt\u00f3 prohl\u00e1sil, \u017ee Ma\u010farsko odm\u00edt\u00e1 dal\u0161\u00ed rozdr\u00e1s\u00e1v\u00e1n\u00ed konfliktu na Ukrajin\u011b a stav\u00ed se za jeho \u0159e\u0161en\u00ed diplomatickou cestou.<\/p>\n<p>Mus\u00ed za\u010d\u00edt p\u0159\u00edm\u00e1 jedn\u00e1n\u00ed a skon\u010dit ve\u0161ker\u00e1 hysterie. Mus\u00ed b\u00fdt u\u010din\u011bno v\u0161e pro zabr\u00e1n\u011bn\u00ed nov\u00e9 studen\u00e9 v\u00e1lky V\u00fdchodem a Z\u00e1padem, j\u00ed\u017e nechceme b\u00fdt ve St\u0159edn\u00ed Evrop\u011b ko\u0159ist\u00ed, uvedl ma\u010farsk\u00fd ministr zahrani\u010d\u00ed.<\/p>\n<p><a href=\"https:\/\/hungarytoday.hu\/szijjarto-ukraine-hungary-ukrainian-conflict-russia-diplomacy\/\">ZDROJ<\/a><\/p>\n<p>&nbsp;<\/p>\n","protected":false},"excerpt":{"rendered":"<p>Anglosask\u00e9 v\u00e1le\u010dn\u00e9 choutky v Evrop\u011b odm\u00edt\u00e1 st\u00e1le v\u00edce zem\u00ed Star\u00e9ho kontinentu. Po odm\u00edtav\u00e9m stanovisku N\u011bmecka&#8230;<\/p>\n","protected":false},"author":2,"featured_media":494,"comment_status":"closed","ping_status":"closed","sticky":false,"template":"","format":"standard","meta":[],"categories":[7],"tags":[295,371,78,40],"_links":{"self":[{"href":"https:\/\/www.infokuryr.cz\/n\/wp-json\/wp\/v2\/posts\/7841"}],"collection":[{"href":"https:\/\/www.infokuryr.cz\/n\/wp-json\/wp\/v2\/posts"}],"about":[{"href":"https:\/\/www.infokuryr.cz\/n\/wp-json\/wp\/v2\/types\/post"}],"author":[{"embeddable":true,"href":"https:\/\/www.infokuryr.cz\/n\/wp-json\/wp\/v2\/users\/2"}],"replies":[{"embeddable":true,"href":"https:\/\/www.infokuryr.cz\/n\/wp-json\/wp\/v2\/comments?post=7841"}],"version-history":[{"count":0,"href":"https:\/\/www.infokuryr.cz\/n\/wp-json\/wp\/v2\/posts\/7841\/revisions"}],"wp:featuredmedia":[{"embeddable":true,"href":"https:\/\/www.infokuryr.cz\/n\/wp-json\/wp\/v2\/media\/494"}],"wp:attachment":[{"href":"https:\/\/www.infokuryr.cz\/n\/wp-json\/wp\/v2\/media?parent=7841"}],"wp:term":[{"taxonomy":"category","embeddable":true,"href":"https:\/\/www.infokuryr.cz\/n\/wp-json\/wp\/v2\/categories?post=7841"},{"taxonomy":"post_tag","embeddable":true,"href":"https:\/\/www.infokuryr.cz\/n\/wp-json\/wp\/v2\/tags?post=7841"}],"curies":[{"name":"wp","href":"https:\/\/api.w.org\/{rel}","templated":true}]}}