{"id":78402,"date":"2025-05-10T00:14:21","date_gmt":"2025-05-09T22:14:21","guid":{"rendered":"https:\/\/www.infokuryr.cz\/n\/?p=78402"},"modified":"2025-05-09T12:10:04","modified_gmt":"2025-05-09T10:10:04","slug":"larry-c-johnson-hrala-zapadni-zpravodajska-sluzba-roli-v-teroristickem-utoku-v-kasmiru","status":"publish","type":"post","link":"https:\/\/www.infokuryr.cz\/n\/2025\/05\/10\/larry-c-johnson-hrala-zapadni-zpravodajska-sluzba-roli-v-teroristickem-utoku-v-kasmiru\/","title":{"rendered":"Larry C. Johnson: Hr\u00e1la z\u00e1padn\u00ed zpravodajsk\u00e1 slu\u017eba roli v teroristick\u00e9m \u00fatoku v Ka\u0161m\u00edru?"},"content":{"rendered":"<div id=\"fb-root\"><\/div>\n<div class=\"elementor-element elementor-element-1fb4c2c elementor-widget elementor-widget-theme-post-content\" data-id=\"1fb4c2c\" data-element_type=\"widget\" data-widget_type=\"theme-post-content.default\">\n<div class=\"elementor-widget-container\">\n<p><span>Po teroristick\u00e9m \u00fatoku z 22. dubna v indicky ovl\u00e1dan\u00e9m Pahalgamu v Ka\u0161m\u00edru, p\u0159i kter\u00e9m zahynulo 22 turist\u016f, se Indie a P\u00e1kist\u00e1n ocitly na pokraji v\u00e1lky. Na\u010dasov\u00e1n\u00ed \u00fatoku \u2013 kr\u00e1tce po n\u00e1v\u0161t\u011bv\u011b americk\u00e9ho viceprezidenta J. D. Vance v Indii \u2013 vyvol\u00e1v\u00e1 znepokojiv\u00e9 ot\u00e1zky: Mohla b\u00fdt do \u00fatoku zapojena z\u00e1padn\u00ed zpravodajsk\u00e1 slu\u017eba? A pokud ano \u2013 s jak\u00fdm c\u00edlem? Mezi mo\u017en\u00e9 motivy by mohla pat\u0159it eskalace nap\u011bt\u00ed s \u010c\u00ednou nebo naru\u0161en\u00ed soudr\u017enosti v r\u00e1mci zem\u00ed BRICS.<\/span><\/p>\n<p><span>Zat\u00edmco Z\u00e1pad se takov\u00fdm spekulac\u00edm r\u00e1d posm\u00edv\u00e1, p\u00e1kist\u00e1nsk\u00fd ministr obrany Khawaja Muhammad Asif obvinil Indii z proveden\u00ed operace \u201epod fale\u0161nou vlajkou\u201c. Ale Asif za\u0161el je\u0161t\u011b d\u00e1l: V rozhovoru pro\u00a0<\/span><em><span>Sky News<\/span><\/em><span>\u00a0otev\u0159en\u011b p\u0159iznal, \u017ee P\u00e1kist\u00e1n financoval a podporoval teroristick\u00e9 skupiny po t\u0159i desetilet\u00ed \u2013 ve prosp\u011bch Z\u00e1padu, zejm\u00e9na USA a Velk\u00e9 Brit\u00e1nie. Tato \u201e\u0161pinav\u00e1 pr\u00e1ce\u201c, \u0159ekl Asif, byla chybou, kter\u00e1 P\u00e1kist\u00e1n draho st\u00e1la \u2013 jak b\u011bhem sov\u011btsko-afgh\u00e1nsk\u00e9 v\u00e1lky, tak i ve \u201ev\u00e1lce proti teroru\u201c po 11. z\u00e1\u0159\u00ed. Pokud by P\u00e1kist\u00e1n v t\u00e9 dob\u011b do t\u00e9to spolupr\u00e1ce neza\u010dal, jeho mezin\u00e1rodn\u00ed pov\u011bst by dnes pravd\u011bpodobn\u011b byla \u201eneot\u0159esiteln\u00e1\u201c, uvedl ministr.<\/span><\/p>\n<p><span>Asif zd\u016fraznil t\u0159i kl\u00ed\u010dov\u00e9 body:<\/span><\/p>\n<ol>\n<li><strong><span>Spolupr\u00e1ce se z\u00e1padn\u00edmi mocnostmi<\/span><\/strong><br \/>\n<span>P\u00e1kist\u00e1n po cel\u00e1 desetilet\u00ed fungoval jako agent z\u00e1padn\u00edch z\u00e1jm\u016f \u2013 v\u010detn\u011b Velk\u00e9 Brit\u00e1nie. Toto zapojen\u00ed do konflikt\u016f veden\u00fdch Z\u00e1padem dlouhodob\u011b p\u0159isp\u011blo k destabilizaci zem\u011b.<\/span><\/li>\n<li><strong><span>V\u00fdcvik mud\u017eahed\u00edn\u016f<\/span><\/strong><br \/>\n<span>B\u011bhem v\u00e1lky v Afgh\u00e1nist\u00e1nu P\u00e1kist\u00e1n cvi\u010dil bojovn\u00edky, kte\u0159\u00ed byli pozd\u011bji ozna\u010deni za teroristy. Asif \u0159ekl: \u201eP\u0159ipravili jsme je \u2013 te\u010f jsou z nich terorist\u00e9.\u201c Popsal jako chybu, \u017ee se podvolil t\u011bmto po\u017eadavk\u016fm jin\u00fdch n\u00e1rod\u016f.<\/span><\/li>\n<li><strong><span>Kritika americk\u00fdch vojensk\u00fdch akc\u00ed<\/span><\/strong><br \/>\n<span>\u00c1sif ost\u0159e kritizoval americk\u00e9 intervence a pouk\u00e1zal na high-tech zbran\u011b, kter\u00e9 z\u016fstaly v Afgh\u00e1nist\u00e1nu a nyn\u00ed se dostaly do rukou teroristick\u00fdch skupin v P\u00e1kist\u00e1nu.<\/span><\/li>\n<\/ol>\n<p><span>\u00datok v Pahalgamu mohl m\u00edt p\u0159inejmen\u0161\u00edm za c\u00edl destabilizovat rozv\u00edjej\u00edc\u00ed se turistickou destinaci. Ale vzhledem k Asifov\u00fdm otev\u0159en\u00fdm prohl\u00e1\u0161en\u00edm je rozumn\u00e9 se domn\u00edvat, \u017ee z\u00e1padn\u00ed slu\u017eby \u2013 mo\u017en\u00e1 MI6 nebo moji b\u00fdval\u00ed kolegov\u00e9 \u2013 hraj\u00ed je\u0161t\u011b zlov\u011bstn\u011bj\u0161\u00ed roli.<\/span><\/p>\n<p><span>V \u00fater\u00fd konflikt prudce eskaloval: Indie za\u00fato\u010dila na \u00fadajn\u00e9 teroristick\u00e9 t\u00e1bory v P\u00e1kist\u00e1nu, na\u010de\u017e P\u00e1kist\u00e1n reagoval d\u011blost\u0159electvem a raketami. Pot\u00e9 se situace pon\u011bkud uklidnila. \u00cdr\u00e1nsk\u00fd ministr zahrani\u010d\u00ed Arag\u010di odcestoval do regionu \u2013 pravd\u011bpodobn\u011b s podporou Moskvy a Pekingu \u2013 aby zprost\u0159edkoval jedn\u00e1n\u00ed.<\/span><\/p>\n<p><span>Rusko je obzvl\u00e1\u0161t\u011b ostra\u017eit\u00e9, pokud jde o mo\u017en\u00e9 tajn\u00e9 operace z\u00e1padn\u00edch zpravodajsk\u00fdch slu\u017eeb. Historie pro to poskytuje dostatek d\u016fkaz\u016f. P\u0159ipome\u0148me si: V prosinci 1994 za\u010dala prvn\u00ed \u010de\u010densk\u00e1 v\u00e1lka \u2013 \u00fadajn\u011b z d\u016fvod\u016f separatismu. Nen\u00ed v\u0161ak pochyb o tom, \u017ee z\u00e1padn\u00ed zpravodajsk\u00e9 slu\u017eby konflikt tajn\u011b podporovaly. Studen\u00e1 v\u00e1lka nikdy doopravdy neskon\u010dila.<\/span><\/p>\n<p><span>Pohled zp\u011bt do roku 1999: 12. b\u0159ezna vstoupily Polsko, Ma\u010farsko a \u010cesk\u00e1 republika do NATO \u2013 k velk\u00e9mu nelibosti Ruska. Pouh\u00fdch dvan\u00e1ct dn\u00ed pot\u00e9 zah\u00e1jilo NATO leteckou kampa\u0148 proti Srbsku, spojenci Moskvy. A o n\u011bkolik m\u011bs\u00edc\u016f pozd\u011bji za\u010dala druh\u00e1 \u010de\u010densk\u00e1 v\u00e1lka \u2013 \u00fadajn\u011b vyvolan\u00e1 \u00fatoky \u010de\u010densk\u00fdch bojovn\u00edk\u016f a n\u011bkolika bombov\u00fdmi \u00fatoky na obytn\u00e9 budovy v Rusku. 9. srpna prezident Jelcin jmenoval Vladimira Putina premi\u00e9rem. 31. prosince 1999 Jelcin ofici\u00e1ln\u011b p\u0159edal moc Putinovi. N\u00e1hody?<\/span><\/p>\n<p><span>P\u0159i pohledu zp\u011bt je jasn\u00e9: rok 1999 byl rokem, kdy USA a NATO sledovaly koordinovanou strategii oslaben\u00ed Ruska. Rusk\u00e9 veden\u00ed si hrozbu uv\u011bdomovalo \u2013 a \u017ee pot\u0159ebuje n\u011bkoho jako Putin, aby j\u00ed \u010delil. Rusku pod Putinem trvalo deset let, ne\u017e potla\u010dilo \u010de\u010denskou teroristickou kampa\u0148 \u2013 kampa\u0148, o kter\u00e9 jsem p\u0159esv\u011bd\u010den, \u017ee ji podporovaly z\u00e1padn\u00ed zpravodajsk\u00e9 slu\u017eby.<\/span><\/p>\n<p><span>Vzhledem k t\u00e9to historii se zd\u00e1 logick\u00e9, \u017ee Putin a jeho partne\u0159i teroristick\u00fd \u00fatok v Ka\u0161m\u00edru jednodu\u0161e neodm\u00edtaj\u00ed jako \u010din islamistick\u00fdch extremist\u016f. Pro n\u011b je to mo\u017en\u00e1 sou\u010d\u00e1st prob\u00edhaj\u00edc\u00edho z\u00e1padn\u00edho pokusu podkopat a oslabit Rusko.<\/span><\/p>\n<p><span>Ale na rozd\u00edl od roku 1999 tentokr\u00e1t Rusko v\u00edt\u011bz\u00ed \u2013 a Z\u00e1pad \u010d\u00edm d\u00e1l v\u00edce panika\u0159\u00ed.<\/span><\/p>\n<\/div>\n<\/div>\n<div class=\"elementor-element elementor-element-8c57238 quelle dc-has-condition dc-condition-empty elementor-widget elementor-widget-heading\" data-id=\"8c57238\" data-element_type=\"widget\" data-widget_type=\"heading.default\">\n<div class=\"elementor-widget-container\">\n<h3 class=\"elementor-heading-title elementor-size-default\"><span style=\"font-size: 10pt;\"><a href=\"https:\/\/sonar21.com\/did-western-intelligence-play-a-role-in-the-latest-terrorist-attack-in-kashmir\/\" target=\"_blank\" rel=\"nofollow noopener\">Zdroj<\/a><\/span><\/h3>\n<p>&nbsp;<\/p>\n<\/div>\n<\/div>\n","protected":false},"excerpt":{"rendered":"<p>Po teroristick\u00e9m \u00fatoku z 22. dubna v indicky ovl\u00e1dan\u00e9m Pahalgamu v Ka\u0161m\u00edru, p\u0159i kter\u00e9m zahynulo&#8230;<\/p>\n","protected":false},"author":2,"featured_media":77902,"comment_status":"closed","ping_status":"closed","sticky":false,"template":"","format":"standard","meta":[],"categories":[7],"tags":[6159,3079,663,3128],"_links":{"self":[{"href":"https:\/\/www.infokuryr.cz\/n\/wp-json\/wp\/v2\/posts\/78402"}],"collection":[{"href":"https:\/\/www.infokuryr.cz\/n\/wp-json\/wp\/v2\/posts"}],"about":[{"href":"https:\/\/www.infokuryr.cz\/n\/wp-json\/wp\/v2\/types\/post"}],"author":[{"embeddable":true,"href":"https:\/\/www.infokuryr.cz\/n\/wp-json\/wp\/v2\/users\/2"}],"replies":[{"embeddable":true,"href":"https:\/\/www.infokuryr.cz\/n\/wp-json\/wp\/v2\/comments?post=78402"}],"version-history":[{"count":0,"href":"https:\/\/www.infokuryr.cz\/n\/wp-json\/wp\/v2\/posts\/78402\/revisions"}],"wp:featuredmedia":[{"embeddable":true,"href":"https:\/\/www.infokuryr.cz\/n\/wp-json\/wp\/v2\/media\/77902"}],"wp:attachment":[{"href":"https:\/\/www.infokuryr.cz\/n\/wp-json\/wp\/v2\/media?parent=78402"}],"wp:term":[{"taxonomy":"category","embeddable":true,"href":"https:\/\/www.infokuryr.cz\/n\/wp-json\/wp\/v2\/categories?post=78402"},{"taxonomy":"post_tag","embeddable":true,"href":"https:\/\/www.infokuryr.cz\/n\/wp-json\/wp\/v2\/tags?post=78402"}],"curies":[{"name":"wp","href":"https:\/\/api.w.org\/{rel}","templated":true}]}}