{"id":7840,"date":"2022-01-27T03:22:56","date_gmt":"2022-01-27T02:22:56","guid":{"rendered":"http:\/\/www.infokuryr.cz\/n\/?p=7840"},"modified":"2022-01-27T03:22:56","modified_gmt":"2022-01-27T02:22:56","slug":"blinken-v-americke-odpovedi-rusku-jsou-i-velmi-pozitivni-veci","status":"publish","type":"post","link":"https:\/\/www.infokuryr.cz\/n\/2022\/01\/27\/blinken-v-americke-odpovedi-rusku-jsou-i-velmi-pozitivni-veci\/","title":{"rendered":"Blinken: V americk\u00e9 odpov\u011bdi Rusku jsou i \u201evelmi pozitivn\u00ed v\u011bci\u201c"},"content":{"rendered":"<div id=\"fb-root\"><\/div>\n<p><strong>Americk\u00e1 odpov\u011b\u010f na rusk\u00e9 bezpe\u010dnostn\u00ed n\u00e1vrhy obsahuje \u201evelmi pozitivn\u00ed v\u011bci\u201c, \u0159ekl americk\u00fd ministr zahrani\u010d\u00ed Anthony Blinken. Americk\u00e1 strana konzultovala svou odpov\u011b\u010f se spojenci.<\/strong><\/p>\n<p>\u201eExistuj\u00ed n\u011bkter\u00e9 velmi pozitivn\u00ed v\u011bci, na nich\u017e je t\u0159eba pracovat,\u201c \u0159ekl Blinken na tiskov\u00e9 konferenci.<\/p>\n<p>Podle jeho slov odpov\u011b\u010f USA obsahuje\u00a0<strong>z\u00e1kladn\u00ed principy,<\/strong>\u00a0kter\u00fdch se USA nevzdaj\u00ed, ale Washington tak\u00e9 \u201eozna\u010dil oblasti\u201c, kde je mo\u017en\u00e1 spolupr\u00e1ce s c\u00edlem zlep\u0161en\u00ed bezpe\u010dnosti pro v\u0161echny, v\u010detn\u011b Ruska. Uvedl, \u017ee jde o \u00fato\u010dn\u00e9 raketov\u00e9 syst\u00e9my na Ukrajin\u011b, problematiku vojensk\u00fdch cvi\u010den\u00ed, potenci\u00e1ln\u00ed opat\u0159en\u00ed t\u00fdkaj\u00edc\u00ed se kontroly zbrojen\u00ed, sni\u017eov\u00e1n\u00ed rizik. \u201eV\u0161echny tyto v\u011bci odr\u00e1\u017eej\u00ed spole\u010dn\u00fd z\u00e1jem, v\u010detn\u011b obav, o kter\u00fdch hovo\u0159ilo Rusko,\u201c \u0159ekl Blinken.<\/p>\n<p>Americk\u00fd prezident Joe Biden byl aktivn\u011b zapojen do psan\u00ed\u00a0odpov\u011bdi Rusku. Do jeho textu podle Blinkena americk\u00fd prezidenta vn\u00e1\u0161el zm\u011bny a n\u00e1sledn\u011b cel\u00fd dokument odsouhlasil.<\/p>\n<p><strong>Odpov\u011bdi USA ohledn\u011b bezpe\u010dnosti byly koordinov\u00e1ny se spojenci a Ukrajinou<\/strong><\/p>\n<p>Odpov\u011bdi USA na n\u00e1vrhy RF ohledn\u011b bezpe\u010dnostn\u00edch z\u00e1ruk byly koordinov\u00e1ny se spojenci a Ukrajinou, \u0159ekl novin\u00e1\u0159\u016fm americk\u00fd ministr zahrani\u010d\u00ed Anthony Blinken.<\/p>\n<p>\u201eNa\u0161e odpov\u011b\u010f byla koordinov\u00e1na s Ukrajinou a (evropsk\u00fdmi) spojenci. Obdr\u017eeli jsme jejich stanovisko a zahrnuli ho do na\u0161ich odpov\u011bd\u00ed Moskv\u011b,\u201c \u0159ekl Blinken.<\/p>\n<p>\u0158ekl, \u017ee NATO\u00a0p\u0159ed\u00e1\u00a0Moskv\u011b sv\u016fj vlastn\u00ed dokument. Podle jeho slov je tak\u00e9 v souladu s reakc\u00ed Washingtonu.<\/p>\n<p>Ve st\u0159edu americk\u00fd velvyslanec v Moskv\u011b doru\u010dil rusk\u00e9mu ministerstvu zahrani\u010dn\u00edch v\u011bc\u00ed p\u00edsemnou odpov\u011b\u010f z Washingtonu, t\u00fdkaj\u00edc\u00ed se bezpe\u010dnostn\u00edch z\u00e1ruk.<\/p>\n<p>Americk\u00e1 administrativa p\u0159edlo\u017eila Kongresu p\u00edsemnou odpov\u011b\u010f na bezpe\u010dnostn\u00ed n\u00e1vrhy Rusk\u00e9 federace a ministr zahrani\u010d\u00ed Blinken uspo\u0159\u00e1d\u00e1 t\u00e9ho\u017e dne br\u00edfink pro kongresmany.<\/p>\n<p>\u201eP\u0159edali jsme na\u0161i odpov\u011b\u010f Kongresu a dnes ve\u010der je (\u010dleny Kongresu) informuji,\u201c \u0159ekl americk\u00fd ministr zahrani\u010d\u00ed.<\/p>\n<p><strong>USA jsou p\u0159ipraveny pokra\u010dovat v dialogu s Ruskem<\/strong><\/p>\n<p>Spojen\u00e9 st\u00e1ty jsou p\u0159ipraveny pokra\u010dovat v dialogu s Ruskou federac\u00ed o t\u011bch oblastech, v nich\u017e trv\u00e1 mo\u017enost spolupr\u00e1ce, prohl\u00e1sil americk\u00fd ministr zahrani\u010dn\u00edch v\u011bc\u00ed Anthony Blinken.<\/p>\n<p>\u201eJsme otev\u0159en\u00ed dialogu, preferujeme diplomacii a jsme p\u0159ipraveni j\u00edt kup\u0159edu (v oblastech), kde je mo\u017enost spolupr\u00e1ce,\u201c \u0159ekl Blinken b\u011bhem tiskov\u00e9 konference.<\/p>\n<p><strong>Spojen\u00e9 st\u00e1ty dodaj\u00ed Ukrajin\u011b v p\u0159\u00ed\u0161t\u00edch dnech dal\u0161\u00ed z\u00e1silku pomoci<\/strong><\/p>\n<p>Spojen\u00e9 st\u00e1ty dodaj\u00ed Ukrajin\u011b v nadch\u00e1zej\u00edc\u00edch dnech dal\u0161\u00ed z\u00e1silku bezpe\u010dnostn\u00ed pomoci, \u0159ekl ve st\u0159edu americk\u00fd ministr zahrani\u010d\u00ed Anthony Blinken.<\/p>\n<p>\u201eT\u0159i \u0161ar\u017ee obrann\u00e9 vojensk\u00e9 pomoci doraz\u00ed tento t\u00fdden do Kyjeva&#8230; a dal\u0161\u00ed budou n\u00e1sledovat v nejbli\u017e\u0161\u00edch dnech,\u201c \u0159ekl v rozhovoru s novin\u00e1\u0159i. Washington podle jeho slov poskytl v minul\u00e9m roce Ukrajin\u011b v\u00edce vojensk\u00e9 pomoci ne\u017e v kter\u00e9mkoli jin\u00e9m roce p\u0159edt\u00edm.<\/p>\n<p><strong>Blinken prozradil, jak dlouho USA pracovaly na odpov\u011bdi Rusku ohledn\u011b Ukrajiny<\/strong><\/p>\n<p>Americk\u00e1 administrativa a jej\u00ed spojenci b\u011bhem posledn\u00edch m\u011bs\u00edc\u016f vypracov\u00e1vali odpov\u011b\u010f na sc\u00e9n\u00e1\u0159, podle n\u011bho\u017e by Rusko zah\u00e1jilo \u201eagresivn\u00ed akce\u201c proti Ukrajin\u011b, p\u0159esto\u017ee Moskva tyto pl\u00e1ny kategoricky odm\u00edt\u00e1, \u0159ekl ve st\u0159edu americk\u00fd ministr zahrani\u010d\u00ed Anthony Blinken.<\/p>\n<p>\u201eP\u0159esto\u017ee se v\u011bnuji diplomacii, co\u017e je moje hlavn\u00ed pr\u00e1ce a povinnost, velmi pe\u010dliv\u011b jsme se p\u0159ipravovali pro p\u0159\u00edpad, \u017ee by se Rusko vydalo jinou cestou &#8211; cestou agrese,\u201c \u0159ekl Blinken b\u011bhem sv\u00e9ho ve\u0159ejn\u00e9ho vystoupen\u00ed o v\u00fdvoji krize kolem Ukrajiny.<\/p>\n<p>D\u00e1le uvedl, \u017ee tato pr\u00e1ce pokra\u010duje i v posledn\u00edch m\u011bs\u00edc\u00edch a zahrnuje p\u0159\u00edpravu koordinovan\u00fdch \u201ed\u016fsledk\u016f\u201c pro Ruskou federaci ze strany Spojen\u00fdch st\u00e1t\u016f a jejich spojenc\u016f v p\u0159\u00edpad\u011b dal\u0161\u00ed eskalace ukrajinsk\u00e9 krize.<\/p>\n<p><a href=\"https:\/\/cz.sputniknews.com\/20220126\/blinken-v-americke-odpovedi-rusku-jsou-i-velmi-pozitivni-veci-17361503.html\">ZDROJ<\/a><\/p>\n<p>&nbsp;<\/p>\n","protected":false},"excerpt":{"rendered":"<p>Americk\u00e1 odpov\u011b\u010f na rusk\u00e9 bezpe\u010dnostn\u00ed n\u00e1vrhy obsahuje \u201evelmi pozitivn\u00ed v\u011bci\u201c, \u0159ekl americk\u00fd ministr zahrani\u010d\u00ed Anthony&#8230;<\/p>\n","protected":false},"author":2,"featured_media":1616,"comment_status":"closed","ping_status":"closed","sticky":false,"template":"","format":"standard","meta":[],"categories":[7],"tags":[1784,412,1783,22,37,1461],"_links":{"self":[{"href":"https:\/\/www.infokuryr.cz\/n\/wp-json\/wp\/v2\/posts\/7840"}],"collection":[{"href":"https:\/\/www.infokuryr.cz\/n\/wp-json\/wp\/v2\/posts"}],"about":[{"href":"https:\/\/www.infokuryr.cz\/n\/wp-json\/wp\/v2\/types\/post"}],"author":[{"embeddable":true,"href":"https:\/\/www.infokuryr.cz\/n\/wp-json\/wp\/v2\/users\/2"}],"replies":[{"embeddable":true,"href":"https:\/\/www.infokuryr.cz\/n\/wp-json\/wp\/v2\/comments?post=7840"}],"version-history":[{"count":0,"href":"https:\/\/www.infokuryr.cz\/n\/wp-json\/wp\/v2\/posts\/7840\/revisions"}],"wp:featuredmedia":[{"embeddable":true,"href":"https:\/\/www.infokuryr.cz\/n\/wp-json\/wp\/v2\/media\/1616"}],"wp:attachment":[{"href":"https:\/\/www.infokuryr.cz\/n\/wp-json\/wp\/v2\/media?parent=7840"}],"wp:term":[{"taxonomy":"category","embeddable":true,"href":"https:\/\/www.infokuryr.cz\/n\/wp-json\/wp\/v2\/categories?post=7840"},{"taxonomy":"post_tag","embeddable":true,"href":"https:\/\/www.infokuryr.cz\/n\/wp-json\/wp\/v2\/tags?post=7840"}],"curies":[{"name":"wp","href":"https:\/\/api.w.org\/{rel}","templated":true}]}}