{"id":78363,"date":"2025-05-09T06:01:16","date_gmt":"2025-05-09T04:01:16","guid":{"rendered":"https:\/\/www.infokuryr.cz\/n\/?p=78363"},"modified":"2025-05-09T06:01:16","modified_gmt":"2025-05-09T04:01:16","slug":"volebni-divadlo-skoncilo-do-nemecka-dal-priletaji-tisice-imigrantu-mladych-muzu-nemci-nechapou","status":"publish","type":"post","link":"https:\/\/www.infokuryr.cz\/n\/2025\/05\/09\/volebni-divadlo-skoncilo-do-nemecka-dal-priletaji-tisice-imigrantu-mladych-muzu-nemci-nechapou\/","title":{"rendered":"Volebn\u00ed divadlo skon\u010dilo. Do N\u011bmecka d\u00e1l p\u0159il\u00e9taj\u00ed tis\u00edce imigrant\u016f-mlad\u00fdch mu\u017e\u016f. N\u011bmci nech\u00e1pou\u2026"},"content":{"rendered":"<div id=\"fb-root\"><\/div>\n<p><strong>P\u0159ed p\u00e1r m\u011bs\u00edci skon\u010dily n\u011bmeck\u00e9 spolkov\u00e9 volby a t\u00edm skon\u010dilo i p\u0159ed volebn\u00ed divadlo slibuj\u00edc\u00ed \u0159e\u0161en\u00ed imigra\u010dn\u00ed krize. Skon\u010dily propagandistick\u00e9 kontroly na n\u011bmeck\u00fdch hranic\u00edch a do zem\u011b d\u00e1l p\u0159il\u00e9taj\u00ed tis\u00edce uprchl\u00edk\u016f\u00a0<a href=\"https:\/\/jungefreiheit.de\/politik\/deutschland\/2025\/naechster-afghanen-flieger-gelandet-jetzt-ermittelt-die-polizei\/\">t\u0159eba z Afganist\u00e1nu<\/a>\u2026ale i Afriky, Turecka, S\u00fdrie atd. atd. Zem\u011b m\u00e1 b\u00fdt islamizov\u00e1na a tak se jede podle p\u0159\u00edkaz\u016f glob\u00e1ln\u00ed finan\u010dn\u00ed oligarchie na pln\u00fd plyn.<\/strong><\/p>\n<p>M<strong>\u00e9dia a re\u017eimn\u00ed politici se dokonce b\u011b\u017en\u00fdm N\u011bmc\u016fm otev\u0159en\u011b posm\u00edvaj\u00ed, jak je zase nap\u00e1lili<\/strong>.<\/p>\n<p><strong>Tohle by m\u011bli \u010ce\u0161i pozorn\u011b sledovat p\u0159ed volbami. Sliby liber\u00e1ln\u011b demokratick\u00fdch stran a Bure\u0161e o omezen\u00ed imigrace, nikdo z nich nepl\u00e1nuje splnit. I na\u0161e zem\u011b m\u00e1 b\u00fdt zamo\u0159ena imigranty.<\/strong><\/p>\n<p><a href=\"https:\/\/ceskavec.com\/2025\/05\/volebni-divadlo-skoncilo-do-nemecka-dal-priletaji-tisice-imigrantu-mladych-muzu-nemci-nechapou\">Aron G.<\/a><\/p>\n<p>&nbsp;<\/p>\n","protected":false},"excerpt":{"rendered":"<p>P\u0159ed p\u00e1r m\u011bs\u00edci skon\u010dily n\u011bmeck\u00e9 spolkov\u00e9 volby a t\u00edm skon\u010dilo i p\u0159ed volebn\u00ed divadlo slibuj\u00edc\u00ed&#8230;<\/p>\n","protected":false},"author":2,"featured_media":78364,"comment_status":"closed","ping_status":"closed","sticky":false,"template":"","format":"standard","meta":[],"categories":[7],"tags":[119,1253,429],"_links":{"self":[{"href":"https:\/\/www.infokuryr.cz\/n\/wp-json\/wp\/v2\/posts\/78363"}],"collection":[{"href":"https:\/\/www.infokuryr.cz\/n\/wp-json\/wp\/v2\/posts"}],"about":[{"href":"https:\/\/www.infokuryr.cz\/n\/wp-json\/wp\/v2\/types\/post"}],"author":[{"embeddable":true,"href":"https:\/\/www.infokuryr.cz\/n\/wp-json\/wp\/v2\/users\/2"}],"replies":[{"embeddable":true,"href":"https:\/\/www.infokuryr.cz\/n\/wp-json\/wp\/v2\/comments?post=78363"}],"version-history":[{"count":0,"href":"https:\/\/www.infokuryr.cz\/n\/wp-json\/wp\/v2\/posts\/78363\/revisions"}],"wp:featuredmedia":[{"embeddable":true,"href":"https:\/\/www.infokuryr.cz\/n\/wp-json\/wp\/v2\/media\/78364"}],"wp:attachment":[{"href":"https:\/\/www.infokuryr.cz\/n\/wp-json\/wp\/v2\/media?parent=78363"}],"wp:term":[{"taxonomy":"category","embeddable":true,"href":"https:\/\/www.infokuryr.cz\/n\/wp-json\/wp\/v2\/categories?post=78363"},{"taxonomy":"post_tag","embeddable":true,"href":"https:\/\/www.infokuryr.cz\/n\/wp-json\/wp\/v2\/tags?post=78363"}],"curies":[{"name":"wp","href":"https:\/\/api.w.org\/{rel}","templated":true}]}}