{"id":78353,"date":"2025-05-09T00:31:15","date_gmt":"2025-05-08T22:31:15","guid":{"rendered":"https:\/\/www.infokuryr.cz\/n\/?p=78353"},"modified":"2025-05-08T19:47:31","modified_gmt":"2025-05-08T17:47:31","slug":"novym-papezem-byl-zvolen-americky-kardinal-robert-francis-prevost-jako-jmeno-si-zvolil-lev-xiv","status":"publish","type":"post","link":"https:\/\/www.infokuryr.cz\/n\/2025\/05\/09\/novym-papezem-byl-zvolen-americky-kardinal-robert-francis-prevost-jako-jmeno-si-zvolil-lev-xiv\/","title":{"rendered":"Nov\u00fdm pape\u017eem byl zvolen americk\u00fd kardin\u00e1l Robert Francis Prevost. Jako jm\u00e9no si zvolil Lev XIV."},"content":{"rendered":"<div id=\"fb-root\"><\/div>\n<p><img decoding=\"async\" loading=\"lazy\" class=\"wp-image-78354 aligncenter\" src=\"http:\/\/www.infokuryr.cz\/n\/wp-content\/uploads\/2025\/05\/lev-14-300x169.jpg\" alt=\"\" width=\"829\" height=\"467\" srcset=\"https:\/\/www.infokuryr.cz\/n\/wp-content\/uploads\/2025\/05\/lev-14-300x169.jpg 300w, https:\/\/www.infokuryr.cz\/n\/wp-content\/uploads\/2025\/05\/lev-14-768x434.jpg 768w, https:\/\/www.infokuryr.cz\/n\/wp-content\/uploads\/2025\/05\/lev-14.jpg 891w\" sizes=\"(max-width: 829px) 100vw, 829px\" \/><\/p>\n<p>Z kom\u00edna ve Vatik\u00e1nu, kde ve \u010dtvrtek pokra\u010dovala volba nov\u00e9ho pape\u017ee, vy\u0161el ve \u010dtvrtek v\u00a018:07\u00a0SEL\u010c b\u00edl\u00fd kou\u0159. Nov\u00fd pape\u017e byl zvolen. Lid\u00e9 na Svatopetrsk\u00e9m n\u00e1m\u011bst\u00ed j\u00e1saj\u00ed, zvony zvon\u00ed. Kardin\u00e1l Dominique Mamberti vystoupil zhruba za hodinu na centr\u00e1ln\u00ed balkon baziliky sv. Petra, aby ozn\u00e1mil, \u017ee nov\u00fdm pape\u017eem byl zvolen americk\u00fd kardin\u00e1l Robert Francis Prevost. Je mu 69\u00a0let a\u00a0je z\u00a0Chicaga. Jako jm\u00e9no si zvolil Lev XIV.<\/p>\n<p><img decoding=\"async\" loading=\"lazy\" class=\"wp-image-78355 aligncenter\" src=\"http:\/\/www.infokuryr.cz\/n\/wp-content\/uploads\/2025\/05\/papez-lev-300x168.jpg\" alt=\"\" width=\"834\" height=\"467\" srcset=\"https:\/\/www.infokuryr.cz\/n\/wp-content\/uploads\/2025\/05\/papez-lev-300x168.jpg 300w, https:\/\/www.infokuryr.cz\/n\/wp-content\/uploads\/2025\/05\/papez-lev-768x430.jpg 768w, https:\/\/www.infokuryr.cz\/n\/wp-content\/uploads\/2025\/05\/papez-lev.jpg 822w\" sizes=\"(max-width: 834px) 100vw, 834px\" \/><\/p>\n<h2 class=\"article__title\">Kr\u00e1tk\u00fd \u017eivotopis Lva XIV.<\/h2>\n<div class=\"article__subTitle\">Prvn\u00edmu augustini\u00e1nsk\u00e9mu pape\u017ei je t\u00e9m\u011b\u0159 70 let. Zvolil si jm\u00e9no Lev XIV. B\u00fdval\u00fd prefekt Kongregace pro biskupy byl zvolen ve \u010dtvrtek 8.5.2025 v 18:07. Je 267. pape\u017eem v d\u011bjin\u00e1ch.<\/div>\n<div class=\"article__text\">\n<h3><b>Robert Francis PREVOST, OSA<\/b><\/h3>\n<p>Robert Francis Prevost, OSA, b\u00fdval\u00fd prefekt Dikasterie pro biskupy, emeritn\u00ed arcibiskup-biskup Chiclayo (Peru), se narodil 14. z\u00e1\u0159\u00ed 1955 v Chicagu (Illinois, Spojen\u00e9 st\u00e1ty americk\u00e9). V roce 1977 vstoupil do novici\u00e1tu \u0158ehole svat\u00e9ho Augustina (OSA) v provincii Na\u0161\u00ed Pan\u00ed Dobr\u00e9 rady v Saint Louis. Dne 29. srpna 1981 slo\u017eil slavnostn\u00ed sliby. Studoval na Catholic Theological Union v Chicagu, kde z\u00edskal titul z teologie.<\/p>\n<p>Ve v\u011bku 27 let ho \u0159ehole vyslala do \u0158\u00edma, aby studoval k\u00e1nonick\u00e9 pr\u00e1vo na Pape\u017esk\u00e9 univerzit\u011b svat\u00e9ho Tom\u00e1\u0161e Akvinsk\u00e9ho (Angelicum). Kn\u011b\u017eskou vysv\u011bcen\u00ed p\u0159ijal 19. \u010dervna 1982. Licenci\u00e1t z\u00edskal v roce 1984 a n\u00e1sledn\u011b byl vysl\u00e1n na mise do Chulucanas v Piu\u0159e v Peru (1985\u20131986).<\/p>\n<p>V roce 1987 z\u00edskal doktor\u00e1t s disertac\u00ed na t\u00e9ma: \u201eRole m\u00edstn\u00edho priora v \u0158eholi svat\u00e9ho Augustina\u201c. Ve stejn\u00e9m roce byl zvolen \u0159editelem pro povol\u00e1n\u00ed a mise augustini\u00e1nsk\u00e9 provincie \u201eMatky Dobr\u00e9 rady\u201c v Olympia Fields, ve st\u00e1t\u011b Illinois (USA). V roce 1988 byl vysl\u00e1n na mise do Trujilla jako \u0159editel spole\u010dn\u00e9ho forma\u010dn\u00edho projektu pro augustini\u00e1nsk\u00e9 kandid\u00e1ty z vikari\u00e1t\u016f Chulucanas, Iquitos a Apur\u00edmac. Tam p\u016fsobil jako prior komunity (1988\u20131992), forma\u010dn\u00ed direktor (1988\u20131998) a vychovatel novic\u016f (1992\u20131998). V arcidiec\u00e9zi Trujillo p\u016fsobil jako soudn\u00ed vik\u00e1\u0159 (1989\u20131998), profesor kanonick\u00e9ho pr\u00e1va, patristiky a mor\u00e1ln\u00ed teologie v kn\u011b\u017esk\u00e9m semin\u00e1\u0159i \u201eSan Carlos e San Marcelo\u201c.<\/p>\n<p>V roce 1999 byl zvolen provinci\u00e1lem provincie \u201eMatky Dobr\u00e9 rady\u201c (Chicago). Po dvou a p\u016fl roce jej gener\u00e1ln\u00ed kapitula zvolila za gener\u00e1ln\u00edho priora, p\u0159i\u010dem\u017e tento \u00fa\u0159ad mu byl sv\u011b\u0159en op\u011btovn\u011b na gener\u00e1ln\u00edm kapitule v roce 2007. V \u0159\u00edjnu 2013 se vr\u00e1til do sv\u00e9 provincie (Chicago), kde p\u016fsobil jako vychovatel novic\u016f a provinci\u00e1ln\u00ed vik\u00e1\u0159 a\u017e do chv\u00edle, kdy\u017e ho pape\u017e Franti\u0161ek jmenoval v roce 2014 za apo\u0161tolsk\u00e9ho administr\u00e1tora diec\u00e9ze Chiclayo v Peru a z\u00e1rove\u0148 ho pov\u00fd\u0161il do hodnosti titul\u00e1rn\u00edho biskupa sufr\u00e1nsk\u00e9ho. Kanonick\u00e9 p\u0159evzet\u00ed diec\u00e9ze se uskute\u010dnilo 7. listopadu 2014 za p\u0159\u00edtomnosti apo\u0161tolsk\u00e9ho nuncia Jamese Patricka Greena. Biskupsk\u00e9 sv\u011bcen\u00ed p\u0159ijal 12. prosince, na sv\u00e1tek Panny Marie Guadalupsk\u00e9, v diec\u00e9zn\u00ed katedr\u00e1le. Biskupem Chiclayo se stal 26. z\u00e1\u0159\u00ed 2015. Od b\u0159ezna 2018 byl druh\u00fdm m\u00edstop\u0159edsedou Peru\u00e1nsk\u00e9 biskupsk\u00e9 konference. Pape\u017e Franti\u0161ek jej jmenoval \u010dlenem Kongregace pro kl\u00e9rus v roce 2019 a \u010dlenem Kongregace pro biskupy v roce 2020.<\/p>\n<p>Dne 15. dubna 2020 ho pape\u017e jmenoval apo\u0161tolsk\u00fdm administr\u00e1torem diec\u00e9ze Callao.<\/p>\n<p>Od 30. ledna 2023 je prefektem Dikasterie pro biskupy a p\u0159edsedou Pape\u017esk\u00e9 komise pro Latinskou Ameriku.<\/p>\n<p>Dne 6. \u00fanora 2025 jej Svat\u00fd Otec Franti\u0161ek pov\u00fd\u0161il do hodnosti kardin\u00e1la-biskupa a p\u0159i\u0159adil mu titul suburbik\u00e1rn\u00ed c\u00edrkve v Alban\u011b.<\/p>\n<p>Pape\u017e Franti\u0161ek ho kreoval za kardin\u00e1la na konzistorii 30. z\u00e1\u0159\u00ed 2023 a p\u0159id\u011blil mu diakonii svat\u00e9 Moniky.<\/p>\n<p><b>Je \u010dlenem:<\/b><\/p>\n<ul>\n<li>dikasteri\u00ed: pro evangelizaci \u2013 sekce pro prvn\u00ed evangelizaci a nov\u00e9 partikul\u00e1rn\u00ed c\u00edrkve; pro nauku v\u00edry; pro v\u00fdchodn\u00ed c\u00edrkve; pro kl\u00e9rus; pro instituty zasv\u011bcen\u00e9ho \u017eivota a spole\u010dnosti apo\u0161tolsk\u00e9ho \u017eivota; pro kulturu a vzd\u011bl\u00e1v\u00e1n\u00ed; pro legislativn\u00ed texty;<\/li>\n<li>Pape\u017esk\u00e9 komise pro M\u011bstsk\u00fd st\u00e1t Vatik\u00e1n.<\/li>\n<\/ul>\n<\/div>\n<p><iframe loading=\"lazy\" title=\"Vatican Media Live - English\" width=\"640\" height=\"480\" src=\"https:\/\/www.youtube.com\/embed\/EEM7a3mHMR4?feature=oembed\" frameborder=\"0\" allow=\"accelerometer; autoplay; clipboard-write; encrypted-media; gyroscope; picture-in-picture; web-share\" referrerpolicy=\"strict-origin-when-cross-origin\" allowfullscreen><\/iframe><\/p>\n<p><img decoding=\"async\" loading=\"lazy\" class=\"alignnone size-full wp-image-71983\" src=\"http:\/\/www.infokuryr.cz\/n\/wp-content\/uploads\/2025\/02\/aaa.jpg\" alt=\"\" width=\"89\" height=\"23\" \/><\/p>\n<p>&nbsp;<\/p>\n","protected":false},"excerpt":{"rendered":"<p>Z kom\u00edna ve Vatik\u00e1nu, kde ve \u010dtvrtek pokra\u010dovala volba nov\u00e9ho pape\u017ee, vy\u0161el ve \u010dtvrtek v\u00a018:07\u00a0SEL\u010c&#8230;<\/p>\n","protected":false},"author":2,"featured_media":78357,"comment_status":"closed","ping_status":"closed","sticky":false,"template":"","format":"standard","meta":[],"categories":[7],"tags":[2753,9089,254,9090,329],"_links":{"self":[{"href":"https:\/\/www.infokuryr.cz\/n\/wp-json\/wp\/v2\/posts\/78353"}],"collection":[{"href":"https:\/\/www.infokuryr.cz\/n\/wp-json\/wp\/v2\/posts"}],"about":[{"href":"https:\/\/www.infokuryr.cz\/n\/wp-json\/wp\/v2\/types\/post"}],"author":[{"embeddable":true,"href":"https:\/\/www.infokuryr.cz\/n\/wp-json\/wp\/v2\/users\/2"}],"replies":[{"embeddable":true,"href":"https:\/\/www.infokuryr.cz\/n\/wp-json\/wp\/v2\/comments?post=78353"}],"version-history":[{"count":1,"href":"https:\/\/www.infokuryr.cz\/n\/wp-json\/wp\/v2\/posts\/78353\/revisions"}],"predecessor-version":[{"id":78356,"href":"https:\/\/www.infokuryr.cz\/n\/wp-json\/wp\/v2\/posts\/78353\/revisions\/78356"}],"wp:featuredmedia":[{"embeddable":true,"href":"https:\/\/www.infokuryr.cz\/n\/wp-json\/wp\/v2\/media\/78357"}],"wp:attachment":[{"href":"https:\/\/www.infokuryr.cz\/n\/wp-json\/wp\/v2\/media?parent=78353"}],"wp:term":[{"taxonomy":"category","embeddable":true,"href":"https:\/\/www.infokuryr.cz\/n\/wp-json\/wp\/v2\/categories?post=78353"},{"taxonomy":"post_tag","embeddable":true,"href":"https:\/\/www.infokuryr.cz\/n\/wp-json\/wp\/v2\/tags?post=78353"}],"curies":[{"name":"wp","href":"https:\/\/api.w.org\/{rel}","templated":true}]}}