{"id":78340,"date":"2025-05-09T00:26:47","date_gmt":"2025-05-08T22:26:47","guid":{"rendered":"https:\/\/www.infokuryr.cz\/n\/?p=78340"},"modified":"2025-05-08T17:57:32","modified_gmt":"2025-05-08T15:57:32","slug":"nemecke-zrudnosti-v-poslednich-dnech-valky-v-praze","status":"publish","type":"post","link":"https:\/\/www.infokuryr.cz\/n\/2025\/05\/09\/nemecke-zrudnosti-v-poslednich-dnech-valky-v-praze\/","title":{"rendered":"N\u011bmeck\u00e9 zr\u016fdnosti v posledn\u00edch dnech v\u00e1lky v Praze &#8230;"},"content":{"rendered":"<div id=\"fb-root\"><\/div>\n<h4><span style=\"color: #800080;\">&#8230; fa\u0161istick\u00e1 vl\u00e1da Petra Fialy, kter\u00e1 je pln\u011b zodpov\u011bdn\u00e1 za <span style=\"color: #ff0000;\"><a style=\"color: #ff0000;\" href=\"https:\/\/www.infokuryr.cz\/n\/2025\/05\/07\/v-predvecer-vyroci-osvobozeni-byl-v-teplicich-znicen-pamatnik-rudoarmejce\/\">str\u017een\u00ed sochy osvoboditele &#8222;Rudoarm\u011bjce&#8220;<\/a>\u00a0<\/span> v Teplic\u00edch, by si m\u011bla p\u0159e\u010d\u00edst tento \u010dl\u00e1nek o zr\u016fdnostech,\u00a0 kter\u00fdm zabr\u00e1nili pr\u00e1v\u011b lid\u00e9, kter\u00fdm byl zdemolov\u00e1n rusofobn\u00ed tlupou pam\u00e1tn\u00edk. Unisono te\u010f tvrd\u00ed, \u017ee \u0161lo jen o vandalsk\u00fd akt, ale opak je pravdou, \u0161lo o projev neonacizmu a pop\u00edr\u00e1n\u00ed genocidy \u010desk\u00e9ho n\u00e1roda\u00a0 a hanoben\u00ed lid\u00ed, kte\u0159\u00ed polo\u017eili \u017eivot za na\u0161i svobodu!<\/span><\/h4>\n<p style=\"text-align: center;\" align=\"center\">________________________<\/p>\n<p align=\"center\"><strong>N\u011bmeck\u00e1 p\u0159\u00edslu\u0161nice Lenechov\u00e1, kter\u00e1 byla v nejvy\u0161\u0161\u00edm stupni t\u011bhotenstv\u00ed, klekla v krytu p\u0159ed SS-many a prosila je, <\/strong><strong>aby ji jako n\u011bmeckou p\u0159\u00edslu\u0161nici u\u0161et\u0159ili. Zavra\u017edili ji i se dv\u011bma jej\u00edmi d\u011btmi.<\/strong><\/p>\n<p>Podle v\u00fdpov\u011bd\u00ed o\u010dit\u00fdch sv\u011bdk\u016f vnikli dne 6. kv\u011btna SS-mani do sklepa domu \u010dp. 255 v \u00dasobsk\u00e9 ulici a beze slova po\u010dali st\u0159\u00edlet do obyvatel\u016f, kte\u0159\u00ed se ve sklep\u011b ukryli. Pou\u017e\u00edvali st\u0159el dum-dum, jak bylo pozd\u011bji l\u00e9ka\u0159sky zji\u0161t\u011bno. N\u011bmeck\u00e1 p\u0159\u00edslu\u0161nice Lenechov\u00e1, kter\u00e1 byla v nejvy\u0161\u0161\u00edm stupni t\u011bhotenstv\u00ed, klekla v krytu p\u0159ed SS-many a prosila je, aby ji jako n\u011bmeckou p\u0159\u00edslu\u0161nici u\u0161et\u0159ili. Zavra\u017edili ji i se dv\u011bma jej\u00edmi d\u011btmi. Kdy\u017e se ji\u017e nikdo neh\u00fdbal, volali: &#8222;Auf! Auf!&#8220; Vstala \u010dtrn\u00e1ctilet\u00e1 V\u011bra H\u00e1jkov\u00e1, kter\u00e1 z\u016fstala nezran\u011bna, proto\u017ee padla p\u0159ed st\u0159elbou. Byla ihned SS-many zast\u0159elena. Celkem bylo v dom\u011b \u010dp. 255 povra\u017ed\u011bno 37 osob, z toho 10 d\u011bt\u00ed ve v\u011bku od 6 do 15 let, 13 \u017een, z nich dv\u011b t\u011bhotn\u00e9, a 14 mu\u017e\u016f. Zachr\u00e1nilo se 12 osob, kter\u00e9 p\u0159ed st\u0159elbou padly na zem a p\u0159edst\u00edraly, \u017ee jsou mrtv\u00e9. Byly sv\u011bdky v\u0161ech zv\u011brstev a vid\u011bly, jak SS-mani po st\u0159elb\u011b je\u0161t\u011b do mrtv\u00fdch bodali. Kdy\u017e skon\u010dili toto d\u00edlo, vyrabovali v t\u00e9m\u017ee dom\u011b 21 byt\u016f a zap\u00e1lili je. V jednom byt\u011b na\u0161li 68let\u00e9ho H\u00e1\u010dka, kter\u00fd byl nemocn\u00fd a hluch\u00fd. I toho zast\u0159elili.<\/p>\n<p>Podle v\u00fdpov\u011bdi o\u010dit\u00fdch sv\u011bdk\u016f vnikli dne 6. kv\u011btna o 21. hodin\u011b SS-mani do sklepa domu \u010dp. 254 v Horn\u00ed Kr\u010di a volali n\u011bmecky: &#8222;V\u0161ichni ven!&#8220; Vy\u0161lo 22 osob. SS-mani je dovedli do zahr\u00e1dky domu, na\u0159\u00eddili jim oto\u010diti se ke zdi a pak do nich st\u0159\u00edleli z automatick\u00fdch pistol\u00ed. Tak bylo post\u0159\u00edleno 16 osob, z nich 6 d\u011bt\u00ed &#8211; nejmlad\u0161\u00ed t\u0159\u00edlet\u00e9 &#8211; 5 \u017een a 5 mu\u017e\u016f. T\u0159i osoby byly t\u011b\u017ece zran\u011bny a t\u0159i se zachr\u00e1nily t\u00edm, \u017ee padly na zem p\u0159ed st\u0159elbou. SS-mani pou\u017e\u00edvali n\u00e1boj\u016f dum-dum. Milan Proch\u00e1zka byl p\u0159i st\u0159elb\u011b leh\u010deji zran\u011bn, klekl a prosil: &#8222;Pros\u00edm v\u00e1s, nechte maminku, nechte Janinu I&#8220; SS-mani jej ubili ranami pa\u017eeb pu\u0161ek do obli\u010deje. \u010ctrn\u00e1ctilet\u00e1 Jarmila \u0160\u00e1rov\u00e1 m\u011bla podle l\u00e9ka\u0159sk\u00e9ho zji\u0161t\u011bn\u00ed vyp\u00edch\u00e1ny o\u010di. Bo\u017eena \u0160r\u00e1mkov\u00e1, t\u011bhotn\u00e1 a jej\u00ed \u0161estilet\u00e1 dcera Eva, kterou dr\u017eel na ruce otec, byly zabity. Otec se zachr\u00e1nil. Dvan\u00e1ct lid\u00ed vyvedli a zast\u0159elili na zahrad\u011b. Tohoto vra\u017ed\u011bn\u00ed se z\u00fa\u010dastnili SS-mani, kte\u0159\u00ed byli pos\u00e1dkou na &#8222;Zelen\u00e9 li\u0161ce&#8220;. Byli mezi nimi Ma\u010fa\u0159i, Chorvati, v\u011bt\u0161ina byla v\u0161ak N\u011bmci, v\u0161ichni ve v\u011bku 17 a\u017e 21 let.<\/p>\n<p>Dne 6. kv\u011btna v dopoledn\u00edch hodin\u00e1ch byly p\u0159ivezeny dv\u011b baterie d\u011bl na nouzovou kolonii &#8222;Na kope\u010dku&#8220; v Praze XIV-Michli a nam\u00ed\u0159eny sm\u011brem na Vinohrady. St\u0159elba z nich po\u010dala kolem 14. hodiny t\u00e9ho\u017e dne. Pro ochranu t\u011bchto d\u011bl p\u0159ivedli N\u011bmci z okoln\u00edch dom\u016f civiln\u00ed obyvatelstvo a postavili je po obou stran\u00e1ch hlavn\u00ed d\u011bl, aby \u010de\u0161t\u00ed lid\u00e9 nemohli po nich st\u0159\u00edleti. Ve vedlej\u0161\u00edm nouzov\u00e9m domku \u010d. 27 zavra\u017edili dv\u011b \u017eeny, 62letou Ane\u017eku Kavanovou a jej\u00ed 46letou dceru Annu\u2026. Sv\u011bdkyn\u011b tohoto \u010dinu Marie Plz\u00e1kov\u00e1 u\u0161la jejich pozornosti t\u00edm, \u017ee si p\u0159et\u00e1hla pe\u0159inu p\u0159es hlavu.<\/p>\n<p>SS-mani nahnali do dom\u016f \u00daSP a obecn\u00edch dom\u016f asi 6000 osob a z nich si vybrali mu\u017ee jako rukojm\u00ed a ochr\u00e1nce p\u0159i bojov\u00fdch akc\u00edch. P\u0159i \u00fastupu vzali SS-mani s sebou 300 mu\u017e\u016f a dohnali je s rukama zdvi\u017een\u00fdma a\u017e na Zbraslav, p\u0159i \u010dem\u017e tito lid\u00e9 musili sv\u00fdmi t\u011bly kr\u00fdt n\u011bmeck\u00e9 tanky a p\u011bchotu. Mezi nimi byli policejn\u00ed str\u00e1\u017emistr Jaroslav Kloko\u010dn\u00edk a Jind\u0159ich Ho\u0161ek, kte\u0159\u00ed p\u0159emluvili ma\u010farsk\u00e9 SS-many, jim\u017e byli p\u0159ed\u00e1ni na Zbraslavi, aby se vzdali, na\u010de\u017e se vr\u00e1tili s nimi do Prahy a p\u0159edali je Mezin\u00e1rodn\u00edmu \u010cerven\u00e9mu k\u0159\u00ed\u017ei.<\/p>\n<p>Drahom\u00edra Matu\u0161kov\u00e1, rozen\u00e1 Bro\u017eov\u00e1, kter\u00e1 byla zam\u011bstn\u00e1na jako kuchy\u0148sk\u00e1 s\u00edla ve \u0161kole na Pra\u017ea\u010dce, udala, \u017ee ve dnech revoluce, v sobotu dne 5. kv\u011btna, byli p\u0159ivedeni p\u0159\u00edslu\u0161n\u00edky SA do \u0161koly dva mlad\u00edci ve v\u011bku 19 a\u017e 20 rok\u016f, kte\u0159\u00ed byli na str\u00e1\u017enici t\u00fdr\u00e1ni a pak zast\u0159eleni. Dne 7. kv\u011btna byl zast\u0159elen \u0161koln\u00edk Curmon a t\u00fd\u017e den je\u0161t\u011b n\u011bkolik osob. K poledn\u00edmu vid\u011bla vch\u00e1zeti do \u0161koln\u00ed budovy brankou policistu, kter\u00fd m\u011bl b\u00edl\u00fd prapor. Kdy\u017e ud\u011blal t\u0159i kroky od branky, byl str\u00e1\u017e\u00ed zezadu z\u00e1ke\u0159n\u011b zast\u0159elen. Byl to policejn\u00ed str\u00e1\u017emistr V\u00e1clav Be\u010dv\u00e1\u0159, bytem ve\u00a0 Vr\u0161ovic\u00edch \u010dp. 454.<\/p>\n<p>V noci ze dne 5. na 6. kv\u011btna asi ve 23 hod. 30 min. vid\u011bla sv\u011bdkyn\u011b n\u00e1kladn\u00ed auto, na kter\u00e9m byly nalo\u017eeny mrtvoly. Podle v\u00fdpov\u011bdi p\u0159\u00edslu\u0161n\u00edk\u016f SA byly mrtvoly odvezeny na libe\u0148sk\u00fd most, kde byly shozeny do Vltavy. Bylo jich 15 a\u017e 17. Potud zpr\u00e1va policejn\u00edho \u0159editelstv\u00ed v Praze.<\/p>\n<p><em>Z knihy <strong>&#8222;\u0160est let okupace Praha&#8220;<\/strong> -publikaci redigoval V\u00e1clav Buben, I. vyd\u00e1n\u00ed v \u010dervenci 1946 vydal osv\u011btov\u00fd odbor hlavn\u00edho m\u011bsta Prahy, n\u00e1kladem Orbisu v po\u010dtu 3300 v\u00fdtisk\u016f. Bro\u017eurka obsahuje v\u00fd\u0148atky z textu. Drastick\u00e9 podrobnosti mu\u010den\u00ed neuv\u00e1d\u00edme&#8230;<\/em><\/p>\n<p><img decoding=\"async\" loading=\"lazy\" class=\"alignnone size-full wp-image-71983\" src=\"http:\/\/www.infokuryr.cz\/n\/wp-content\/uploads\/2025\/02\/aaa.jpg\" alt=\"\" width=\"89\" height=\"23\" \/><\/p>\n<p align=\"center\">\n","protected":false},"excerpt":{"rendered":"<p>&#8230; fa\u0161istick\u00e1 vl\u00e1da Petra Fialy, kter\u00e1 je pln\u011b zodpov\u011bdn\u00e1 za str\u017een\u00ed sochy osvoboditele &#8222;Rudoarm\u011bjce&#8220;\u00a0 v&#8230;<\/p>\n","protected":false},"author":2,"featured_media":78341,"comment_status":"closed","ping_status":"closed","sticky":false,"template":"","format":"standard","meta":[],"categories":[6],"tags":[398,429,111,40],"_links":{"self":[{"href":"https:\/\/www.infokuryr.cz\/n\/wp-json\/wp\/v2\/posts\/78340"}],"collection":[{"href":"https:\/\/www.infokuryr.cz\/n\/wp-json\/wp\/v2\/posts"}],"about":[{"href":"https:\/\/www.infokuryr.cz\/n\/wp-json\/wp\/v2\/types\/post"}],"author":[{"embeddable":true,"href":"https:\/\/www.infokuryr.cz\/n\/wp-json\/wp\/v2\/users\/2"}],"replies":[{"embeddable":true,"href":"https:\/\/www.infokuryr.cz\/n\/wp-json\/wp\/v2\/comments?post=78340"}],"version-history":[{"count":1,"href":"https:\/\/www.infokuryr.cz\/n\/wp-json\/wp\/v2\/posts\/78340\/revisions"}],"predecessor-version":[{"id":78342,"href":"https:\/\/www.infokuryr.cz\/n\/wp-json\/wp\/v2\/posts\/78340\/revisions\/78342"}],"wp:featuredmedia":[{"embeddable":true,"href":"https:\/\/www.infokuryr.cz\/n\/wp-json\/wp\/v2\/media\/78341"}],"wp:attachment":[{"href":"https:\/\/www.infokuryr.cz\/n\/wp-json\/wp\/v2\/media?parent=78340"}],"wp:term":[{"taxonomy":"category","embeddable":true,"href":"https:\/\/www.infokuryr.cz\/n\/wp-json\/wp\/v2\/categories?post=78340"},{"taxonomy":"post_tag","embeddable":true,"href":"https:\/\/www.infokuryr.cz\/n\/wp-json\/wp\/v2\/tags?post=78340"}],"curies":[{"name":"wp","href":"https:\/\/api.w.org\/{rel}","templated":true}]}}